{"id":59502,"date":"2022-02-07T13:00:26","date_gmt":"2022-02-07T13:00:26","guid":{"rendered":"https:\/\/jorgezanoni.com.br\/2019\/?p=59502"},"modified":"2022-02-07T13:00:26","modified_gmt":"2022-02-07T13:00:26","slug":"caminhao-carregado-de-desinfetantes-tomba-em-vicinal","status":"publish","type":"post","link":"https:\/\/jorgezanoni.com.br\/2019\/caminhao-carregado-de-desinfetantes-tomba-em-vicinal\/","title":{"rendered":"Caminh\u00e3o carregado de desinfetantes tomba em vicinal"},"content":{"rendered":"<p style=\"text-align: justify;\">Um caminh\u00e3o de uma transportadora carregado de desinfetantes, tombou na vicinal que liga os munic\u00edpios de Iacri e Rin\u00f3polis neste domingo (6).<\/p>\n<p style=\"text-align: justify;\">O acidente ocorreu por volta das 16h40 no local que \u00e9 popularmente conhecido como \u201ccurva das seringueiras\u201d em Iacri.<\/p>\n<p style=\"text-align: justify;\"><a class=\"single-image-gallery\" href=\"https:\/\/ifolharegional.com.br\/2022\/02\/07\/caminhao-carregado-de-desinfetantes-tomba-em-vicinal\/273513955_5290108454333250_5547080484055167601_n\/\" rel=\"attachment wp-att-50574\" data-carousel-extra=\"{&quot;blog_id&quot;:1}\"><img loading=\"lazy\" decoding=\"async\" class=\"wp-image-50574 aligncenter\" src=\"https:\/\/i0.wp.com\/ifolharegional.com.br\/wp-content\/uploads\/2022\/02\/273513955_5290108454333250_5547080484055167601_n.jpg?resize=524%2C303&amp;ssl=1\" sizes=\"auto, (max-width: 524px) 100vw, 524px\" srcset=\"https:\/\/i0.wp.com\/ifolharegional.com.br\/wp-content\/uploads\/2022\/02\/273513955_5290108454333250_5547080484055167601_n.jpg?w=960&amp;ssl=1 960w, https:\/\/i0.wp.com\/ifolharegional.com.br\/wp-content\/uploads\/2022\/02\/273513955_5290108454333250_5547080484055167601_n.jpg?resize=300%2C173&amp;ssl=1 300w, https:\/\/i0.wp.com\/ifolharegional.com.br\/wp-content\/uploads\/2022\/02\/273513955_5290108454333250_5547080484055167601_n.jpg?resize=768%2C444&amp;ssl=1 768w\" alt=\"\" width=\"524\" height=\"303\" data-attachment-id=\"50574\" data-permalink=\"https:\/\/ifolharegional.com.br\/2022\/02\/07\/caminhao-carregado-de-desinfetantes-tomba-em-vicinal\/273513955_5290108454333250_5547080484055167601_n\/\" data-orig-file=\"https:\/\/i0.wp.com\/ifolharegional.com.br\/wp-content\/uploads\/2022\/02\/273513955_5290108454333250_5547080484055167601_n.jpg?fit=960%2C555&amp;ssl=1\" data-orig-size=\"960,555\" data-comments-opened=\"0\" data-image-meta=\"{&quot;aperture&quot;:&quot;0&quot;,&quot;credit&quot;:&quot;&quot;,&quot;camera&quot;:&quot;&quot;,&quot;caption&quot;:&quot;&quot;,&quot;created_timestamp&quot;:&quot;0&quot;,&quot;copyright&quot;:&quot;&quot;,&quot;focal_length&quot;:&quot;0&quot;,&quot;iso&quot;:&quot;0&quot;,&quot;shutter_speed&quot;:&quot;0&quot;,&quot;title&quot;:&quot;&quot;,&quot;orientation&quot;:&quot;0&quot;}\" data-image-title=\"273513955_5290108454333250_5547080484055167601_n\" data-image-description=\"\" data-image-caption=\"\" data-medium-file=\"https:\/\/i0.wp.com\/ifolharegional.com.br\/wp-content\/uploads\/2022\/02\/273513955_5290108454333250_5547080484055167601_n.jpg?fit=300%2C173&amp;ssl=1\" data-large-file=\"https:\/\/i0.wp.com\/ifolharegional.com.br\/wp-content\/uploads\/2022\/02\/273513955_5290108454333250_5547080484055167601_n.jpg?fit=740%2C428&amp;ssl=1\" data-recalc-dims=\"1\" \/><\/a><br \/>\nO motorista teve ferimentos leves e o caminh\u00e3o s\u00f3 foi removido por volta das 19h40, quando a pista foi liberada.<\/p>\n<p style=\"text-align: justify;\">A Pol\u00edcia Militar atuou neste acidente e registrou o boletim de ocorr\u00eancia. As causas do acidente ainda s\u00e3o desconhecidas e ser\u00e3o apuradas.<\/p>\n<p style=\"text-align: justify;\">Fonte: Folha Regional &#8211; Colaborou: Valdecir Luis de Sousa \/ Bastos<\/p>\n<p>&nbsp;<\/p>\n","protected":false},"excerpt":{"rendered":"<p>Um caminh\u00e3o de uma transportadora carregado de desinfetantes, tombou na vicinal que liga os munic\u00edpios de Iacri e Rin\u00f3polis neste domingo (6). O acidente ocorreu por volta das 16h40 no local que \u00e9 popularmente conhecido como \u201ccurva das seringueiras\u201d em Iacri. O motorista teve ferimentos leves e o caminh\u00e3o s\u00f3 foi removido por volta das [&hellip;]<\/p>\n","protected":false},"author":1,"featured_media":59503,"comment_status":"closed","ping_status":"open","sticky":false,"template":"","format":"standard","meta":{"footnotes":""},"categories":[170,110],"tags":[],"class_list":["post-59502","post","type-post","status-publish","format-standard","has-post-thumbnail","hentry","category-acidentes","category-noticiasdestaque"],"_links":{"self":[{"href":"https:\/\/jorgezanoni.com.br\/2019\/wp-json\/wp\/v2\/posts\/59502","targetHints":{"allow":["GET"]}}],"collection":[{"href":"https:\/\/jorgezanoni.com.br\/2019\/wp-json\/wp\/v2\/posts"}],"about":[{"href":"https:\/\/jorgezanoni.com.br\/2019\/wp-json\/wp\/v2\/types\/post"}],"author":[{"embeddable":true,"href":"https:\/\/jorgezanoni.com.br\/2019\/wp-json\/wp\/v2\/users\/1"}],"replies":[{"embeddable":true,"href":"https:\/\/jorgezanoni.com.br\/2019\/wp-json\/wp\/v2\/comments?post=59502"}],"version-history":[{"count":0,"href":"https:\/\/jorgezanoni.com.br\/2019\/wp-json\/wp\/v2\/posts\/59502\/revisions"}],"wp:featuredmedia":[{"embeddable":true,"href":"https:\/\/jorgezanoni.com.br\/2019\/wp-json\/wp\/v2\/media\/59503"}],"wp:attachment":[{"href":"https:\/\/jorgezanoni.com.br\/2019\/wp-json\/wp\/v2\/media?parent=59502"}],"wp:term":[{"taxonomy":"category","embeddable":true,"href":"https:\/\/jorgezanoni.com.br\/2019\/wp-json\/wp\/v2\/categories?post=59502"},{"taxonomy":"post_tag","embeddable":true,"href":"https:\/\/jorgezanoni.com.br\/2019\/wp-json\/wp\/v2\/tags?post=59502"}],"curies":[{"name":"wp","href":"https:\/\/api.w.org\/{rel}","templated":true}]}}