{"id":5949,"date":"2019-09-12T01:54:05","date_gmt":"2019-09-12T01:54:05","guid":{"rendered":"https:\/\/jorgezanoni.com.br\/2019\/?p=5949"},"modified":"2019-09-12T01:54:05","modified_gmt":"2019-09-12T01:54:05","slug":"alunos-de-enfermagem-da-unifadra-criam-a-liga-academica-de-urgencia-e-emergencia","status":"publish","type":"post","link":"https:\/\/jorgezanoni.com.br\/2019\/alunos-de-enfermagem-da-unifadra-criam-a-liga-academica-de-urgencia-e-emergencia\/","title":{"rendered":"Alunos de Enfermagem da Unifadra criam a Liga Acad\u00eamica de Urg\u00eancia e Emerg\u00eancia"},"content":{"rendered":"<p style=\"font-weight: 400; text-align: justify;\">Os alunos do 4\u00ba termo do curso de Enfermagem da Faculdade Unifadra\/Fundec de Dracena criaram a Liga Acad\u00eamica de Urg\u00eancia e Emerg\u00eancia (LAUE) no \u00faltimo dia 4 de setembro. A aula inaugural foi realizada no Audit\u00f3rio da Fundec e contou com a presen\u00e7a da enfermeira convidada Regiane Palomo.<\/p>\n<p style=\"font-weight: 400; text-align: justify;\">A Profa. Ma. Eunice Nelli, docente da Unifadra e convidada para compor a liga, destacou que a cria\u00e7\u00e3o da LAUE engrandecer\u00e1 a gradua\u00e7\u00e3o e contribuir\u00e1 para a forma\u00e7\u00e3o de todos os alunos, oferecendo a real viv\u00eancia e discuss\u00e3o cient\u00edfica da assist\u00eancia de enfermagem no campo da urg\u00eancia e emerg\u00eancia. \u201cEntendemos que existe a necessidade de vivenci\u00e1-la de maneira mais efetiva em suas qualidades e dificuldades\u201d, acrescentou Eunice Nelli.<\/p>\n<p style=\"font-weight: 400; text-align: justify;\">As ligas acad\u00eamicas surgiram no s\u00e9culo XX como uma estrat\u00e9gia extracurricular, com o objetivo de promover um aprofundamento te\u00f3rico-pr\u00e1tico das atividades aprendidas em sala de aula. Desse modo, uma liga acad\u00eamica \u00e9 uma associa\u00e7\u00e3o sem fins lucrativos, que busca complementar a forma\u00e7\u00e3o do aluno. Tem o objetivo de promover o senso cr\u00edtico do\u00a0acad\u00eamico e tamb\u00e9m o racioc\u00ednio cient\u00edfico, agregando valor ao seu conhecimento.<\/p>\n<p style=\"font-weight: 400; text-align: justify;\">A iniciativa da cria\u00e7\u00e3o da Liga Acad\u00eamica de Urg\u00eancia e Emerg\u00eancia nasceu dos pr\u00f3prios alunos da Unifadra ao perceberem a necessidade de vivenciar de maneira mais efetiva as a\u00e7\u00f5es de Enfermagem na urg\u00eancia e emerg\u00eancia que embasam o cuidado pautado no saber cient\u00edfico.<\/p>\n<p style=\"font-weight: 400; text-align: justify;\"><strong>Liga Acad\u00eamica de Urg\u00eancia e Emerg\u00eancia<\/strong><strong>\u00a0<\/strong><\/p>\n<p style=\"font-weight: 400; text-align: justify;\">Presidente: Renan Ruedel<\/p>\n<p style=\"font-weight: 400; text-align: justify;\">Vice Presidente: Emichael Franco<\/p>\n<p style=\"font-weight: 400; text-align: justify;\">Secret\u00e1ria: Bianca Rehem<\/p>\n<p style=\"font-weight: 400; text-align: justify;\">Tesoureira: Vit\u00f3ria Martins<\/p>\n<p style=\"font-weight: 400; text-align: justify;\">Diretora de Atividades Pr\u00e1ticas: Natalie Le\u00e3o<\/p>\n<p style=\"font-weight: 400; text-align: justify;\">Diretora Cient\u00edfica: Gabrielli Silveira<\/p>\n<p style=\"font-weight: 400; text-align: justify;\">Integrantes:<\/p>\n<p style=\"font-weight: 400; text-align: justify;\">Alex Gustavo<\/p>\n<p style=\"font-weight: 400; text-align: justify;\">Ana Carolina Caobianco<\/p>\n<p style=\"font-weight: 400; text-align: justify;\">Fabiana Belfort<\/p>\n<p style=\"font-weight: 400;\">Gabriela Santos<\/p>\n<p style=\"font-weight: 400;\">Natiele Marinho<\/p>\n<p style=\"font-weight: 400;\">Karen Codo<\/p>\n<p style=\"font-weight: 400;\">Stefani Santana<\/p>\n<p style=\"font-weight: 400;\">Vanilza Scarabelli<\/p>\n<p style=\"font-weight: 400;\">Carolina Colnago &#8211;\u00a0Assessora de Comunica\u00e7\u00e3o da Fundec &#8211; Jornalista<\/p>\n","protected":false},"excerpt":{"rendered":"<p>Os alunos do 4\u00ba termo do curso de Enfermagem da Faculdade Unifadra\/Fundec de Dracena criaram a Liga Acad\u00eamica de Urg\u00eancia e Emerg\u00eancia (LAUE) no \u00faltimo dia 4 de setembro. A aula inaugural foi realizada no Audit\u00f3rio da Fundec e contou com a presen\u00e7a da enfermeira convidada Regiane Palomo. A Profa. Ma. Eunice Nelli, docente da [&hellip;]<\/p>\n","protected":false},"author":1,"featured_media":5950,"comment_status":"closed","ping_status":"open","sticky":false,"template":"","format":"standard","meta":{"footnotes":""},"categories":[122],"tags":[],"class_list":["post-5949","post","type-post","status-publish","format-standard","has-post-thumbnail","hentry","category-saudeeducacaoeconcurso"],"_links":{"self":[{"href":"https:\/\/jorgezanoni.com.br\/2019\/wp-json\/wp\/v2\/posts\/5949","targetHints":{"allow":["GET"]}}],"collection":[{"href":"https:\/\/jorgezanoni.com.br\/2019\/wp-json\/wp\/v2\/posts"}],"about":[{"href":"https:\/\/jorgezanoni.com.br\/2019\/wp-json\/wp\/v2\/types\/post"}],"author":[{"embeddable":true,"href":"https:\/\/jorgezanoni.com.br\/2019\/wp-json\/wp\/v2\/users\/1"}],"replies":[{"embeddable":true,"href":"https:\/\/jorgezanoni.com.br\/2019\/wp-json\/wp\/v2\/comments?post=5949"}],"version-history":[{"count":0,"href":"https:\/\/jorgezanoni.com.br\/2019\/wp-json\/wp\/v2\/posts\/5949\/revisions"}],"wp:featuredmedia":[{"embeddable":true,"href":"https:\/\/jorgezanoni.com.br\/2019\/wp-json\/wp\/v2\/media\/5950"}],"wp:attachment":[{"href":"https:\/\/jorgezanoni.com.br\/2019\/wp-json\/wp\/v2\/media?parent=5949"}],"wp:term":[{"taxonomy":"category","embeddable":true,"href":"https:\/\/jorgezanoni.com.br\/2019\/wp-json\/wp\/v2\/categories?post=5949"},{"taxonomy":"post_tag","embeddable":true,"href":"https:\/\/jorgezanoni.com.br\/2019\/wp-json\/wp\/v2\/tags?post=5949"}],"curies":[{"name":"wp","href":"https:\/\/api.w.org\/{rel}","templated":true}]}}