{"id":5946,"date":"2019-09-12T01:46:45","date_gmt":"2019-09-12T01:46:45","guid":{"rendered":"https:\/\/jorgezanoni.com.br\/2019\/?p=5946"},"modified":"2019-09-12T01:46:45","modified_gmt":"2019-09-12T01:46:45","slug":"cep-ume-recebe-alunos-da-escola-isac-com-palestra-sobre-o-setembro-amarelo","status":"publish","type":"post","link":"https:\/\/jorgezanoni.com.br\/2019\/cep-ume-recebe-alunos-da-escola-isac-com-palestra-sobre-o-setembro-amarelo\/","title":{"rendered":"CEP\/UME recebe alunos da Escola Isac com palestra sobre o Setembro Amarelo"},"content":{"rendered":"<p style=\"font-weight: 400; text-align: justify;\">Uma tarde com novos conhecimentos para a escolha profissional e orienta\u00e7\u00f5es sobre a preven\u00e7\u00e3o do suic\u00edcio, assim foi a visita dos alunos do 9\u00ba ano e 1\u00ba ano do ensino m\u00e9dio da Escola Estadual Eng. Isac Pereira Garcez,\u00a0de Dracena,\u00a0\u00e0\u00a0escola CEP\/UME, da Fundec, no dia 10 de setembro. Os alunos conheceram a estrutura do CEP\/UME e puderam saber mais sobre a escolha de cursos t\u00e9cnicos profissionalizantes.<br \/>\nA psic\u00f3loga Profa. Esp. Daniela Ormeneze da Silva conversou com os alunos sobre o Setembro Amarelo e a preven\u00e7\u00e3o do suic\u00eddio. \u201cA preven\u00e7\u00e3o\u00a0\u00e9 essencial. Precisamos quebrar tabus, compartilhar informa\u00e7\u00f5es. Quando estamos em sofrimento precisamos conversar, dividir isso com um amigo, um profissional da sa\u00fade, com a fam\u00edlia. Precisamos buscar ajuda! E precisamos tamb\u00e9m saber identificar quando um amigo ou pessoa pr\u00f3xima tamb\u00e9m precisa dessa ajuda\u201d, comentou Daniele.<\/p>\n<p style=\"font-weight: 400; text-align: justify;\"><strong>Setembro Amarelo<\/strong><\/p>\n<p style=\"font-weight: 400; text-align: justify;\">O Setembro Amarelo \u00e9 uma campanha de conscientiza\u00e7\u00e3o sobre a preven\u00e7\u00e3o do suic\u00eddio. No Brasil, foi criado em 2015 pelo\u00a0<a href=\"http:\/\/www.cvv.org.br\/\">CVV (Centro de Valoriza\u00e7\u00e3o da Vida)<\/a>,\u00a0<a href=\"http:\/\/portal.cfm.org.br\/\">CFM (Conselho Federal de Medicina)\u00a0<\/a>e\u00a0<a href=\"https:\/\/www.abp.org.br\/\">ABP (Associa\u00e7\u00e3o Brasileira de Psiquiatria)<\/a>, com a proposta de associar\u00a0a\u00a0cor ao m\u00eas que marca o<strong>\u00a0Dia Mundial de Preven\u00e7\u00e3o do Suic\u00eddio\u00a0<\/strong>(10 de setembro). Nove em cada dez mortes por suic\u00eddio podem ser evitadas. O dado, da\u00a0<a href=\"https:\/\/www.paho.org\/bra\/index.php?option=com_content&amp;view=article&amp;id=5671:folha-informativa-suicidio&amp;Itemid=839\">Organiza\u00e7\u00e3o Mundial da Sa\u00fade (OMS), indica que a preven\u00e7\u00e3o \u00e9 fundamental para reverter essa situa\u00e7\u00e3o<\/a>, garantindo ajuda e aten\u00e7\u00e3o adequadas.<\/p>\n<p style=\"font-weight: 400; text-align: justify;\">A primeira medida preventiva \u00e9 a\u00a0<strong>educa\u00e7\u00e3o<\/strong>. \u00c9 preciso perder o medo de se falar sobre o assunto. O caminho \u00e9 quebrar tabus e compartilhar informa\u00e7\u00f5es. Esclarecer, conscientizar, estimular o di\u00e1logo e abrir espa\u00e7o para campanhas: tudo isso\u00a0contribui\u00a0para tirar o assunto da invisibilidade e, assim, mudar essa realidade.<\/p>\n<p style=\"font-weight: 400; text-align: justify;\">Carolina Colnago<\/p>\n<p style=\"font-weight: 400; text-align: justify;\">Assessora de Comunica\u00e7\u00e3o da Fundec &#8211; Jornalista<\/p>\n<p style=\"font-weight: 400; text-align: justify;\">Foto: Alunos da Escola Isac no CEP\/UME, da Fundec.<\/p>\n<p style=\"font-weight: 400;\">\n<p style=\"font-weight: 400;\">\n<p style=\"font-weight: 400;\">\n<p style=\"font-weight: 400;\">\n<p style=\"font-weight: 400;\">\n","protected":false},"excerpt":{"rendered":"<p>Uma tarde com novos conhecimentos para a escolha profissional e orienta\u00e7\u00f5es sobre a preven\u00e7\u00e3o do suic\u00edcio, assim foi a visita dos alunos do 9\u00ba ano e 1\u00ba ano do ensino m\u00e9dio da Escola Estadual Eng. Isac Pereira Garcez,\u00a0de Dracena,\u00a0\u00e0\u00a0escola CEP\/UME, da Fundec, no dia 10 de setembro. Os alunos conheceram a estrutura do CEP\/UME e [&hellip;]<\/p>\n","protected":false},"author":1,"featured_media":5947,"comment_status":"closed","ping_status":"open","sticky":false,"template":"","format":"standard","meta":{"footnotes":""},"categories":[122],"tags":[],"class_list":["post-5946","post","type-post","status-publish","format-standard","has-post-thumbnail","hentry","category-saudeeducacaoeconcurso"],"_links":{"self":[{"href":"https:\/\/jorgezanoni.com.br\/2019\/wp-json\/wp\/v2\/posts\/5946","targetHints":{"allow":["GET"]}}],"collection":[{"href":"https:\/\/jorgezanoni.com.br\/2019\/wp-json\/wp\/v2\/posts"}],"about":[{"href":"https:\/\/jorgezanoni.com.br\/2019\/wp-json\/wp\/v2\/types\/post"}],"author":[{"embeddable":true,"href":"https:\/\/jorgezanoni.com.br\/2019\/wp-json\/wp\/v2\/users\/1"}],"replies":[{"embeddable":true,"href":"https:\/\/jorgezanoni.com.br\/2019\/wp-json\/wp\/v2\/comments?post=5946"}],"version-history":[{"count":0,"href":"https:\/\/jorgezanoni.com.br\/2019\/wp-json\/wp\/v2\/posts\/5946\/revisions"}],"wp:featuredmedia":[{"embeddable":true,"href":"https:\/\/jorgezanoni.com.br\/2019\/wp-json\/wp\/v2\/media\/5947"}],"wp:attachment":[{"href":"https:\/\/jorgezanoni.com.br\/2019\/wp-json\/wp\/v2\/media?parent=5946"}],"wp:term":[{"taxonomy":"category","embeddable":true,"href":"https:\/\/jorgezanoni.com.br\/2019\/wp-json\/wp\/v2\/categories?post=5946"},{"taxonomy":"post_tag","embeddable":true,"href":"https:\/\/jorgezanoni.com.br\/2019\/wp-json\/wp\/v2\/tags?post=5946"}],"curies":[{"name":"wp","href":"https:\/\/api.w.org\/{rel}","templated":true}]}}