{"id":59457,"date":"2022-02-05T19:06:29","date_gmt":"2022-02-05T19:06:29","guid":{"rendered":"https:\/\/jorgezanoni.com.br\/2019\/?p=59457"},"modified":"2022-02-05T19:06:29","modified_gmt":"2022-02-05T19:06:29","slug":"chapa-fenix-vai-concorrer-na-eleicao-do-sindicato-dos-servidores-municipais","status":"publish","type":"post","link":"https:\/\/jorgezanoni.com.br\/2019\/chapa-fenix-vai-concorrer-na-eleicao-do-sindicato-dos-servidores-municipais\/","title":{"rendered":"Chapa F\u00eanix vai concorrer na elei\u00e7\u00e3o do Sindicato dos Servidores Municipais"},"content":{"rendered":"<p style=\"text-align: justify;\">Nesta sexta-feira, integrantes da chapa F\u00eanix protocolaram o seu pedido de registro para a elei\u00e7\u00e3o da diretoria do Sindicato dos Servidores Municipais, prevista para dia 4 de mar\u00e7o.<\/p>\n<p style=\"text-align: justify;\">A chapa \u00e9 liderada por Neusa Maria Matiolli, coordenadora de EMEI, como candidata a presidente. Ap\u00f3s v\u00e1rias reuni\u00f5es foi formado um grupo de trabalho visando a condu\u00e7\u00e3o do Sindicato no mandato de quatro anos, buscando a reorganiza\u00e7\u00e3o geral da entidade e a conquista de novos s\u00f3cios, com a luta por melhorias para a categoria do funcionalismo, aposentados e pensionistas, incluindo conv\u00eanios m\u00e9dicos, odontol\u00f3gicos e comerciais.<\/p>\n<p style=\"text-align: justify;\">Al\u00e9m de Neusa Matiolli, o grupo \u00e9 formado por Cl\u00e1udio Jos\u00e9 Pasqualeto, Nelson Gaiotti e Jurandir Racanelli (vice-presidentes), Luciana Batista dos Santos, Evandro Gon\u00e7alves e Eunice Faccin de Souza (secret\u00e1rios), Cec\u00edlia Racanelli Miyai, S\u00edlvia Tavares Vaz e Rui Barbosa (tesoureiros). As diretorias contam com Dirce Pernomian Silva, Ana L\u00facia Fuzer, Eli Camargo, Val\u00e9ria Andr\u00e9 da Costa, Paulo J\u00fanio Kozan, Isaura Gaiotti de Oliveira e Nilton Pena.<\/p>\n<p style=\"text-align: justify;\">Para o Conselho Fiscal s\u00e3o candidatos: Aline Soares, Rosemira Carvalho, Elaine Ramos, Edna de Melo, Maria Cristina de Freitas e Andressa Oliveira.<br \/>\nO Conselho de Representantes Sindicais \u00e9 formado por Maria Aparecida Kanezawa, Maria In\u00eas Sanches, Aparecida de Souza Alves, Maria Santos Garcia, Nat\u00e1lia Sueza e Aid\u00ea Xavier Tavares.<\/p>\n<p style=\"text-align: justify;\">Os suplentes da diretoria e conselhos: Marly Rigazzo, Neuza Mainente, Luzia Soares, Yak\u00f3 Nakamto, S\u00f4nia Fernandes, Arlete Bertolini, T\u00e2nia Teruel, Leila Santos, Zilda Santos, Maria Fruchi, Ariane Casagrande, Maria Natalina Gimenez, Alexandra Silva, Olinda Leite, Roseli Bolonhin, C\u00e9lia Racanelli Moraes e Sandra Mazali.<\/p>\n<p style=\"text-align: justify;\">Em breve, a chapa F\u00eanix apresentar\u00e1 suas propostas de trabalho e iniciar\u00e1 a campanha junto aos servidores municipais.<\/p>\n<p style=\"text-align: justify;\">Ass. Imprensa da Chapa F\u00eanix<\/p>\n","protected":false},"excerpt":{"rendered":"<p>Nesta sexta-feira, integrantes da chapa F\u00eanix protocolaram o seu pedido de registro para a elei\u00e7\u00e3o da diretoria do Sindicato dos Servidores Municipais, prevista para dia 4 de mar\u00e7o. A chapa \u00e9 liderada por Neusa Maria Matiolli, coordenadora de EMEI, como candidata a presidente. Ap\u00f3s v\u00e1rias reuni\u00f5es foi formado um grupo de trabalho visando a condu\u00e7\u00e3o [&hellip;]<\/p>\n","protected":false},"author":1,"featured_media":59458,"comment_status":"closed","ping_status":"open","sticky":false,"template":"","format":"standard","meta":{"footnotes":""},"categories":[179,184,110],"tags":[],"class_list":["post-59457","post","type-post","status-publish","format-standard","has-post-thumbnail","hentry","category-cidadeseregiao","category-dracena","category-noticiasdestaque"],"_links":{"self":[{"href":"https:\/\/jorgezanoni.com.br\/2019\/wp-json\/wp\/v2\/posts\/59457","targetHints":{"allow":["GET"]}}],"collection":[{"href":"https:\/\/jorgezanoni.com.br\/2019\/wp-json\/wp\/v2\/posts"}],"about":[{"href":"https:\/\/jorgezanoni.com.br\/2019\/wp-json\/wp\/v2\/types\/post"}],"author":[{"embeddable":true,"href":"https:\/\/jorgezanoni.com.br\/2019\/wp-json\/wp\/v2\/users\/1"}],"replies":[{"embeddable":true,"href":"https:\/\/jorgezanoni.com.br\/2019\/wp-json\/wp\/v2\/comments?post=59457"}],"version-history":[{"count":0,"href":"https:\/\/jorgezanoni.com.br\/2019\/wp-json\/wp\/v2\/posts\/59457\/revisions"}],"wp:featuredmedia":[{"embeddable":true,"href":"https:\/\/jorgezanoni.com.br\/2019\/wp-json\/wp\/v2\/media\/59458"}],"wp:attachment":[{"href":"https:\/\/jorgezanoni.com.br\/2019\/wp-json\/wp\/v2\/media?parent=59457"}],"wp:term":[{"taxonomy":"category","embeddable":true,"href":"https:\/\/jorgezanoni.com.br\/2019\/wp-json\/wp\/v2\/categories?post=59457"},{"taxonomy":"post_tag","embeddable":true,"href":"https:\/\/jorgezanoni.com.br\/2019\/wp-json\/wp\/v2\/tags?post=59457"}],"curies":[{"name":"wp","href":"https:\/\/api.w.org\/{rel}","templated":true}]}}