{"id":59445,"date":"2022-02-05T17:23:46","date_gmt":"2022-02-05T17:23:46","guid":{"rendered":"https:\/\/jorgezanoni.com.br\/2019\/?p=59445"},"modified":"2022-02-05T17:26:38","modified_gmt":"2022-02-05T17:26:38","slug":"morador-de-tupi-paulista-e-vitima-fatal-em-acidente-de-transito","status":"publish","type":"post","link":"https:\/\/jorgezanoni.com.br\/2019\/morador-de-tupi-paulista-e-vitima-fatal-em-acidente-de-transito\/","title":{"rendered":"Morador de Tupi Paulista \u00e9 v\u00edtima fatal em acidente de tr\u00e2nsito"},"content":{"rendered":"<div class=\"kvgmc6g5 cxmmr5t8 oygrvhab hcukyx3x c1et5uql ii04i59q\">\n<div dir=\"auto\" style=\"text-align: justify;\"><strong>De acordo com a Pol\u00edcia Militar, o acidente ocorreu na madrugada deste s\u00e1bado (5) por volta das 02h33min.<\/strong><\/div>\n<div dir=\"auto\" style=\"text-align: justify;\"><\/div>\n<div dir=\"auto\" style=\"text-align: justify;\">Policiais Militares em Tupi Paulista atenderam uma ocorr\u00eancia de acidente de tr\u00e2nsito com v\u00edtima fatal, sendo que condutor provavelmente caiu sozinho de sua Motocicleta Yamaha Fazer 250.<\/div>\n<div dir=\"auto\" style=\"text-align: justify;\"><\/div>\n<\/div>\n<div class=\"cxmmr5t8 oygrvhab hcukyx3x c1et5uql o9v6fnle ii04i59q\" style=\"text-align: justify;\">\n<div dir=\"auto\">Acionados via COPOM que havia uma v\u00edtima ca\u00edda ao solo na Av. Benedita Camargo, ao chegarem no local foi constatado que se tratava de um homem (40 anos) morador no Jardim Primavera em Tupi Paulista, imediatamente foi acionado a Unidade de Resgate do Corpo de Bombeiros.<\/div>\n<div dir=\"auto\"><\/div>\n<\/div>\n<div class=\"cxmmr5t8 oygrvhab hcukyx3x c1et5uql o9v6fnle ii04i59q\" style=\"text-align: justify;\">\n<div dir=\"auto\">A v\u00edtima foi socorrida ao Pronto Socorro da cidade, j\u00e1 chegando sem vida ao local.<\/div>\n<div dir=\"auto\"><\/div>\n<\/div>\n<div class=\"cxmmr5t8 oygrvhab hcukyx3x c1et5uql o9v6fnle ii04i59q\" style=\"text-align: justify;\">\n<div dir=\"auto\" style=\"text-align: justify;\">Foi acionada a per\u00edcia e os dados apresentados no Plant\u00e3o de Pol\u00edcia Judici\u00e1ria para as provid\u00eancias pertinentes.<\/div>\n<div dir=\"auto\" style=\"text-align: justify;\"><\/div>\n<div dir=\"auto\" style=\"text-align: justify;\">Foi apurado que o condutor que \u00e9 a v\u00edtima fatal, \u00e9 Wagner Rodrigues Marques.<\/div>\n<\/div>\n<div class=\"cxmmr5t8 oygrvhab hcukyx3x c1et5uql o9v6fnle ii04i59q\">\n<div dir=\"auto\" style=\"text-align: justify;\"><\/div>\n<div dir=\"auto\" style=\"text-align: justify;\"><img loading=\"lazy\" decoding=\"async\" class=\"alignnone size-full wp-image-59446\" src=\"https:\/\/jorgezanoni.com.br\/2019\/wp-content\/uploads\/2022\/02\/Wagner.jpg\" alt=\"\" width=\"1280\" height=\"1279\" srcset=\"https:\/\/jorgezanoni.com.br\/2019\/wp-content\/uploads\/2022\/02\/Wagner.jpg 1280w, https:\/\/jorgezanoni.com.br\/2019\/wp-content\/uploads\/2022\/02\/Wagner-300x300.jpg 300w, https:\/\/jorgezanoni.com.br\/2019\/wp-content\/uploads\/2022\/02\/Wagner-1024x1024.jpg 1024w, https:\/\/jorgezanoni.com.br\/2019\/wp-content\/uploads\/2022\/02\/Wagner-150x150.jpg 150w, https:\/\/jorgezanoni.com.br\/2019\/wp-content\/uploads\/2022\/02\/Wagner-768x767.jpg 768w, https:\/\/jorgezanoni.com.br\/2019\/wp-content\/uploads\/2022\/02\/Wagner-696x695.jpg 696w, https:\/\/jorgezanoni.com.br\/2019\/wp-content\/uploads\/2022\/02\/Wagner-1068x1067.jpg 1068w, https:\/\/jorgezanoni.com.br\/2019\/wp-content\/uploads\/2022\/02\/Wagner-420x420.jpg 420w\" sizes=\"auto, (max-width: 1280px) 100vw, 1280px\" \/><\/div>\n<\/div>\n<div dir=\"auto\">Fonte: Com. Social Pol\u00edcia Militar, Agora News e Vida Prev<\/div>\n","protected":false},"excerpt":{"rendered":"<p>De acordo com a Pol\u00edcia Militar, o acidente ocorreu na madrugada deste s\u00e1bado (5) por volta das 02h33min. Policiais Militares em Tupi Paulista atenderam uma ocorr\u00eancia de acidente de tr\u00e2nsito com v\u00edtima fatal, sendo que condutor provavelmente caiu sozinho de sua Motocicleta Yamaha Fazer 250. Acionados via COPOM que havia uma v\u00edtima ca\u00edda ao solo [&hellip;]<\/p>\n","protected":false},"author":1,"featured_media":59447,"comment_status":"closed","ping_status":"open","sticky":false,"template":"","format":"standard","meta":{"footnotes":""},"categories":[170,110],"tags":[],"class_list":["post-59445","post","type-post","status-publish","format-standard","has-post-thumbnail","hentry","category-acidentes","category-noticiasdestaque"],"_links":{"self":[{"href":"https:\/\/jorgezanoni.com.br\/2019\/wp-json\/wp\/v2\/posts\/59445","targetHints":{"allow":["GET"]}}],"collection":[{"href":"https:\/\/jorgezanoni.com.br\/2019\/wp-json\/wp\/v2\/posts"}],"about":[{"href":"https:\/\/jorgezanoni.com.br\/2019\/wp-json\/wp\/v2\/types\/post"}],"author":[{"embeddable":true,"href":"https:\/\/jorgezanoni.com.br\/2019\/wp-json\/wp\/v2\/users\/1"}],"replies":[{"embeddable":true,"href":"https:\/\/jorgezanoni.com.br\/2019\/wp-json\/wp\/v2\/comments?post=59445"}],"version-history":[{"count":0,"href":"https:\/\/jorgezanoni.com.br\/2019\/wp-json\/wp\/v2\/posts\/59445\/revisions"}],"wp:featuredmedia":[{"embeddable":true,"href":"https:\/\/jorgezanoni.com.br\/2019\/wp-json\/wp\/v2\/media\/59447"}],"wp:attachment":[{"href":"https:\/\/jorgezanoni.com.br\/2019\/wp-json\/wp\/v2\/media?parent=59445"}],"wp:term":[{"taxonomy":"category","embeddable":true,"href":"https:\/\/jorgezanoni.com.br\/2019\/wp-json\/wp\/v2\/categories?post=59445"},{"taxonomy":"post_tag","embeddable":true,"href":"https:\/\/jorgezanoni.com.br\/2019\/wp-json\/wp\/v2\/tags?post=59445"}],"curies":[{"name":"wp","href":"https:\/\/api.w.org\/{rel}","templated":true}]}}