{"id":59421,"date":"2022-02-04T15:48:13","date_gmt":"2022-02-04T15:48:13","guid":{"rendered":"https:\/\/jorgezanoni.com.br\/2019\/?p=59421"},"modified":"2022-02-04T15:48:13","modified_gmt":"2022-02-04T15:48:13","slug":"veiculo-e-arrastado-pela-correnteza-ao-tentar-atravessar-corrego-em-flora-rica","status":"publish","type":"post","link":"https:\/\/jorgezanoni.com.br\/2019\/veiculo-e-arrastado-pela-correnteza-ao-tentar-atravessar-corrego-em-flora-rica\/","title":{"rendered":"Ve\u00edculo \u00e9 arrastado pela correnteza ao tentar atravessar c\u00f3rrego em Flora Rica"},"content":{"rendered":"<p style=\"text-align: justify;\"><em><strong>Situa\u00e7\u00e3o ocorreu quando motorista tentava \u201ccortar caminho\u201d de pista interditada em Flora Rica.<\/strong><br \/>\n<\/em><br \/>\nUm motorista teve o ve\u00edculo levado pela forte correnteza ap\u00f3s tentar cortar caminho para acessar a pista interditada na Rodovia J\u00falio Budiski (SP-501) em Flora Rica.<\/p>\n<p style=\"text-align: justify;\">A situa\u00e7\u00e3o foi registrada nesta quinta-feira (3), no C\u00f3rrego Emboaba e causou um enorme susto ao condutor.<\/p>\n<p style=\"text-align: justify;\">O Fiat Fiorino precisou ser amarrado com cordas e preso em uma \u00e1rvore para n\u00e3o ser levado c\u00f3rrego abaixo. O trabalho contou com a ajuda de um vereador de Flora Rica, o popular \u201cJarr\u00e3o\u201d que enfrentou a correnteza e realizou o trabalho.<\/p>\n<p style=\"text-align: justify;\"><a class=\"single-image-gallery\" href=\"https:\/\/ifolharegional.com.br\/2022\/02\/04\/veiculo-e-arrastado-pela-correnteza-ao-tentar-atravessar-corrego\/interna\/\" rel=\"attachment wp-att-50478\" data-carousel-extra=\"{&quot;blog_id&quot;:1}\"><img loading=\"lazy\" decoding=\"async\" class=\"size-full wp-image-50478 aligncenter\" src=\"https:\/\/i0.wp.com\/ifolharegional.com.br\/wp-content\/uploads\/2022\/02\/interna.jpg?resize=550%2C380&amp;ssl=1\" sizes=\"auto, (max-width: 550px) 100vw, 550px\" srcset=\"https:\/\/i0.wp.com\/ifolharegional.com.br\/wp-content\/uploads\/2022\/02\/interna.jpg?w=550&amp;ssl=1 550w, https:\/\/i0.wp.com\/ifolharegional.com.br\/wp-content\/uploads\/2022\/02\/interna.jpg?resize=300%2C207&amp;ssl=1 300w\" alt=\"\" width=\"550\" height=\"380\" data-attachment-id=\"50478\" data-permalink=\"https:\/\/ifolharegional.com.br\/2022\/02\/04\/veiculo-e-arrastado-pela-correnteza-ao-tentar-atravessar-corrego\/interna\/\" data-orig-file=\"https:\/\/i0.wp.com\/ifolharegional.com.br\/wp-content\/uploads\/2022\/02\/interna.jpg?fit=550%2C380&amp;ssl=1\" data-orig-size=\"550,380\" data-comments-opened=\"0\" data-image-meta=\"{&quot;aperture&quot;:&quot;0&quot;,&quot;credit&quot;:&quot;&quot;,&quot;camera&quot;:&quot;&quot;,&quot;caption&quot;:&quot;&quot;,&quot;created_timestamp&quot;:&quot;0&quot;,&quot;copyright&quot;:&quot;&quot;,&quot;focal_length&quot;:&quot;0&quot;,&quot;iso&quot;:&quot;0&quot;,&quot;shutter_speed&quot;:&quot;0&quot;,&quot;title&quot;:&quot;&quot;,&quot;orientation&quot;:&quot;1&quot;}\" data-image-title=\"interna\" data-image-description=\"\" data-image-caption=\"\" data-medium-file=\"https:\/\/i0.wp.com\/ifolharegional.com.br\/wp-content\/uploads\/2022\/02\/interna.jpg?fit=300%2C207&amp;ssl=1\" data-large-file=\"https:\/\/i0.wp.com\/ifolharegional.com.br\/wp-content\/uploads\/2022\/02\/interna.jpg?fit=550%2C380&amp;ssl=1\" data-recalc-dims=\"1\" \/><\/a>Apesar do susto, o motorista n\u00e3o sofreu ferimentos e saiu ileso da \u00e1gua.<\/p>\n<p style=\"text-align: justify;\">A Pol\u00edcia Militar e Prefeitura tamb\u00e9m atuaram nesta ocorr\u00eancia e ressaltam o alerta para que os motoristas n\u00e3o tentem cruzar c\u00f3rregos, passar por estradas interditadas e outros pontos que ofere\u00e7am riscos.<\/p>\n<p style=\"text-align: justify;\">O acesso \u00e0 Flora Rica e regi\u00e3o afetada est\u00e1 sendo feito pelas rodovias da regi\u00e3o, entre elas a Assis Chateaubriand (SP-425 ), a Raposo Tavares (SP-270) por Presidente Prudente ou pela Rodovia Euclides de Oliveira Figueiredo (Sp-563) por Tupi Paulista \/ Ouro Verde.<\/p>\n<p style=\"text-align: justify;\">Fonte: Folha Regional<\/p>\n<p style=\"text-align: justify;\"><em>Colaborou Inaldo Nascimento \/ Flora Rica\u00a0<\/em><\/p>\n","protected":false},"excerpt":{"rendered":"<p>Situa\u00e7\u00e3o ocorreu quando motorista tentava \u201ccortar caminho\u201d de pista interditada em Flora Rica. Um motorista teve o ve\u00edculo levado pela forte correnteza ap\u00f3s tentar cortar caminho para acessar a pista interditada na Rodovia J\u00falio Budiski (SP-501) em Flora Rica. A situa\u00e7\u00e3o foi registrada nesta quinta-feira (3), no C\u00f3rrego Emboaba e causou um enorme susto ao [&hellip;]<\/p>\n","protected":false},"author":1,"featured_media":59422,"comment_status":"closed","ping_status":"open","sticky":false,"template":"","format":"standard","meta":{"footnotes":""},"categories":[179,193,110],"tags":[],"class_list":["post-59421","post","type-post","status-publish","format-standard","has-post-thumbnail","hentry","category-cidadeseregiao","category-florarica","category-noticiasdestaque"],"_links":{"self":[{"href":"https:\/\/jorgezanoni.com.br\/2019\/wp-json\/wp\/v2\/posts\/59421","targetHints":{"allow":["GET"]}}],"collection":[{"href":"https:\/\/jorgezanoni.com.br\/2019\/wp-json\/wp\/v2\/posts"}],"about":[{"href":"https:\/\/jorgezanoni.com.br\/2019\/wp-json\/wp\/v2\/types\/post"}],"author":[{"embeddable":true,"href":"https:\/\/jorgezanoni.com.br\/2019\/wp-json\/wp\/v2\/users\/1"}],"replies":[{"embeddable":true,"href":"https:\/\/jorgezanoni.com.br\/2019\/wp-json\/wp\/v2\/comments?post=59421"}],"version-history":[{"count":0,"href":"https:\/\/jorgezanoni.com.br\/2019\/wp-json\/wp\/v2\/posts\/59421\/revisions"}],"wp:featuredmedia":[{"embeddable":true,"href":"https:\/\/jorgezanoni.com.br\/2019\/wp-json\/wp\/v2\/media\/59422"}],"wp:attachment":[{"href":"https:\/\/jorgezanoni.com.br\/2019\/wp-json\/wp\/v2\/media?parent=59421"}],"wp:term":[{"taxonomy":"category","embeddable":true,"href":"https:\/\/jorgezanoni.com.br\/2019\/wp-json\/wp\/v2\/categories?post=59421"},{"taxonomy":"post_tag","embeddable":true,"href":"https:\/\/jorgezanoni.com.br\/2019\/wp-json\/wp\/v2\/tags?post=59421"}],"curies":[{"name":"wp","href":"https:\/\/api.w.org\/{rel}","templated":true}]}}