{"id":5938,"date":"2019-09-12T01:30:38","date_gmt":"2019-09-12T01:30:38","guid":{"rendered":"https:\/\/jorgezanoni.com.br\/2019\/?p=5938"},"modified":"2019-09-12T01:31:12","modified_gmt":"2019-09-12T01:31:12","slug":"unifadra-comemora-dia-do-psicologo-com-palestras","status":"publish","type":"post","link":"https:\/\/jorgezanoni.com.br\/2019\/unifadra-comemora-dia-do-psicologo-com-palestras\/","title":{"rendered":"Unifadra comemora Dia do Psic\u00f3logo com palestras"},"content":{"rendered":"<p style=\"font-weight: 400; text-align: justify;\">O Dia do Psic\u00f3logo, comemorado em 27 de agosto, reuniu egressos do curso de Psicologia da Faculdade Unifadra de Dracena para conversar sobre a inser\u00e7\u00e3o no mercado. Estiveram presentes os profissionais:<\/p>\n<p style=\"font-weight: 400; text-align: justify;\">Bruno Dias, Amauri Costa, Eduardo Antoniassi Oliveira, Paloma Fava F\u00e9lix, Renata Guerra, Fl\u00e1via Carvalho Lucas e Naara Marques.<\/p>\n<p style=\"font-weight: 400; text-align: justify;\">Eles atuam em diferentes \u00e1reas no mercado de trabalho: organizacional (empresas), escolar, administra\u00e7\u00e3o p\u00fablica, cl\u00ednica, doc\u00eancia, hospitalar, ONG, CAPS, NAFS. Os profissionais mostraram aos acad\u00eamicos um pouco da amplitude do mercado de trabalho para o psic\u00f3logo. A noite foi finalizada com o lan\u00e7amento e sess\u00e3o de aut\u00f3grafos do livro \u201cMem\u00f3rias de um mundo sem volta\u201d, de Eduardo Antoniassi Oliveira.<\/p>\n<p style=\"font-weight: 400; text-align: justify;\"><strong>Carolina Colnago<\/strong><\/p>\n<p style=\"font-weight: 400; text-align: justify;\">Assessora de Comunica\u00e7\u00e3o da Fundec &#8211; Jornalista<\/p>\n<p style=\"font-weight: 400; text-align: justify;\">Foto: Professores da Unifadra e palestrantes que participaram do evento.<\/p>\n<p style=\"font-weight: 400; text-align: justify;\">\n","protected":false},"excerpt":{"rendered":"<p>O Dia do Psic\u00f3logo, comemorado em 27 de agosto, reuniu egressos do curso de Psicologia da Faculdade Unifadra de Dracena para conversar sobre a inser\u00e7\u00e3o no mercado. Estiveram presentes os profissionais: Bruno Dias, Amauri Costa, Eduardo Antoniassi Oliveira, Paloma Fava F\u00e9lix, Renata Guerra, Fl\u00e1via Carvalho Lucas e Naara Marques. Eles atuam em diferentes \u00e1reas no [&hellip;]<\/p>\n","protected":false},"author":1,"featured_media":5939,"comment_status":"closed","ping_status":"open","sticky":false,"template":"","format":"standard","meta":{"footnotes":""},"categories":[122],"tags":[],"class_list":["post-5938","post","type-post","status-publish","format-standard","has-post-thumbnail","hentry","category-saudeeducacaoeconcurso"],"_links":{"self":[{"href":"https:\/\/jorgezanoni.com.br\/2019\/wp-json\/wp\/v2\/posts\/5938","targetHints":{"allow":["GET"]}}],"collection":[{"href":"https:\/\/jorgezanoni.com.br\/2019\/wp-json\/wp\/v2\/posts"}],"about":[{"href":"https:\/\/jorgezanoni.com.br\/2019\/wp-json\/wp\/v2\/types\/post"}],"author":[{"embeddable":true,"href":"https:\/\/jorgezanoni.com.br\/2019\/wp-json\/wp\/v2\/users\/1"}],"replies":[{"embeddable":true,"href":"https:\/\/jorgezanoni.com.br\/2019\/wp-json\/wp\/v2\/comments?post=5938"}],"version-history":[{"count":0,"href":"https:\/\/jorgezanoni.com.br\/2019\/wp-json\/wp\/v2\/posts\/5938\/revisions"}],"wp:featuredmedia":[{"embeddable":true,"href":"https:\/\/jorgezanoni.com.br\/2019\/wp-json\/wp\/v2\/media\/5939"}],"wp:attachment":[{"href":"https:\/\/jorgezanoni.com.br\/2019\/wp-json\/wp\/v2\/media?parent=5938"}],"wp:term":[{"taxonomy":"category","embeddable":true,"href":"https:\/\/jorgezanoni.com.br\/2019\/wp-json\/wp\/v2\/categories?post=5938"},{"taxonomy":"post_tag","embeddable":true,"href":"https:\/\/jorgezanoni.com.br\/2019\/wp-json\/wp\/v2\/tags?post=5938"}],"curies":[{"name":"wp","href":"https:\/\/api.w.org\/{rel}","templated":true}]}}