{"id":59364,"date":"2022-02-02T22:55:22","date_gmt":"2022-02-02T22:55:22","guid":{"rendered":"https:\/\/jorgezanoni.com.br\/2019\/?p=59364"},"modified":"2022-02-02T22:55:22","modified_gmt":"2022-02-02T22:55:22","slug":"prevencao-as-drogas-policia-civil-ministra-palestra-para-alunos-do-6o-ano-do-curso-de-medicina-em-dracena","status":"publish","type":"post","link":"https:\/\/jorgezanoni.com.br\/2019\/prevencao-as-drogas-policia-civil-ministra-palestra-para-alunos-do-6o-ano-do-curso-de-medicina-em-dracena\/","title":{"rendered":"Preven\u00e7\u00e3o \u00e0s Drogas: Pol\u00edcia Civil ministra Palestra para alunos do 6\u00ba ano do Curso de Medicina em Dracena"},"content":{"rendered":"<p style=\"text-align: justify;\">PREVEN\u00c7\u00c3O \u00c0S DROGAS: POL\u00cdCIA CIVIL MINISTRA PALESTRA PARA ALUNOS DO CURSO DE MEDICINA EM DRACENA.<\/p>\n<p style=\"text-align: justify;\">O tema do evento foi a preven\u00e7\u00e3o ao uso nocivo de drogas. A a\u00e7\u00e3o preventiva fez parte da Semana de Acolhimento ao Ingressante, da 6\u00aa turma do curso de medicina.<\/p>\n<p style=\"text-align: justify;\">A Pol\u00edcia Civil, por interm\u00e9dio da Delegacia Seccional de Pol\u00edcia de Dracena &#8211; Setor de Comunica\u00e7\u00e3o Social promoveu nesta quarta-feira (2), no Audit\u00f3rio \u201cProf. Geraldo Mariano Alves\u201d, da Unifadra, palestra sobre preven\u00e7\u00e3o ao uso nocivo de drogas para cerca de mais de 60 calouros do curso de medicina.<\/p>\n<p style=\"text-align: justify;\">A convite do diretor acad\u00eamico, Prof. Dr. Enio Garbelini, a palestra foi ministrada pelo Policial Civil Reginaldo Rosa, que discorreu sobre diversos t\u00f3picos relacionados as drogas, ao uso nocivo e suas consequenciais no \u00e2mbito pessoal, acad\u00eamico, profissional, familiar e f\u00edsico.<\/p>\n<p style=\"text-align: justify;\">O Policial ressaltou ainda sobre a import\u00e2ncia do papel da fam\u00edlia, vez que a depend\u00eancia qu\u00edmica \u00e9 considerada uma doen\u00e7a cr\u00f4nica, progressiva e que s\u00f3 piora com o passar do tempo, por\u00e9m \u00e9 trat\u00e1vel. Tornando desta forma o fator familiar, fundamental para detectar os primeiros sinais indicativos do abuso das drogas.<\/p>\n<p style=\"text-align: justify;\">No final do encontro, foi aberto espa\u00e7o para que os alunos e familiares pudessem sanar quaisquer d\u00favidas relacionadas ao que foi explanado. Para realiza\u00e7\u00e3o da palestra foram seguidos todos os protocolos de medidas sanit\u00e1rias contra o Covid-19, com distanciamento entre os participantes, uso de m\u00e1scaras e a disposi\u00e7\u00e3o recipiente com \u00e1lcool em gel.<\/p>\n<p><img loading=\"lazy\" decoding=\"async\" class=\"alignnone size-full wp-image-59365\" src=\"https:\/\/jorgezanoni.com.br\/2019\/wp-content\/uploads\/2022\/02\/medi.jpg\" alt=\"\" width=\"1280\" height=\"960\" srcset=\"https:\/\/jorgezanoni.com.br\/2019\/wp-content\/uploads\/2022\/02\/medi.jpg 1280w, https:\/\/jorgezanoni.com.br\/2019\/wp-content\/uploads\/2022\/02\/medi-300x225.jpg 300w, https:\/\/jorgezanoni.com.br\/2019\/wp-content\/uploads\/2022\/02\/medi-1024x768.jpg 1024w, https:\/\/jorgezanoni.com.br\/2019\/wp-content\/uploads\/2022\/02\/medi-768x576.jpg 768w, https:\/\/jorgezanoni.com.br\/2019\/wp-content\/uploads\/2022\/02\/medi-80x60.jpg 80w, https:\/\/jorgezanoni.com.br\/2019\/wp-content\/uploads\/2022\/02\/medi-265x198.jpg 265w, https:\/\/jorgezanoni.com.br\/2019\/wp-content\/uploads\/2022\/02\/medi-696x522.jpg 696w, https:\/\/jorgezanoni.com.br\/2019\/wp-content\/uploads\/2022\/02\/medi-1068x801.jpg 1068w, https:\/\/jorgezanoni.com.br\/2019\/wp-content\/uploads\/2022\/02\/medi-560x420.jpg 560w\" sizes=\"auto, (max-width: 1280px) 100vw, 1280px\" \/> <img loading=\"lazy\" decoding=\"async\" class=\"alignnone size-full wp-image-59366\" src=\"https:\/\/jorgezanoni.com.br\/2019\/wp-content\/uploads\/2022\/02\/medi1.jpg\" alt=\"\" width=\"1280\" height=\"960\" srcset=\"https:\/\/jorgezanoni.com.br\/2019\/wp-content\/uploads\/2022\/02\/medi1.jpg 1280w, https:\/\/jorgezanoni.com.br\/2019\/wp-content\/uploads\/2022\/02\/medi1-300x225.jpg 300w, https:\/\/jorgezanoni.com.br\/2019\/wp-content\/uploads\/2022\/02\/medi1-1024x768.jpg 1024w, https:\/\/jorgezanoni.com.br\/2019\/wp-content\/uploads\/2022\/02\/medi1-768x576.jpg 768w, https:\/\/jorgezanoni.com.br\/2019\/wp-content\/uploads\/2022\/02\/medi1-80x60.jpg 80w, https:\/\/jorgezanoni.com.br\/2019\/wp-content\/uploads\/2022\/02\/medi1-265x198.jpg 265w, https:\/\/jorgezanoni.com.br\/2019\/wp-content\/uploads\/2022\/02\/medi1-696x522.jpg 696w, https:\/\/jorgezanoni.com.br\/2019\/wp-content\/uploads\/2022\/02\/medi1-1068x801.jpg 1068w, https:\/\/jorgezanoni.com.br\/2019\/wp-content\/uploads\/2022\/02\/medi1-560x420.jpg 560w\" sizes=\"auto, (max-width: 1280px) 100vw, 1280px\" \/> <img loading=\"lazy\" decoding=\"async\" class=\"alignnone size-full wp-image-59367\" src=\"https:\/\/jorgezanoni.com.br\/2019\/wp-content\/uploads\/2022\/02\/medi2.jpg\" alt=\"\" width=\"1280\" height=\"960\" srcset=\"https:\/\/jorgezanoni.com.br\/2019\/wp-content\/uploads\/2022\/02\/medi2.jpg 1280w, https:\/\/jorgezanoni.com.br\/2019\/wp-content\/uploads\/2022\/02\/medi2-300x225.jpg 300w, https:\/\/jorgezanoni.com.br\/2019\/wp-content\/uploads\/2022\/02\/medi2-1024x768.jpg 1024w, https:\/\/jorgezanoni.com.br\/2019\/wp-content\/uploads\/2022\/02\/medi2-768x576.jpg 768w, https:\/\/jorgezanoni.com.br\/2019\/wp-content\/uploads\/2022\/02\/medi2-80x60.jpg 80w, https:\/\/jorgezanoni.com.br\/2019\/wp-content\/uploads\/2022\/02\/medi2-265x198.jpg 265w, https:\/\/jorgezanoni.com.br\/2019\/wp-content\/uploads\/2022\/02\/medi2-696x522.jpg 696w, https:\/\/jorgezanoni.com.br\/2019\/wp-content\/uploads\/2022\/02\/medi2-1068x801.jpg 1068w, https:\/\/jorgezanoni.com.br\/2019\/wp-content\/uploads\/2022\/02\/medi2-560x420.jpg 560w\" sizes=\"auto, (max-width: 1280px) 100vw, 1280px\" \/> <img loading=\"lazy\" decoding=\"async\" class=\"alignnone size-full wp-image-59369\" src=\"https:\/\/jorgezanoni.com.br\/2019\/wp-content\/uploads\/2022\/02\/medi4.jpg\" alt=\"\" width=\"960\" height=\"1280\" srcset=\"https:\/\/jorgezanoni.com.br\/2019\/wp-content\/uploads\/2022\/02\/medi4.jpg 960w, https:\/\/jorgezanoni.com.br\/2019\/wp-content\/uploads\/2022\/02\/medi4-225x300.jpg 225w, https:\/\/jorgezanoni.com.br\/2019\/wp-content\/uploads\/2022\/02\/medi4-768x1024.jpg 768w, https:\/\/jorgezanoni.com.br\/2019\/wp-content\/uploads\/2022\/02\/medi4-696x928.jpg 696w, https:\/\/jorgezanoni.com.br\/2019\/wp-content\/uploads\/2022\/02\/medi4-315x420.jpg 315w\" sizes=\"auto, (max-width: 960px) 100vw, 960px\" \/><\/p>\n<p style=\"text-align: justify;\">Fonte: Com Social Pol\u00edcia Civil<\/p>\n","protected":false},"excerpt":{"rendered":"<p>PREVEN\u00c7\u00c3O \u00c0S DROGAS: POL\u00cdCIA CIVIL MINISTRA PALESTRA PARA ALUNOS DO CURSO DE MEDICINA EM DRACENA. O tema do evento foi a preven\u00e7\u00e3o ao uso nocivo de drogas. A a\u00e7\u00e3o preventiva fez parte da Semana de Acolhimento ao Ingressante, da 6\u00aa turma do curso de medicina. A Pol\u00edcia Civil, por interm\u00e9dio da Delegacia Seccional de Pol\u00edcia [&hellip;]<\/p>\n","protected":false},"author":1,"featured_media":59368,"comment_status":"closed","ping_status":"open","sticky":false,"template":"","format":"standard","meta":{"footnotes":""},"categories":[110,2,122],"tags":[],"class_list":["post-59364","post","type-post","status-publish","format-standard","has-post-thumbnail","hentry","category-noticiasdestaque","category-policial","category-saudeeducacaoeconcurso"],"_links":{"self":[{"href":"https:\/\/jorgezanoni.com.br\/2019\/wp-json\/wp\/v2\/posts\/59364","targetHints":{"allow":["GET"]}}],"collection":[{"href":"https:\/\/jorgezanoni.com.br\/2019\/wp-json\/wp\/v2\/posts"}],"about":[{"href":"https:\/\/jorgezanoni.com.br\/2019\/wp-json\/wp\/v2\/types\/post"}],"author":[{"embeddable":true,"href":"https:\/\/jorgezanoni.com.br\/2019\/wp-json\/wp\/v2\/users\/1"}],"replies":[{"embeddable":true,"href":"https:\/\/jorgezanoni.com.br\/2019\/wp-json\/wp\/v2\/comments?post=59364"}],"version-history":[{"count":0,"href":"https:\/\/jorgezanoni.com.br\/2019\/wp-json\/wp\/v2\/posts\/59364\/revisions"}],"wp:featuredmedia":[{"embeddable":true,"href":"https:\/\/jorgezanoni.com.br\/2019\/wp-json\/wp\/v2\/media\/59368"}],"wp:attachment":[{"href":"https:\/\/jorgezanoni.com.br\/2019\/wp-json\/wp\/v2\/media?parent=59364"}],"wp:term":[{"taxonomy":"category","embeddable":true,"href":"https:\/\/jorgezanoni.com.br\/2019\/wp-json\/wp\/v2\/categories?post=59364"},{"taxonomy":"post_tag","embeddable":true,"href":"https:\/\/jorgezanoni.com.br\/2019\/wp-json\/wp\/v2\/tags?post=59364"}],"curies":[{"name":"wp","href":"https:\/\/api.w.org\/{rel}","templated":true}]}}