{"id":59361,"date":"2022-02-02T22:39:19","date_gmt":"2022-02-02T22:39:19","guid":{"rendered":"https:\/\/jorgezanoni.com.br\/2019\/?p=59361"},"modified":"2022-02-02T22:39:19","modified_gmt":"2022-02-02T22:39:19","slug":"policia-civil-prende-homem-acusado-de-receptacao-e-recupera-objeto-furtado-em-junqueiropolis","status":"publish","type":"post","link":"https:\/\/jorgezanoni.com.br\/2019\/policia-civil-prende-homem-acusado-de-receptacao-e-recupera-objeto-furtado-em-junqueiropolis\/","title":{"rendered":"Pol\u00edcia Civil prende homem acusado de recepta\u00e7\u00e3o e recupera objeto furtado em Junqueir\u00f3polis"},"content":{"rendered":"<p style=\"text-align: justify;\">POL\u00cdCIA CIVIL PRENDE HOMEM ACUSADO DE RECEPTA\u00c7\u00c3O E RECUPERA OBJETO FURTADO EM JUNQUEIR\u00d3POLIS<\/p>\n<p style=\"text-align: justify;\">\nA Pol\u00edcia Civil, por interm\u00e9dio da Delegacia de Pol\u00edcia de Junqueir\u00f3polis, prendeu nesta quarta-feira (2), um homem de 29 anos, morador no bairro Jardim Alvorada. Na casa do suspeito os policiais civis encontraram e apreenderam um aparelho de som que havia ocorr\u00eancia de furto.<br \/>\nPoliciais Civis, foram informados de que um homem mantinha em sua resid\u00eancia objetos de origem il\u00edcita. Localizaram a resid\u00eancia do acusado e depois dele franquear a entrada no im\u00f3vel, ainda apresentou o referido aparelho de som.<\/p>\n<p style=\"text-align: justify;\">O objeto foi reconhecido pela v\u00edtima, que confirmou ter sido subtra\u00eddo do interior da sua resid\u00eancia na dia anterior. Ainda, na Delegacia, a v\u00edtima reconheceu tamb\u00e9m uma choperia que j\u00e1 estava apreendida na unidade.<\/p>\n<p style=\"text-align: justify;\">O homem foi atuado em flagrante pelo crime de recepta\u00e7\u00e3o, ficando \u00e0 disposi\u00e7\u00e3o da Justi\u00e7a. O acusado j\u00e1 possu\u00eda antecedentes criminais pelo crime de furto e roubo.<\/p>\n<p style=\"text-align: justify;\">Fonte: Com. Social Pol\u00edcia Civil<\/p>\n","protected":false},"excerpt":{"rendered":"<p>POL\u00cdCIA CIVIL PRENDE HOMEM ACUSADO DE RECEPTA\u00c7\u00c3O E RECUPERA OBJETO FURTADO EM JUNQUEIR\u00d3POLIS A Pol\u00edcia Civil, por interm\u00e9dio da Delegacia de Pol\u00edcia de Junqueir\u00f3polis, prendeu nesta quarta-feira (2), um homem de 29 anos, morador no bairro Jardim Alvorada. Na casa do suspeito os policiais civis encontraram e apreenderam um aparelho de som que havia ocorr\u00eancia [&hellip;]<\/p>\n","protected":false},"author":1,"featured_media":59362,"comment_status":"closed","ping_status":"open","sticky":false,"template":"","format":"standard","meta":{"footnotes":""},"categories":[110,2],"tags":[],"class_list":["post-59361","post","type-post","status-publish","format-standard","has-post-thumbnail","hentry","category-noticiasdestaque","category-policial"],"_links":{"self":[{"href":"https:\/\/jorgezanoni.com.br\/2019\/wp-json\/wp\/v2\/posts\/59361","targetHints":{"allow":["GET"]}}],"collection":[{"href":"https:\/\/jorgezanoni.com.br\/2019\/wp-json\/wp\/v2\/posts"}],"about":[{"href":"https:\/\/jorgezanoni.com.br\/2019\/wp-json\/wp\/v2\/types\/post"}],"author":[{"embeddable":true,"href":"https:\/\/jorgezanoni.com.br\/2019\/wp-json\/wp\/v2\/users\/1"}],"replies":[{"embeddable":true,"href":"https:\/\/jorgezanoni.com.br\/2019\/wp-json\/wp\/v2\/comments?post=59361"}],"version-history":[{"count":0,"href":"https:\/\/jorgezanoni.com.br\/2019\/wp-json\/wp\/v2\/posts\/59361\/revisions"}],"wp:featuredmedia":[{"embeddable":true,"href":"https:\/\/jorgezanoni.com.br\/2019\/wp-json\/wp\/v2\/media\/59362"}],"wp:attachment":[{"href":"https:\/\/jorgezanoni.com.br\/2019\/wp-json\/wp\/v2\/media?parent=59361"}],"wp:term":[{"taxonomy":"category","embeddable":true,"href":"https:\/\/jorgezanoni.com.br\/2019\/wp-json\/wp\/v2\/categories?post=59361"},{"taxonomy":"post_tag","embeddable":true,"href":"https:\/\/jorgezanoni.com.br\/2019\/wp-json\/wp\/v2\/tags?post=59361"}],"curies":[{"name":"wp","href":"https:\/\/api.w.org\/{rel}","templated":true}]}}