{"id":59357,"date":"2022-02-02T22:27:19","date_gmt":"2022-02-02T22:27:19","guid":{"rendered":"https:\/\/jorgezanoni.com.br\/2019\/?p=59357"},"modified":"2022-02-02T22:27:19","modified_gmt":"2022-02-02T22:27:19","slug":"policia-civil-prende-homem-acusado-de-trafico-de-drogas-em-dracena","status":"publish","type":"post","link":"https:\/\/jorgezanoni.com.br\/2019\/policia-civil-prende-homem-acusado-de-trafico-de-drogas-em-dracena\/","title":{"rendered":"Pol\u00edcia Civil prende homem acusado de Tr\u00e1fico de Drogas em Dracena"},"content":{"rendered":"<p style=\"text-align: justify;\">POL\u00cdCIA CIVIL PRENDE HOMEM ACUSADO DE TR\u00c1FICO DE DROGAS EM DRACENA.<\/p>\n<p style=\"text-align: justify;\">A Pol\u00edcia Civil, por interm\u00e9dio das Unidades Especializadas (Delegacia de Investiga\u00e7\u00f5es Gerais &#8211; DIG e Delegacia de Investiga\u00e7\u00e3o Sobre Entorpecentes &#8211; DISE) prendeu nesta ter\u00e7a-feira (1), um homem de 50 anos, suspeito de armazenar e revender coca\u00edna e crack em sua resid\u00eancia, localizada no bairro Jardim Manoel, em Dracena.<\/p>\n<p style=\"text-align: justify;\">Na casa do investigado os policiais civis apreenderam uma por\u00e7\u00e3o de coca\u00edna prensada e uma pedra de crack, uma balan\u00e7a de precis\u00e3o, uma faca com resqu\u00edcio aparente de droga e ainda cerca de 150 reais em dinheiro. No local ainda havia diversos fragmentos de sacolas pl\u00e1sticas, comumente usadas para embalar por\u00e7\u00f5es de drogas.<\/p>\n<p style=\"text-align: justify;\">Agentes das Unidades Especializadas desenvolviam trabalho de campo que apurava o tr\u00e1fico de entorpecentes no local. Ao ser abordado o homem confessou que armazenava as drogas em sua casa para a revenda e que naquele momento, estava embalando coca\u00edna e pedra de crack, em por\u00e7\u00e3o de 1g cada e seria vendida por 50 reais. Tais declara\u00e7\u00f5es foram ratificadas no termo interrogat\u00f3rio do suspeito.<\/p>\n<p style=\"text-align: justify;\">O homem foi preso e as drogas apreendidas e encaminhadas \u00e0 per\u00edcia.<\/p>\n<p style=\"text-align: justify;\">Den\u00fancia<br \/>\nA popula\u00e7\u00e3o pode contribuir com informa\u00e7\u00f5es que auxiliem os trabalhos policiais na identifica\u00e7\u00e3o de pontos de tr\u00e1fico de drogas. As den\u00fancias podem ser feitas para o n\u00famero 181, o Disque Den\u00fancia, ou para o (18) 3821 3753 &#8211; Unidades Especializadas. O sigilo e o anonimato s\u00e3o garantidos.<\/p>\n<p style=\"text-align: justify;\">Fonte: Comunica\u00e7\u00e3o Social da Pol\u00edcia Civil<\/p>\n","protected":false},"excerpt":{"rendered":"<p>POL\u00cdCIA CIVIL PRENDE HOMEM ACUSADO DE TR\u00c1FICO DE DROGAS EM DRACENA. A Pol\u00edcia Civil, por interm\u00e9dio das Unidades Especializadas (Delegacia de Investiga\u00e7\u00f5es Gerais &#8211; DIG e Delegacia de Investiga\u00e7\u00e3o Sobre Entorpecentes &#8211; DISE) prendeu nesta ter\u00e7a-feira (1), um homem de 50 anos, suspeito de armazenar e revender coca\u00edna e crack em sua resid\u00eancia, localizada no [&hellip;]<\/p>\n","protected":false},"author":1,"featured_media":59358,"comment_status":"closed","ping_status":"open","sticky":false,"template":"","format":"standard","meta":{"footnotes":""},"categories":[110,2],"tags":[],"class_list":["post-59357","post","type-post","status-publish","format-standard","has-post-thumbnail","hentry","category-noticiasdestaque","category-policial"],"_links":{"self":[{"href":"https:\/\/jorgezanoni.com.br\/2019\/wp-json\/wp\/v2\/posts\/59357","targetHints":{"allow":["GET"]}}],"collection":[{"href":"https:\/\/jorgezanoni.com.br\/2019\/wp-json\/wp\/v2\/posts"}],"about":[{"href":"https:\/\/jorgezanoni.com.br\/2019\/wp-json\/wp\/v2\/types\/post"}],"author":[{"embeddable":true,"href":"https:\/\/jorgezanoni.com.br\/2019\/wp-json\/wp\/v2\/users\/1"}],"replies":[{"embeddable":true,"href":"https:\/\/jorgezanoni.com.br\/2019\/wp-json\/wp\/v2\/comments?post=59357"}],"version-history":[{"count":0,"href":"https:\/\/jorgezanoni.com.br\/2019\/wp-json\/wp\/v2\/posts\/59357\/revisions"}],"wp:featuredmedia":[{"embeddable":true,"href":"https:\/\/jorgezanoni.com.br\/2019\/wp-json\/wp\/v2\/media\/59358"}],"wp:attachment":[{"href":"https:\/\/jorgezanoni.com.br\/2019\/wp-json\/wp\/v2\/media?parent=59357"}],"wp:term":[{"taxonomy":"category","embeddable":true,"href":"https:\/\/jorgezanoni.com.br\/2019\/wp-json\/wp\/v2\/categories?post=59357"},{"taxonomy":"post_tag","embeddable":true,"href":"https:\/\/jorgezanoni.com.br\/2019\/wp-json\/wp\/v2\/tags?post=59357"}],"curies":[{"name":"wp","href":"https:\/\/api.w.org\/{rel}","templated":true}]}}