{"id":5935,"date":"2019-09-12T01:22:16","date_gmt":"2019-09-12T01:22:16","guid":{"rendered":"https:\/\/jorgezanoni.com.br\/2019\/?p=5935"},"modified":"2019-09-12T01:22:16","modified_gmt":"2019-09-12T01:22:16","slug":"coordenadora-de-medicina-da-unifadra-conclui-pos-doutorado","status":"publish","type":"post","link":"https:\/\/jorgezanoni.com.br\/2019\/coordenadora-de-medicina-da-unifadra-conclui-pos-doutorado\/","title":{"rendered":"Coordenadora de Medicina da Unifadra conclui P\u00f3s-Doutorado"},"content":{"rendered":"<p style=\"font-weight: 400; text-align: justify;\">A coordenadora do curso de Medicina da Faculdade Unifadra\/Fundec de Dracena, a m\u00e9dica Profa. Dra. Marilda Morgado de Abreu, concluiu nesta semana o seu P\u00f3s-Doutorado pelo Departamento de Cl\u00ednica M\u00e9dica da Faculdade de Medicina de Ribeir\u00e3o Preto, com a pesquisa &#8220;Identifica\u00e7\u00e3o de Mycobacterium leprae em amostras de adenoides e tonsilas palatinas de indiv\u00edduos de uma regi\u00e3o end\u00eamica para hansen\u00edase&#8221;.<br \/>\nO estudo foi feito em adenoides e tonsilas palatinas (am\u00eddalas) que foram extirpadas por indica\u00e7\u00e3o otorrinolaringol\u00f3gica, entre os anos de 2010 a 2016, no Hospital Regional de Presidente Prudente. Com a pesquisa, a docente demonstrou, de forma in\u00e9dita, que a bact\u00e9ria causadora da hansen\u00edase est\u00e1 presente nas adenoides e nas am\u00eddalas de pessoas saud\u00e1veis que vivem em regi\u00f5es end\u00eamicas em hansen\u00edase. \u201cIsso se deve provavelmente \u00e0 alta contagiosidade da doen\u00e7a. Mas \u00e9 poss\u00edvel que, na maioria das pessoas, a bact\u00e9ria seja destru\u00edda dentro destes \u00f3rg\u00e3os, pois eles s\u00e3o a primeira linha de defesa contra microorganismos inalados\u201d, explicou. A Dra. Marilda Morgado de Abreu foi orientada pela Profa. Dra. Ana Maria Ferreira Roselino.<br \/>\nA Fundec parabeniza a coordenadora pela conclus\u00e3o do p\u00f3s-doutorado e pela contribui\u00e7\u00e3o que faz \u00e0 educa\u00e7\u00e3o.<\/p>\n<p style=\"font-weight: 400; text-align: justify;\"><strong>Carolina Colnago<\/strong><\/p>\n<p style=\"font-weight: 400; text-align: justify;\">Assessora de Comunica\u00e7\u00e3o da Fundec &#8211; Jornalista<\/p>\n<p style=\"font-weight: 400; text-align: justify;\">Foto: Profa. Dra. Marilda Morgado de Abreu.<\/p>\n<p style=\"font-weight: 400; text-align: justify;\">\n<p style=\"font-weight: 400; text-align: justify;\">\n","protected":false},"excerpt":{"rendered":"<p>A coordenadora do curso de Medicina da Faculdade Unifadra\/Fundec de Dracena, a m\u00e9dica Profa. Dra. Marilda Morgado de Abreu, concluiu nesta semana o seu P\u00f3s-Doutorado pelo Departamento de Cl\u00ednica M\u00e9dica da Faculdade de Medicina de Ribeir\u00e3o Preto, com a pesquisa &#8220;Identifica\u00e7\u00e3o de Mycobacterium leprae em amostras de adenoides e tonsilas palatinas de indiv\u00edduos de uma [&hellip;]<\/p>\n","protected":false},"author":1,"featured_media":5936,"comment_status":"closed","ping_status":"open","sticky":false,"template":"","format":"standard","meta":{"footnotes":""},"categories":[110,122],"tags":[],"class_list":["post-5935","post","type-post","status-publish","format-standard","has-post-thumbnail","hentry","category-noticiasdestaque","category-saudeeducacaoeconcurso"],"_links":{"self":[{"href":"https:\/\/jorgezanoni.com.br\/2019\/wp-json\/wp\/v2\/posts\/5935","targetHints":{"allow":["GET"]}}],"collection":[{"href":"https:\/\/jorgezanoni.com.br\/2019\/wp-json\/wp\/v2\/posts"}],"about":[{"href":"https:\/\/jorgezanoni.com.br\/2019\/wp-json\/wp\/v2\/types\/post"}],"author":[{"embeddable":true,"href":"https:\/\/jorgezanoni.com.br\/2019\/wp-json\/wp\/v2\/users\/1"}],"replies":[{"embeddable":true,"href":"https:\/\/jorgezanoni.com.br\/2019\/wp-json\/wp\/v2\/comments?post=5935"}],"version-history":[{"count":0,"href":"https:\/\/jorgezanoni.com.br\/2019\/wp-json\/wp\/v2\/posts\/5935\/revisions"}],"wp:featuredmedia":[{"embeddable":true,"href":"https:\/\/jorgezanoni.com.br\/2019\/wp-json\/wp\/v2\/media\/5936"}],"wp:attachment":[{"href":"https:\/\/jorgezanoni.com.br\/2019\/wp-json\/wp\/v2\/media?parent=5935"}],"wp:term":[{"taxonomy":"category","embeddable":true,"href":"https:\/\/jorgezanoni.com.br\/2019\/wp-json\/wp\/v2\/categories?post=5935"},{"taxonomy":"post_tag","embeddable":true,"href":"https:\/\/jorgezanoni.com.br\/2019\/wp-json\/wp\/v2\/tags?post=5935"}],"curies":[{"name":"wp","href":"https:\/\/api.w.org\/{rel}","templated":true}]}}