{"id":59312,"date":"2022-02-01T23:56:23","date_gmt":"2022-02-01T23:56:23","guid":{"rendered":"https:\/\/jorgezanoni.com.br\/2019\/?p=59312"},"modified":"2022-02-01T23:56:23","modified_gmt":"2022-02-01T23:56:23","slug":"emdaep-vai-notificar-consumidores-com-contas-de-agua-atrasadas","status":"publish","type":"post","link":"https:\/\/jorgezanoni.com.br\/2019\/emdaep-vai-notificar-consumidores-com-contas-de-agua-atrasadas\/","title":{"rendered":"EMDAEP vai notificar consumidores com contas de \u00e1gua atrasadas"},"content":{"rendered":"<p style=\"text-align: justify;\">Depois de praticamente dois anos, a EMDAEP voltar\u00e1 a suspender o fornecimento de \u00e1gua dos im\u00f3veis de consumidores inadimplentes. Ao longo de fevereiro recome\u00e7ar\u00e1 a notifica\u00e7\u00e3o dos devedores por escrito, com prazo para regulariza\u00e7\u00e3o dos pagamentos.<\/p>\n<p style=\"text-align: justify;\">A EMDAEP depende da arrecada\u00e7\u00e3o mensal para manuten\u00e7\u00e3o de toda a sua estrutura que compreende os setores de \u00e1gua, esgoto e pavimenta\u00e7\u00e3o. Se diminuir a inadimpl\u00eancia haver\u00e1 a possibilidade de novos investimentos nos pr\u00f3prios servi\u00e7os.<\/p>\n<p style=\"text-align: justify;\">REAJUSTE DAS TARIFAS<\/p>\n<p style=\"text-align: justify;\">O Decreto Municipal n\u00ba 7.547 aprovou a Resolu\u00e7\u00e3o n\u00ba 8 da EMDAEP referente ao reajuste das tarifas de \u00e1gua e esgoto para 2022.<\/p>\n<p style=\"text-align: justify;\">A empresa municipal considerou a infla\u00e7\u00e3o do IPCA-IBGE de 2021 em 10,06% para realizar a reposi\u00e7\u00e3o inflacion\u00e1ria dos custos dos servi\u00e7os de \u00e1gua e coleta de esgoto sanit\u00e1rio e de outros servi\u00e7os prestados pela EMDAEP.<\/p>\n<p style=\"text-align: justify;\">A EMDAEP esclarece que a leitura dos hidr\u00f4metros est\u00e1 sendo realizada em fevereiro para lan\u00e7amento dos valores com reajuste para a conta a ser paga em mar\u00e7o.<br \/>\nPara quem consome at\u00e9 10 metros c\u00fabicos de \u00e1gua por m\u00eas (categoria residencial e p\u00fablica) o valor ser\u00e1 de R$ 36,78, incluindo 50% de cobran\u00e7a do esgoto.<br \/>\nA tarifa m\u00ednima comercial ser\u00e1 de R$ 55,99 e industrial R$ 66,81, tamb\u00e9m at\u00e9 10 metros c\u00fabicos de \u00e1gua por m\u00eas.<\/p>\n<p style=\"text-align: justify;\">A tabela completa foi publicada no Di\u00e1rio Oficial do Munic\u00edpio, edi\u00e7\u00e3o de 24 de janeiro.<\/p>\n<p style=\"text-align: justify;\">SERVI\u00c7O \u2013 A EMDAEP atende de segunda a sexta-feira das 8 \u00e0s 16 horas, sem intervalo para almo\u00e7o. O telefone \u00e9 o 3821-8383.<\/p>\n<p style=\"text-align: justify;\">Ass. Rela\u00e7\u00f5es P\u00fablicas da EMDAEP<\/p>\n","protected":false},"excerpt":{"rendered":"<p>Depois de praticamente dois anos, a EMDAEP voltar\u00e1 a suspender o fornecimento de \u00e1gua dos im\u00f3veis de consumidores inadimplentes. Ao longo de fevereiro recome\u00e7ar\u00e1 a notifica\u00e7\u00e3o dos devedores por escrito, com prazo para regulariza\u00e7\u00e3o dos pagamentos. A EMDAEP depende da arrecada\u00e7\u00e3o mensal para manuten\u00e7\u00e3o de toda a sua estrutura que compreende os setores de \u00e1gua, [&hellip;]<\/p>\n","protected":false},"author":1,"featured_media":59313,"comment_status":"closed","ping_status":"open","sticky":false,"template":"","format":"standard","meta":{"footnotes":""},"categories":[179,184,110],"tags":[],"class_list":["post-59312","post","type-post","status-publish","format-standard","has-post-thumbnail","hentry","category-cidadeseregiao","category-dracena","category-noticiasdestaque"],"_links":{"self":[{"href":"https:\/\/jorgezanoni.com.br\/2019\/wp-json\/wp\/v2\/posts\/59312","targetHints":{"allow":["GET"]}}],"collection":[{"href":"https:\/\/jorgezanoni.com.br\/2019\/wp-json\/wp\/v2\/posts"}],"about":[{"href":"https:\/\/jorgezanoni.com.br\/2019\/wp-json\/wp\/v2\/types\/post"}],"author":[{"embeddable":true,"href":"https:\/\/jorgezanoni.com.br\/2019\/wp-json\/wp\/v2\/users\/1"}],"replies":[{"embeddable":true,"href":"https:\/\/jorgezanoni.com.br\/2019\/wp-json\/wp\/v2\/comments?post=59312"}],"version-history":[{"count":0,"href":"https:\/\/jorgezanoni.com.br\/2019\/wp-json\/wp\/v2\/posts\/59312\/revisions"}],"wp:featuredmedia":[{"embeddable":true,"href":"https:\/\/jorgezanoni.com.br\/2019\/wp-json\/wp\/v2\/media\/59313"}],"wp:attachment":[{"href":"https:\/\/jorgezanoni.com.br\/2019\/wp-json\/wp\/v2\/media?parent=59312"}],"wp:term":[{"taxonomy":"category","embeddable":true,"href":"https:\/\/jorgezanoni.com.br\/2019\/wp-json\/wp\/v2\/categories?post=59312"},{"taxonomy":"post_tag","embeddable":true,"href":"https:\/\/jorgezanoni.com.br\/2019\/wp-json\/wp\/v2\/tags?post=59312"}],"curies":[{"name":"wp","href":"https:\/\/api.w.org\/{rel}","templated":true}]}}