{"id":59306,"date":"2022-02-01T22:14:34","date_gmt":"2022-02-01T22:14:34","guid":{"rendered":"https:\/\/jorgezanoni.com.br\/2019\/?p=59306"},"modified":"2022-02-01T22:14:34","modified_gmt":"2022-02-01T22:14:34","slug":"policia-civil-esclarece-furto-qualificado-na-cidade-de-junqueiropolis","status":"publish","type":"post","link":"https:\/\/jorgezanoni.com.br\/2019\/policia-civil-esclarece-furto-qualificado-na-cidade-de-junqueiropolis\/","title":{"rendered":"Pol\u00edcia Civil esclarece furto qualificado na cidade de Junqueir\u00f3polis"},"content":{"rendered":"<p style=\"text-align: justify;\"><strong>O crime de furto qualificado ocorreu dia 11 de julho em uma resid\u00eancia localizada no centro da cidade. Do im\u00f3vel foram subtra\u00eddos cerca de 30 mil reais.<\/strong><\/p>\n<p style=\"text-align: justify;\">A Pol\u00edcia Civil, por interm\u00e9dio da Delegacia de Pol\u00edcia de Junqueir\u00f3polis, elucidou um crime de furto qualificado praticado em um im\u00f3vel localizado na \u00e1rea central da cidade no ano passado. Na ocasi\u00e3o, um indiv\u00edduo at\u00e9 ent\u00e3o desconhecido, arrombou uma resid\u00eancia e de seu interior subtraiu grande quantidade de dinheiro.<\/p>\n<p style=\"text-align: justify;\">No curso dos trabalhos investigativos, os policiais civis, atrav\u00e9s das dilig\u00eancias de campo obtiveram informa\u00e7\u00f5es sobre o poss\u00edvel autor do crime e utilizando-se dos recursos de intelig\u00eancia policial, conseguiram apontar como autor, o homem de 39 anos, morador de Junqueir\u00f3polis.<\/p>\n<p style=\"text-align: justify;\">O investigado j\u00e1 est\u00e1 preso em decorr\u00eancia de outro crime e ser\u00e1 indiciado pela pr\u00e1tica deste delito de furto qualificado, cuja pena \u00e9 de 2 a 8 anos de reclus\u00e3o. O investigado possui antecedentes criminais pelos crimes de tr\u00e1fico de drogas, furto e roubo.<\/p>\n<p style=\"text-align: justify;\">Den\u00fancia<br \/>\nA popula\u00e7\u00e3o pode contribuir com informa\u00e7\u00f5es que auxiliem os trabalhos policiais. As den\u00fancias podem ser feitas para o n\u00famero 181, o Disque Den\u00fancia, ou para o (18) 3842 1714 &#8211; Delegacia de Pol\u00edcia de Junqueir\u00f3polis. O sigilo e o anonimato s\u00e3o garantidos.<\/p>\n<p style=\"text-align: justify;\">Fonte: Com. Social Pol\u00edcia Civil<\/p>\n","protected":false},"excerpt":{"rendered":"<p>O crime de furto qualificado ocorreu dia 11 de julho em uma resid\u00eancia localizada no centro da cidade. Do im\u00f3vel foram subtra\u00eddos cerca de 30 mil reais. A Pol\u00edcia Civil, por interm\u00e9dio da Delegacia de Pol\u00edcia de Junqueir\u00f3polis, elucidou um crime de furto qualificado praticado em um im\u00f3vel localizado na \u00e1rea central da cidade no [&hellip;]<\/p>\n","protected":false},"author":1,"featured_media":59307,"comment_status":"closed","ping_status":"open","sticky":false,"template":"","format":"standard","meta":{"footnotes":""},"categories":[110,2],"tags":[],"class_list":["post-59306","post","type-post","status-publish","format-standard","has-post-thumbnail","hentry","category-noticiasdestaque","category-policial"],"_links":{"self":[{"href":"https:\/\/jorgezanoni.com.br\/2019\/wp-json\/wp\/v2\/posts\/59306","targetHints":{"allow":["GET"]}}],"collection":[{"href":"https:\/\/jorgezanoni.com.br\/2019\/wp-json\/wp\/v2\/posts"}],"about":[{"href":"https:\/\/jorgezanoni.com.br\/2019\/wp-json\/wp\/v2\/types\/post"}],"author":[{"embeddable":true,"href":"https:\/\/jorgezanoni.com.br\/2019\/wp-json\/wp\/v2\/users\/1"}],"replies":[{"embeddable":true,"href":"https:\/\/jorgezanoni.com.br\/2019\/wp-json\/wp\/v2\/comments?post=59306"}],"version-history":[{"count":0,"href":"https:\/\/jorgezanoni.com.br\/2019\/wp-json\/wp\/v2\/posts\/59306\/revisions"}],"wp:featuredmedia":[{"embeddable":true,"href":"https:\/\/jorgezanoni.com.br\/2019\/wp-json\/wp\/v2\/media\/59307"}],"wp:attachment":[{"href":"https:\/\/jorgezanoni.com.br\/2019\/wp-json\/wp\/v2\/media?parent=59306"}],"wp:term":[{"taxonomy":"category","embeddable":true,"href":"https:\/\/jorgezanoni.com.br\/2019\/wp-json\/wp\/v2\/categories?post=59306"},{"taxonomy":"post_tag","embeddable":true,"href":"https:\/\/jorgezanoni.com.br\/2019\/wp-json\/wp\/v2\/tags?post=59306"}],"curies":[{"name":"wp","href":"https:\/\/api.w.org\/{rel}","templated":true}]}}