{"id":59302,"date":"2022-02-01T21:56:17","date_gmt":"2022-02-01T21:56:17","guid":{"rendered":"https:\/\/jorgezanoni.com.br\/2019\/?p=59302"},"modified":"2022-02-01T21:56:17","modified_gmt":"2022-02-01T21:56:17","slug":"delegacia-seccional-de-policia-de-dracena-esta-sob-novo-comando-a-partir-de-hoje","status":"publish","type":"post","link":"https:\/\/jorgezanoni.com.br\/2019\/delegacia-seccional-de-policia-de-dracena-esta-sob-novo-comando-a-partir-de-hoje\/","title":{"rendered":"Delegacia Seccional de Pol\u00edcia de Dracena est\u00e1 sob novo comando a partir de hoje"},"content":{"rendered":"<p style=\"text-align: justify;\">DELEGACIA SECCIONAL DE POL\u00cdCIA DE DRACENA SER\u00c1 COMANDADA POR NOVO DELEGADO.<\/p>\n<p style=\"text-align: justify;\">Alexandre Lu\u00eds Luengo Lopes, que at\u00e9 ent\u00e3o ocupava o cargo de Delegado Assistente da Delegacia Seccional de Pol\u00edcia de Dracena, e que tamb\u00e9m acumulava a titularidade da DISE-Delegacia de Pol\u00edcia de Investiga\u00e7\u00f5es Sobre Entorpecentes, assume o cargo de Delegado Seccional, passando a comandar a Pol\u00edcia Civil em Dracena. A publica\u00e7\u00e3o e nomea\u00e7\u00e3o foram divulgadas no Di\u00e1rio Oficial, do \u00faltimo dia 20 de janeiro.<\/p>\n<p style=\"text-align: justify;\">A partir desta ter\u00e7a-feira (1\/2), a Delegacia Seccional de Pol\u00edcia de Dracena ser\u00e1 comandada por um novo Delegado Seccional. O Dr. Alexandre Lu\u00eds Luengo Lopes, de 44 anos, at\u00e9 ent\u00e3o Delegado Assistente na Delegacia Seccional de Pol\u00edcia de Dracena, e que tamb\u00e9m acumulava o cargo de Delegado titular da Delegacia de Pol\u00edcia de Investiga\u00e7\u00f5es Sobre Entorpecentes &#8211; DISE desta cidade, assumiu o cargo de Delegado Seccional, tornando-se o respons\u00e1vel pelo comando da Pol\u00edcia Civil no \u00e2mbito da \u00e1rea circunscricional de Dracena. O junqueiropolense Alexandre Luengo ingressou na Pol\u00edcia Civil no de 2002, aos 23 anos de idade, ap\u00f3s ser aprovado no concurso p\u00fablico para o cargo.<\/p>\n<p style=\"text-align: justify;\">Ao assumir suas fun\u00e7\u00f5es foi designado para trabalhar na Delegacia Seccional de Pol\u00edcia de Diadema, onde atuou no Plant\u00e3o Central, Setor de Homic\u00eddios e 1.\u00ba Distrito Policial. No ano de 2006 foi, a pedido, transferido para a Delegacia de Pol\u00edcia de Panorama, permanecendo na referida unidade at\u00e9 o ano de 2010 quando, a pedido, foi removido para a Delegacia de Investiga\u00e7\u00f5es Sobre Entorpecentes &#8211; DISE, ocupando a assist\u00eancia e, posteriormente, a titularidade da unidade. Tamb\u00e9m exerceu neste per\u00edodo fun\u00e7\u00f5es no Grupo de Opera\u00e7\u00f5es Especiais &#8211; GOE, Centro de Intelig\u00eancia Policial &#8211; CIP e auxiliou diversas investiga\u00e7\u00f5es realizadas pela Delegacia de Investiga\u00e7\u00f5es Gerais &#8211; DIG.<\/p>\n<p style=\"text-align: justify;\">No ano de 2017 foi convidado pelo Dr. Nilton Santos Paschoal a assumir a assist\u00eancia da Delegacia Seccional de Pol\u00edcia de Dracena, onde labora at\u00e9 os dias atuais.<\/p>\n<p style=\"text-align: justify;\">A nomea\u00e7\u00e3o do novo seccional deu-se em decorr\u00eancia da prorroga\u00e7\u00e3o da licen\u00e7a para tratamento m\u00e9dico do Dr. Nilton Santos Pascoal. O comando da Delegacia Seccional de Pol\u00edcia de Dracena estava sendo exercido at\u00e9 ent\u00e3o pelo Dr. Mauro Shiguetoshi Chiyoda, titular da Delegacia Seccional de Pol\u00edcia de Presidente Venceslau.<\/p>\n<p>Fonte: Com. Social Pol\u00edcia Civil<\/p>\n","protected":false},"excerpt":{"rendered":"<p>DELEGACIA SECCIONAL DE POL\u00cdCIA DE DRACENA SER\u00c1 COMANDADA POR NOVO DELEGADO. Alexandre Lu\u00eds Luengo Lopes, que at\u00e9 ent\u00e3o ocupava o cargo de Delegado Assistente da Delegacia Seccional de Pol\u00edcia de Dracena, e que tamb\u00e9m acumulava a titularidade da DISE-Delegacia de Pol\u00edcia de Investiga\u00e7\u00f5es Sobre Entorpecentes, assume o cargo de Delegado Seccional, passando a comandar a [&hellip;]<\/p>\n","protected":false},"author":1,"featured_media":59304,"comment_status":"closed","ping_status":"open","sticky":false,"template":"","format":"standard","meta":{"footnotes":""},"categories":[110,2],"tags":[],"class_list":["post-59302","post","type-post","status-publish","format-standard","has-post-thumbnail","hentry","category-noticiasdestaque","category-policial"],"_links":{"self":[{"href":"https:\/\/jorgezanoni.com.br\/2019\/wp-json\/wp\/v2\/posts\/59302","targetHints":{"allow":["GET"]}}],"collection":[{"href":"https:\/\/jorgezanoni.com.br\/2019\/wp-json\/wp\/v2\/posts"}],"about":[{"href":"https:\/\/jorgezanoni.com.br\/2019\/wp-json\/wp\/v2\/types\/post"}],"author":[{"embeddable":true,"href":"https:\/\/jorgezanoni.com.br\/2019\/wp-json\/wp\/v2\/users\/1"}],"replies":[{"embeddable":true,"href":"https:\/\/jorgezanoni.com.br\/2019\/wp-json\/wp\/v2\/comments?post=59302"}],"version-history":[{"count":0,"href":"https:\/\/jorgezanoni.com.br\/2019\/wp-json\/wp\/v2\/posts\/59302\/revisions"}],"wp:featuredmedia":[{"embeddable":true,"href":"https:\/\/jorgezanoni.com.br\/2019\/wp-json\/wp\/v2\/media\/59304"}],"wp:attachment":[{"href":"https:\/\/jorgezanoni.com.br\/2019\/wp-json\/wp\/v2\/media?parent=59302"}],"wp:term":[{"taxonomy":"category","embeddable":true,"href":"https:\/\/jorgezanoni.com.br\/2019\/wp-json\/wp\/v2\/categories?post=59302"},{"taxonomy":"post_tag","embeddable":true,"href":"https:\/\/jorgezanoni.com.br\/2019\/wp-json\/wp\/v2\/tags?post=59302"}],"curies":[{"name":"wp","href":"https:\/\/api.w.org\/{rel}","templated":true}]}}