{"id":5929,"date":"2019-09-12T01:01:42","date_gmt":"2019-09-12T01:01:42","guid":{"rendered":"https:\/\/jorgezanoni.com.br\/2019\/?p=5929"},"modified":"2019-09-12T01:01:42","modified_gmt":"2019-09-12T01:01:42","slug":"santa-casa-de-dracena-recebe-emenda-parlamentar-para-aquisicao-de-equipamentos","status":"publish","type":"post","link":"https:\/\/jorgezanoni.com.br\/2019\/santa-casa-de-dracena-recebe-emenda-parlamentar-para-aquisicao-de-equipamentos\/","title":{"rendered":"Santa Casa de Dracena recebe emenda parlamentar para aquisi\u00e7\u00e3o de equipamentos"},"content":{"rendered":"<p style=\"text-align: justify;\"><strong>AQUISI\u00c7\u00c3O DE EQUIPAMENTOS EM RAZ\u00c3O DE <\/strong><strong>EMENDA PARLAMENTAR DE AUTORIA DO <\/strong><strong>DEPUTADO FEDERAL CELSO RUSSOMANNO.<\/strong><\/p>\n<p style=\"text-align: justify;\">Atrav\u00e9s de emenda de indica\u00e7\u00e3o do Deputado Federal CELSO RUSSOMANNO a SANTA CASA DE DRACENA recebeu em 09 de setembro de 2019 a quantia de R$ 244.821,07 (duzentos e quarenta e quatro mil, oitocentos e vinte e um reais e sete centavos) para aquisi\u00e7\u00e3o de novos equipamentos. Foi poss\u00edvel o acesso aos recursos financeiros gra\u00e7as ao empenho, dedica\u00e7\u00e3o, determina\u00e7\u00e3o e incans\u00e1vel trabalho do Deputado Federal CELSO RUSSOMANNO que tem procurado direcionar suas a\u00e7\u00f5es tamb\u00e9m em prol das Santas Casas, cujo segmento sempre enfrentou toda sorte de dificuldades e sabedor disto, o Deputado n\u00e3o tem medido esfor\u00e7os para auxiliar o setor. Com o valor ser\u00e1 poss\u00edvel adquirir: 02 aspiradores de secre\u00e7\u00e3o, 01 digitalizador de imagens radiogr\u00e1ficas, 02 serras\/perfurador \u00f3sseo e 01 coagul\u00f4metro. O PROVEDOR, senhor ALTAMIR ALVES DOS SANTOS em nome da<br \/>\nIRMANDADE, agradeceu pela conquista junto ao Deputado Federal CELSO RUSSOMANNO da libera\u00e7\u00e3o do recurso e; o ex prefeito ZEZINHO GARCIA pela interveni\u00eancia, dedica\u00e7\u00e3o e<br \/>\npersist\u00eancia da necessidade do recurso para SANTA CASA DE DRACENA, ressaltando que estas a\u00e7\u00f5es s\u00e3o essenciais para a manuten\u00e7\u00e3o de nossos servi\u00e7os, o que nos faz alcan\u00e7ar nosso maior objetivo, qual seja o de proporcionar a toda popula\u00e7\u00e3o um atendimento digno e humanizado.<\/p>\n<p style=\"text-align: justify;\">Fonte: Assessoria Santa Casa<\/p>\n","protected":false},"excerpt":{"rendered":"<p>AQUISI\u00c7\u00c3O DE EQUIPAMENTOS EM RAZ\u00c3O DE EMENDA PARLAMENTAR DE AUTORIA DO DEPUTADO FEDERAL CELSO RUSSOMANNO. Atrav\u00e9s de emenda de indica\u00e7\u00e3o do Deputado Federal CELSO RUSSOMANNO a SANTA CASA DE DRACENA recebeu em 09 de setembro de 2019 a quantia de R$ 244.821,07 (duzentos e quarenta e quatro mil, oitocentos e vinte e um reais e [&hellip;]<\/p>\n","protected":false},"author":1,"featured_media":5930,"comment_status":"closed","ping_status":"open","sticky":false,"template":"","format":"standard","meta":{"footnotes":""},"categories":[122],"tags":[],"class_list":["post-5929","post","type-post","status-publish","format-standard","has-post-thumbnail","hentry","category-saudeeducacaoeconcurso"],"_links":{"self":[{"href":"https:\/\/jorgezanoni.com.br\/2019\/wp-json\/wp\/v2\/posts\/5929","targetHints":{"allow":["GET"]}}],"collection":[{"href":"https:\/\/jorgezanoni.com.br\/2019\/wp-json\/wp\/v2\/posts"}],"about":[{"href":"https:\/\/jorgezanoni.com.br\/2019\/wp-json\/wp\/v2\/types\/post"}],"author":[{"embeddable":true,"href":"https:\/\/jorgezanoni.com.br\/2019\/wp-json\/wp\/v2\/users\/1"}],"replies":[{"embeddable":true,"href":"https:\/\/jorgezanoni.com.br\/2019\/wp-json\/wp\/v2\/comments?post=5929"}],"version-history":[{"count":0,"href":"https:\/\/jorgezanoni.com.br\/2019\/wp-json\/wp\/v2\/posts\/5929\/revisions"}],"wp:featuredmedia":[{"embeddable":true,"href":"https:\/\/jorgezanoni.com.br\/2019\/wp-json\/wp\/v2\/media\/5930"}],"wp:attachment":[{"href":"https:\/\/jorgezanoni.com.br\/2019\/wp-json\/wp\/v2\/media?parent=5929"}],"wp:term":[{"taxonomy":"category","embeddable":true,"href":"https:\/\/jorgezanoni.com.br\/2019\/wp-json\/wp\/v2\/categories?post=5929"},{"taxonomy":"post_tag","embeddable":true,"href":"https:\/\/jorgezanoni.com.br\/2019\/wp-json\/wp\/v2\/tags?post=5929"}],"curies":[{"name":"wp","href":"https:\/\/api.w.org\/{rel}","templated":true}]}}