{"id":59283,"date":"2022-01-31T23:42:07","date_gmt":"2022-01-31T23:42:07","guid":{"rendered":"https:\/\/jorgezanoni.com.br\/2019\/?p=59283"},"modified":"2022-01-31T23:42:46","modified_gmt":"2022-01-31T23:42:46","slug":"populacao-agradece-secretaria-apos-materia-veiculada-sobre-reclamacao-no-site-jz","status":"publish","type":"post","link":"https:\/\/jorgezanoni.com.br\/2019\/populacao-agradece-secretaria-apos-materia-veiculada-sobre-reclamacao-no-site-jz\/","title":{"rendered":"Popula\u00e7\u00e3o agradece secretaria ap\u00f3s mat\u00e9ria veiculada sobre reclama\u00e7\u00e3o no Site JZ ser atendida"},"content":{"rendered":"<p style=\"text-align: justify;\">Ap\u00f3s mat\u00e9ria veiculada ontem (30) no Site JZ com o t\u00edtulo RECLAMA\u00c7\u00c3O DA POPULA\u00c7\u00c3O: Fam\u00edlia com pessoa deficiente est\u00e1 isolada na Zona Rural, hoje (31), a reclamante agradece a Secretaria respons\u00e1vel.<\/p>\n<p style=\"text-align: justify;\">&#8220;Hoje j\u00e1 tive a ajuda necess\u00e1ria, para pode sair de casa.\u00a0Obrigada a diretora da agricultura M\u00e1rcia e ao secret\u00e1rio Marcos do lanche&#8230;muito obrigada!!! Os moradores da estrada do Zanatta 213 agradecem&#8221;.<\/p>\n<blockquote class=\"wp-embedded-content\" data-secret=\"Aexls7x5n9\"><p><a href=\"https:\/\/jorgezanoni.com.br\/2019\/2022\/01\/30\/reclamacao-da-populacao-familia-com-pessoa-deficiente-esta-isolada-na-zona-rural\/\">RECLAMA\u00c7\u00c3O DA POPULA\u00c7\u00c3O: Fam\u00edlia com pessoa deficiente est\u00e1 isolada na Zona Rural<\/a><\/p><\/blockquote>\n<p><iframe loading=\"lazy\" class=\"wp-embedded-content\" sandbox=\"allow-scripts\" security=\"restricted\" style=\"position: absolute; clip: rect(1px, 1px, 1px, 1px);\" title=\"&#8220;RECLAMA\u00c7\u00c3O DA POPULA\u00c7\u00c3O: Fam\u00edlia com pessoa deficiente est\u00e1 isolada na Zona Rural&#8221; &#8212; Jorge Zanoni\" src=\"https:\/\/jorgezanoni.com.br\/2019\/2022\/01\/30\/reclamacao-da-populacao-familia-com-pessoa-deficiente-esta-isolada-na-zona-rural\/embed\/#?secret=Aexls7x5n9\" data-secret=\"Aexls7x5n9\" width=\"600\" height=\"338\" frameborder=\"0\" marginwidth=\"0\" marginheight=\"0\" scrolling=\"no\"><\/iframe><\/p>\n<p>Jorge Zanoni<\/p>\n<p>&nbsp;<\/p>\n","protected":false},"excerpt":{"rendered":"<p>Ap\u00f3s mat\u00e9ria veiculada ontem (30) no Site JZ com o t\u00edtulo RECLAMA\u00c7\u00c3O DA POPULA\u00c7\u00c3O: Fam\u00edlia com pessoa deficiente est\u00e1 isolada na Zona Rural, hoje (31), a reclamante agradece a Secretaria respons\u00e1vel. &#8220;Hoje j\u00e1 tive a ajuda necess\u00e1ria, para pode sair de casa.\u00a0Obrigada a diretora da agricultura M\u00e1rcia e ao secret\u00e1rio Marcos do lanche&#8230;muito obrigada!!! Os [&hellip;]<\/p>\n","protected":false},"author":1,"featured_media":59284,"comment_status":"closed","ping_status":"open","sticky":false,"template":"","format":"standard","meta":{"footnotes":""},"categories":[179,184,180,110],"tags":[],"class_list":["post-59283","post","type-post","status-publish","format-standard","has-post-thumbnail","hentry","category-cidadeseregiao","category-dracena","category-estradastransitoveiculos","category-noticiasdestaque"],"_links":{"self":[{"href":"https:\/\/jorgezanoni.com.br\/2019\/wp-json\/wp\/v2\/posts\/59283","targetHints":{"allow":["GET"]}}],"collection":[{"href":"https:\/\/jorgezanoni.com.br\/2019\/wp-json\/wp\/v2\/posts"}],"about":[{"href":"https:\/\/jorgezanoni.com.br\/2019\/wp-json\/wp\/v2\/types\/post"}],"author":[{"embeddable":true,"href":"https:\/\/jorgezanoni.com.br\/2019\/wp-json\/wp\/v2\/users\/1"}],"replies":[{"embeddable":true,"href":"https:\/\/jorgezanoni.com.br\/2019\/wp-json\/wp\/v2\/comments?post=59283"}],"version-history":[{"count":0,"href":"https:\/\/jorgezanoni.com.br\/2019\/wp-json\/wp\/v2\/posts\/59283\/revisions"}],"wp:featuredmedia":[{"embeddable":true,"href":"https:\/\/jorgezanoni.com.br\/2019\/wp-json\/wp\/v2\/media\/59284"}],"wp:attachment":[{"href":"https:\/\/jorgezanoni.com.br\/2019\/wp-json\/wp\/v2\/media?parent=59283"}],"wp:term":[{"taxonomy":"category","embeddable":true,"href":"https:\/\/jorgezanoni.com.br\/2019\/wp-json\/wp\/v2\/categories?post=59283"},{"taxonomy":"post_tag","embeddable":true,"href":"https:\/\/jorgezanoni.com.br\/2019\/wp-json\/wp\/v2\/tags?post=59283"}],"curies":[{"name":"wp","href":"https:\/\/api.w.org\/{rel}","templated":true}]}}