{"id":59275,"date":"2022-01-31T22:22:41","date_gmt":"2022-01-31T22:22:41","guid":{"rendered":"https:\/\/jorgezanoni.com.br\/2019\/?p=59275"},"modified":"2022-01-31T22:22:41","modified_gmt":"2022-01-31T22:22:41","slug":"policia-militar-recupera-maquina-de-lavar-roupa-furtada-de-residencia-em-dracena","status":"publish","type":"post","link":"https:\/\/jorgezanoni.com.br\/2019\/policia-militar-recupera-maquina-de-lavar-roupa-furtada-de-residencia-em-dracena\/","title":{"rendered":"Pol\u00edcia Militar recupera M\u00e1quina de Lavar Roupa furtada de resid\u00eancia em Dracena"},"content":{"rendered":"<p>SEMPRE ATENTOS: POL\u00cdCIA MILITAR EM DRACENA RECUPERA M\u00c1QUINA DE LAVAR ROUPA FURTADA DE RESID\u00caNCIA E PRENDE AUTOR<\/p>\n<p style=\"text-align: justify;\">Na data de ontem (30) por volta das 14h55min a equipe da Pol\u00edcia Militar foi solicitada via COPOM para atender ocorr\u00eancia de dois indiv\u00edduos em atitude suspeita pr\u00f3ximo a estrada de ferro que, segundo uma testemunha, eles estariam carregando uma m\u00e1quina de lavar roupas marca Brastemp, que possivelmente poderia ser produto de furto, com o apoio de outras equipes policiais foram realizadas dilig\u00eancias e logrado \u00eaxito em localizar o indiciado (homem 42 anos) pr\u00f3ximo ao cruzamento das ruas Spinardi com Irradia\u00e7\u00e3o de posse da r\u00e9s furtiva, o outro indiv\u00edduo que estava com ele foi identificado posteriormente, pois ao avistar as equipes policiais empreendeu fuga tomando rumo ignorado e at\u00e9 o encerramento da ocorr\u00eancia n\u00e3o foi localizado. O indiciado foi preso em flagrante e a m\u00e1quina devolvida a v\u00edtima que reconheceu o produto e disse que os indiciados furtaram do interior de sua resid\u00eancia, na rua Spinardi.<\/p>\n<p style=\"text-align: justify;\">Fonte: Com. Social Pol\u00edcia Militar<\/p>\n","protected":false},"excerpt":{"rendered":"<p>SEMPRE ATENTOS: POL\u00cdCIA MILITAR EM DRACENA RECUPERA M\u00c1QUINA DE LAVAR ROUPA FURTADA DE RESID\u00caNCIA E PRENDE AUTOR Na data de ontem (30) por volta das 14h55min a equipe da Pol\u00edcia Militar foi solicitada via COPOM para atender ocorr\u00eancia de dois indiv\u00edduos em atitude suspeita pr\u00f3ximo a estrada de ferro que, segundo uma testemunha, eles estariam [&hellip;]<\/p>\n","protected":false},"author":1,"featured_media":59276,"comment_status":"closed","ping_status":"open","sticky":false,"template":"","format":"standard","meta":{"footnotes":""},"categories":[110,2],"tags":[],"class_list":["post-59275","post","type-post","status-publish","format-standard","has-post-thumbnail","hentry","category-noticiasdestaque","category-policial"],"_links":{"self":[{"href":"https:\/\/jorgezanoni.com.br\/2019\/wp-json\/wp\/v2\/posts\/59275","targetHints":{"allow":["GET"]}}],"collection":[{"href":"https:\/\/jorgezanoni.com.br\/2019\/wp-json\/wp\/v2\/posts"}],"about":[{"href":"https:\/\/jorgezanoni.com.br\/2019\/wp-json\/wp\/v2\/types\/post"}],"author":[{"embeddable":true,"href":"https:\/\/jorgezanoni.com.br\/2019\/wp-json\/wp\/v2\/users\/1"}],"replies":[{"embeddable":true,"href":"https:\/\/jorgezanoni.com.br\/2019\/wp-json\/wp\/v2\/comments?post=59275"}],"version-history":[{"count":0,"href":"https:\/\/jorgezanoni.com.br\/2019\/wp-json\/wp\/v2\/posts\/59275\/revisions"}],"wp:featuredmedia":[{"embeddable":true,"href":"https:\/\/jorgezanoni.com.br\/2019\/wp-json\/wp\/v2\/media\/59276"}],"wp:attachment":[{"href":"https:\/\/jorgezanoni.com.br\/2019\/wp-json\/wp\/v2\/media?parent=59275"}],"wp:term":[{"taxonomy":"category","embeddable":true,"href":"https:\/\/jorgezanoni.com.br\/2019\/wp-json\/wp\/v2\/categories?post=59275"},{"taxonomy":"post_tag","embeddable":true,"href":"https:\/\/jorgezanoni.com.br\/2019\/wp-json\/wp\/v2\/tags?post=59275"}],"curies":[{"name":"wp","href":"https:\/\/api.w.org\/{rel}","templated":true}]}}