{"id":59272,"date":"2022-01-31T21:43:06","date_gmt":"2022-01-31T21:43:06","guid":{"rendered":"https:\/\/jorgezanoni.com.br\/2019\/?p=59272"},"modified":"2022-01-31T21:43:06","modified_gmt":"2022-01-31T21:43:06","slug":"associacao-dos-engenheiros-arquitetos-e-agronomos-da-regiao-de-dracena-convoca-assembleia-geral-extraordinaria","status":"publish","type":"post","link":"https:\/\/jorgezanoni.com.br\/2019\/associacao-dos-engenheiros-arquitetos-e-agronomos-da-regiao-de-dracena-convoca-assembleia-geral-extraordinaria\/","title":{"rendered":"Associa\u00e7\u00e3o dos Engenheiros, Arquitetos e Agr\u00f4nomos da Regi\u00e3o de Dracena, convoca Assembl\u00e9ia Geral Extraordin\u00e1ria"},"content":{"rendered":"<p style=\"text-align: justify;\"><strong>ASSOCIA\u00c7\u00c3O DOS ENGENHEIROS, ARQUITETOS E AGR\u00d4NOMOS DA REGI\u00c3O DE DRACENA<\/strong><\/p>\n<p style=\"text-align: justify;\"><strong>EDITAL DE CONVOCA\u00c7\u00c3O<\/strong><\/p>\n<p style=\"text-align: justify;\"><strong>Assembl\u00e9ia Geral Extraordin\u00e1ria<\/strong><strong>\u00a0<\/strong><\/p>\n<p style=\"text-align: justify;\">O Presidente da ASSOCIA\u00c7\u00c3O DOS ENGENHEIROS, ARQUITETOS E AGR\u00d4NOMOS DA REGI\u00c3O DE DRACENA, Engenheiro Agr\u00f4nomo Carlos Alberto Crociolli, no uso das prerrogativas Legais e Estatut\u00e1ria, convoca todos os associados a comparecerem na <strong>Assembl\u00e9ia Geral Extraordin\u00e1ria<\/strong>, de acordo com o Estatuto Social em vigor, a realizar-se em <strong>15 de fevereiro de 2022<\/strong>, \u00e0s 17:00 hrs (1\u00aa Convoca\u00e7\u00e3o, com a maioria absoluta dos s\u00f3cios titulares), \u00e0s 17:15 hrs (2\u00aa Convoca\u00e7\u00e3o com 1\/3 dos s\u00f3cios titulares) e \u00e0s 17:30 hrs (3\u00aa Convoca\u00e7\u00e3o, com o n\u00famero de s\u00f3cios titulares presentes) se necess\u00e1rio, conforme Art. 37 do Estatuto vigente, na Rua Miguel do Nascimento, 1.016, Jd. Jussara \u2013 Dracena \u2013 SP, para tratar dos <strong>valores de anuidades ou mensalidades desta Associa\u00e7\u00e3o<\/strong>.<\/p>\n<p style=\"text-align: justify;\">Dracena, 31 de janeiro de 2022.<\/p>\n<p style=\"text-align: justify;\">Eng. Agr. Carlos Alberto Crociolli<\/p>\n<p style=\"text-align: justify;\">Presidente da AEARD<\/p>\n<p>&nbsp;<\/p>\n<p>&nbsp;<\/p>\n<p>&nbsp;<\/p>\n<p>&nbsp;<\/p>\n","protected":false},"excerpt":{"rendered":"<p>ASSOCIA\u00c7\u00c3O DOS ENGENHEIROS, ARQUITETOS E AGR\u00d4NOMOS DA REGI\u00c3O DE DRACENA EDITAL DE CONVOCA\u00c7\u00c3O Assembl\u00e9ia Geral Extraordin\u00e1ria\u00a0 O Presidente da ASSOCIA\u00c7\u00c3O DOS ENGENHEIROS, ARQUITETOS E AGR\u00d4NOMOS DA REGI\u00c3O DE DRACENA, Engenheiro Agr\u00f4nomo Carlos Alberto Crociolli, no uso das prerrogativas Legais e Estatut\u00e1ria, convoca todos os associados a comparecerem na Assembl\u00e9ia Geral Extraordin\u00e1ria, de acordo com o [&hellip;]<\/p>\n","protected":false},"author":1,"featured_media":59273,"comment_status":"closed","ping_status":"open","sticky":false,"template":"","format":"standard","meta":{"footnotes":""},"categories":[114,110],"tags":[],"class_list":["post-59272","post","type-post","status-publish","format-standard","has-post-thumbnail","hentry","category-geralecomercio","category-noticiasdestaque"],"_links":{"self":[{"href":"https:\/\/jorgezanoni.com.br\/2019\/wp-json\/wp\/v2\/posts\/59272","targetHints":{"allow":["GET"]}}],"collection":[{"href":"https:\/\/jorgezanoni.com.br\/2019\/wp-json\/wp\/v2\/posts"}],"about":[{"href":"https:\/\/jorgezanoni.com.br\/2019\/wp-json\/wp\/v2\/types\/post"}],"author":[{"embeddable":true,"href":"https:\/\/jorgezanoni.com.br\/2019\/wp-json\/wp\/v2\/users\/1"}],"replies":[{"embeddable":true,"href":"https:\/\/jorgezanoni.com.br\/2019\/wp-json\/wp\/v2\/comments?post=59272"}],"version-history":[{"count":0,"href":"https:\/\/jorgezanoni.com.br\/2019\/wp-json\/wp\/v2\/posts\/59272\/revisions"}],"wp:featuredmedia":[{"embeddable":true,"href":"https:\/\/jorgezanoni.com.br\/2019\/wp-json\/wp\/v2\/media\/59273"}],"wp:attachment":[{"href":"https:\/\/jorgezanoni.com.br\/2019\/wp-json\/wp\/v2\/media?parent=59272"}],"wp:term":[{"taxonomy":"category","embeddable":true,"href":"https:\/\/jorgezanoni.com.br\/2019\/wp-json\/wp\/v2\/categories?post=59272"},{"taxonomy":"post_tag","embeddable":true,"href":"https:\/\/jorgezanoni.com.br\/2019\/wp-json\/wp\/v2\/tags?post=59272"}],"curies":[{"name":"wp","href":"https:\/\/api.w.org\/{rel}","templated":true}]}}