{"id":5926,"date":"2019-09-12T00:36:07","date_gmt":"2019-09-12T00:36:07","guid":{"rendered":"https:\/\/jorgezanoni.com.br\/2019\/?p=5926"},"modified":"2019-09-12T00:36:07","modified_gmt":"2019-09-12T00:36:07","slug":"cep-ume-realizara-1a-jornada-de-estetica-em-dracena","status":"publish","type":"post","link":"https:\/\/jorgezanoni.com.br\/2019\/cep-ume-realizara-1a-jornada-de-estetica-em-dracena\/","title":{"rendered":"CEP\/UME realizar\u00e1 1\u00aa Jornada de Est\u00e9tica em Dracena"},"content":{"rendered":"<p style=\"font-weight: 400; text-align: justify;\"><strong><em>O evento ser\u00e1 realizado na quarta-feira, dia 12 \u00e0s 19h, na Fundec.<\/em><\/strong><\/p>\n<p style=\"font-weight: 400; text-align: justify;\">A 1\u00aa Jornada de Est\u00e9tica do CEP\/UME Dracena ser\u00e1 realizada no dia 12 de setembro, das 19h \u00e0s 22h, no Audit\u00f3rio da Fundec. O evento \u00e9 aberto a profissionais e comunidade em geral e tem inscri\u00e7\u00f5es limitadas.<br \/>\nNesta primeira edi\u00e7\u00e3o, o CEP\/UME trar\u00e1 as profissionais Dra. Nat\u00e1lia Housume (ginecologista), que abordar\u00e1 o tema \u201cInflu\u00eancia dos horm\u00f4nios femininos na pele\u201d; Sibila Delatorre (fisioterapeuta), que falar\u00e1 sobre \u201cLifting facial com ultrassom microfocado\u201d; e Fabiana Martins Cruz Sacchi (fisioterapeuta), que tratar\u00e1 do tema \u201cJato de Plasma\u201d.<br \/>\nAs inscri\u00e7\u00f5es podem ser feitas diretamente na Secretaria Geral da Fundec (Rua Bahia, 332 \u2013 Dracena\/SP) ou pelo site\u00a0<a href=\"http:\/\/www.fundec.edu.br\/\">www.fundec.edu.br<\/a>\u00a0. O valor para alunos da Fundec \u00e9 R$ 20,00 e para comunidade externa e profissionais \u00e9 R$ 45,00. Ser\u00e1 fornecido certificado de participa\u00e7\u00e3o.<\/p>\n<p style=\"font-weight: 400; text-align: justify;\">Carolina Colnago<\/p>\n<p style=\"font-weight: 400; text-align: justify;\">Assessora de Comunica\u00e7\u00e3o da Fundec &#8211; Jornalista<\/p>\n<p style=\"text-align: justify;\">\n","protected":false},"excerpt":{"rendered":"<p>O evento ser\u00e1 realizado na quarta-feira, dia 12 \u00e0s 19h, na Fundec. A 1\u00aa Jornada de Est\u00e9tica do CEP\/UME Dracena ser\u00e1 realizada no dia 12 de setembro, das 19h \u00e0s 22h, no Audit\u00f3rio da Fundec. O evento \u00e9 aberto a profissionais e comunidade em geral e tem inscri\u00e7\u00f5es limitadas. Nesta primeira edi\u00e7\u00e3o, o CEP\/UME trar\u00e1 [&hellip;]<\/p>\n","protected":false},"author":1,"featured_media":5927,"comment_status":"closed","ping_status":"open","sticky":false,"template":"","format":"standard","meta":{"footnotes":""},"categories":[122],"tags":[],"class_list":["post-5926","post","type-post","status-publish","format-standard","has-post-thumbnail","hentry","category-saudeeducacaoeconcurso"],"_links":{"self":[{"href":"https:\/\/jorgezanoni.com.br\/2019\/wp-json\/wp\/v2\/posts\/5926","targetHints":{"allow":["GET"]}}],"collection":[{"href":"https:\/\/jorgezanoni.com.br\/2019\/wp-json\/wp\/v2\/posts"}],"about":[{"href":"https:\/\/jorgezanoni.com.br\/2019\/wp-json\/wp\/v2\/types\/post"}],"author":[{"embeddable":true,"href":"https:\/\/jorgezanoni.com.br\/2019\/wp-json\/wp\/v2\/users\/1"}],"replies":[{"embeddable":true,"href":"https:\/\/jorgezanoni.com.br\/2019\/wp-json\/wp\/v2\/comments?post=5926"}],"version-history":[{"count":0,"href":"https:\/\/jorgezanoni.com.br\/2019\/wp-json\/wp\/v2\/posts\/5926\/revisions"}],"wp:featuredmedia":[{"embeddable":true,"href":"https:\/\/jorgezanoni.com.br\/2019\/wp-json\/wp\/v2\/media\/5927"}],"wp:attachment":[{"href":"https:\/\/jorgezanoni.com.br\/2019\/wp-json\/wp\/v2\/media?parent=5926"}],"wp:term":[{"taxonomy":"category","embeddable":true,"href":"https:\/\/jorgezanoni.com.br\/2019\/wp-json\/wp\/v2\/categories?post=5926"},{"taxonomy":"post_tag","embeddable":true,"href":"https:\/\/jorgezanoni.com.br\/2019\/wp-json\/wp\/v2\/tags?post=5926"}],"curies":[{"name":"wp","href":"https:\/\/api.w.org\/{rel}","templated":true}]}}