{"id":59252,"date":"2022-01-30T20:03:24","date_gmt":"2022-01-30T20:03:24","guid":{"rendered":"https:\/\/jorgezanoni.com.br\/2019\/?p=59252"},"modified":"2022-01-30T20:03:24","modified_gmt":"2022-01-30T20:03:24","slug":"ex-ministro-da-educacao-visitou-panorama-neste-domingo","status":"publish","type":"post","link":"https:\/\/jorgezanoni.com.br\/2019\/ex-ministro-da-educacao-visitou-panorama-neste-domingo\/","title":{"rendered":"Ex-ministro da Educa\u00e7\u00e3o visitou Panorama neste domingo"},"content":{"rendered":"<p style=\"text-align: justify;\">Abraham Weintraub, Ex-Ministro da Educa\u00e7\u00e3o do Brasil e atual Diretor do Banco Mundial, participa de agenda em 40 munic\u00edpios do estado de S\u00e3o Paulo. Neste domingo, dia 30, ele passou em Panorama, sendo recepcionado pelo vice prefeito Reinaldo Toledo, os vereadores Cicero Almeida, Guina da \u00c1gua , Ivan da Sa\u00fade e mun\u00edcipes.<\/p>\n<p style=\"text-align: justify;\">Al\u00e9m de pautas ligadas ao conservadorismo, liberdade, educa\u00e7\u00e3o, emprego e renda, a agenda local visa alinhamento de projetos e programas para a regi\u00e3o. Na cidade, ele esteve com empres\u00e1rios do ramo ceramista e ouviu as demandas do setor, visitando a sede de uma das ind\u00fastrias da cidade.<\/p>\n<p style=\"text-align: justify;\">&#8220;Estamos com o p\u00e9 na estrada, conhecendo os problemas do estado. Ouvindo as pessoas que s\u00e3o as que mais sabem do que precisam&#8221;, disse Weintraub a nossa reportagem.<\/p>\n<p style=\"text-align: justify;\">Rodrigo Morais, um dos organizadores da viagem, deu um resumo da viagem: &#8220;Abraham est\u00e1 sendo recebido de bra\u00e7os abertos por onde passa. \u00c9 impressionante o carinho que o povo paulista tem por ele e como ele se identifica com estas pessoas. \u00c9 um filho de sua terra.&#8221;<\/p>\n<p style=\"text-align: justify;\"><img loading=\"lazy\" decoding=\"async\" class=\"alignnone size-full wp-image-59253\" src=\"https:\/\/jorgezanoni.com.br\/2019\/wp-content\/uploads\/2022\/01\/mini1.jpg\" alt=\"\" width=\"1600\" height=\"900\" srcset=\"https:\/\/jorgezanoni.com.br\/2019\/wp-content\/uploads\/2022\/01\/mini1.jpg 1600w, https:\/\/jorgezanoni.com.br\/2019\/wp-content\/uploads\/2022\/01\/mini1-300x169.jpg 300w, https:\/\/jorgezanoni.com.br\/2019\/wp-content\/uploads\/2022\/01\/mini1-1024x576.jpg 1024w, https:\/\/jorgezanoni.com.br\/2019\/wp-content\/uploads\/2022\/01\/mini1-768x432.jpg 768w, https:\/\/jorgezanoni.com.br\/2019\/wp-content\/uploads\/2022\/01\/mini1-1536x864.jpg 1536w, https:\/\/jorgezanoni.com.br\/2019\/wp-content\/uploads\/2022\/01\/mini1-696x392.jpg 696w, https:\/\/jorgezanoni.com.br\/2019\/wp-content\/uploads\/2022\/01\/mini1-1068x601.jpg 1068w, https:\/\/jorgezanoni.com.br\/2019\/wp-content\/uploads\/2022\/01\/mini1-747x420.jpg 747w\" sizes=\"auto, (max-width: 1600px) 100vw, 1600px\" \/> <img loading=\"lazy\" decoding=\"async\" class=\"alignnone size-full wp-image-59254\" src=\"https:\/\/jorgezanoni.com.br\/2019\/wp-content\/uploads\/2022\/01\/mini2.jpg\" alt=\"\" width=\"1600\" height=\"1191\" srcset=\"https:\/\/jorgezanoni.com.br\/2019\/wp-content\/uploads\/2022\/01\/mini2.jpg 1600w, https:\/\/jorgezanoni.com.br\/2019\/wp-content\/uploads\/2022\/01\/mini2-300x223.jpg 300w, https:\/\/jorgezanoni.com.br\/2019\/wp-content\/uploads\/2022\/01\/mini2-1024x762.jpg 1024w, https:\/\/jorgezanoni.com.br\/2019\/wp-content\/uploads\/2022\/01\/mini2-768x572.jpg 768w, https:\/\/jorgezanoni.com.br\/2019\/wp-content\/uploads\/2022\/01\/mini2-1536x1143.jpg 1536w, https:\/\/jorgezanoni.com.br\/2019\/wp-content\/uploads\/2022\/01\/mini2-80x60.jpg 80w, https:\/\/jorgezanoni.com.br\/2019\/wp-content\/uploads\/2022\/01\/mini2-265x198.jpg 265w, https:\/\/jorgezanoni.com.br\/2019\/wp-content\/uploads\/2022\/01\/mini2-696x518.jpg 696w, https:\/\/jorgezanoni.com.br\/2019\/wp-content\/uploads\/2022\/01\/mini2-1068x795.jpg 1068w, https:\/\/jorgezanoni.com.br\/2019\/wp-content\/uploads\/2022\/01\/mini2-564x420.jpg 564w\" sizes=\"auto, (max-width: 1600px) 100vw, 1600px\" \/> <img loading=\"lazy\" decoding=\"async\" class=\"alignnone size-full wp-image-59255\" src=\"https:\/\/jorgezanoni.com.br\/2019\/wp-content\/uploads\/2022\/01\/mini3.jpg\" alt=\"\" width=\"900\" height=\"1600\" srcset=\"https:\/\/jorgezanoni.com.br\/2019\/wp-content\/uploads\/2022\/01\/mini3.jpg 900w, https:\/\/jorgezanoni.com.br\/2019\/wp-content\/uploads\/2022\/01\/mini3-169x300.jpg 169w, https:\/\/jorgezanoni.com.br\/2019\/wp-content\/uploads\/2022\/01\/mini3-576x1024.jpg 576w, https:\/\/jorgezanoni.com.br\/2019\/wp-content\/uploads\/2022\/01\/mini3-768x1365.jpg 768w, https:\/\/jorgezanoni.com.br\/2019\/wp-content\/uploads\/2022\/01\/mini3-864x1536.jpg 864w, https:\/\/jorgezanoni.com.br\/2019\/wp-content\/uploads\/2022\/01\/mini3-696x1237.jpg 696w, https:\/\/jorgezanoni.com.br\/2019\/wp-content\/uploads\/2022\/01\/mini3-236x420.jpg 236w\" sizes=\"auto, (max-width: 900px) 100vw, 900px\" \/> <img loading=\"lazy\" decoding=\"async\" class=\"alignnone size-full wp-image-59256\" src=\"https:\/\/jorgezanoni.com.br\/2019\/wp-content\/uploads\/2022\/01\/mini5.jpg\" alt=\"\" width=\"1600\" height=\"1069\" srcset=\"https:\/\/jorgezanoni.com.br\/2019\/wp-content\/uploads\/2022\/01\/mini5.jpg 1600w, https:\/\/jorgezanoni.com.br\/2019\/wp-content\/uploads\/2022\/01\/mini5-300x200.jpg 300w, https:\/\/jorgezanoni.com.br\/2019\/wp-content\/uploads\/2022\/01\/mini5-1024x684.jpg 1024w, https:\/\/jorgezanoni.com.br\/2019\/wp-content\/uploads\/2022\/01\/mini5-768x513.jpg 768w, https:\/\/jorgezanoni.com.br\/2019\/wp-content\/uploads\/2022\/01\/mini5-1536x1026.jpg 1536w, https:\/\/jorgezanoni.com.br\/2019\/wp-content\/uploads\/2022\/01\/mini5-696x465.jpg 696w, https:\/\/jorgezanoni.com.br\/2019\/wp-content\/uploads\/2022\/01\/mini5-1068x714.jpg 1068w, https:\/\/jorgezanoni.com.br\/2019\/wp-content\/uploads\/2022\/01\/mini5-629x420.jpg 629w\" sizes=\"auto, (max-width: 1600px) 100vw, 1600px\" \/>Fonte: Assessoria de Imprensa<\/p>\n<p>&nbsp;<\/p>\n","protected":false},"excerpt":{"rendered":"<p>Abraham Weintraub, Ex-Ministro da Educa\u00e7\u00e3o do Brasil e atual Diretor do Banco Mundial, participa de agenda em 40 munic\u00edpios do estado de S\u00e3o Paulo. Neste domingo, dia 30, ele passou em Panorama, sendo recepcionado pelo vice prefeito Reinaldo Toledo, os vereadores Cicero Almeida, Guina da \u00c1gua , Ivan da Sa\u00fade e mun\u00edcipes. Al\u00e9m de pautas [&hellip;]<\/p>\n","protected":false},"author":1,"featured_media":59258,"comment_status":"closed","ping_status":"open","sticky":false,"template":"","format":"standard","meta":{"footnotes":""},"categories":[116],"tags":[],"class_list":["post-59252","post","type-post","status-publish","format-standard","has-post-thumbnail","hentry","category-politicaeeconomia"],"_links":{"self":[{"href":"https:\/\/jorgezanoni.com.br\/2019\/wp-json\/wp\/v2\/posts\/59252","targetHints":{"allow":["GET"]}}],"collection":[{"href":"https:\/\/jorgezanoni.com.br\/2019\/wp-json\/wp\/v2\/posts"}],"about":[{"href":"https:\/\/jorgezanoni.com.br\/2019\/wp-json\/wp\/v2\/types\/post"}],"author":[{"embeddable":true,"href":"https:\/\/jorgezanoni.com.br\/2019\/wp-json\/wp\/v2\/users\/1"}],"replies":[{"embeddable":true,"href":"https:\/\/jorgezanoni.com.br\/2019\/wp-json\/wp\/v2\/comments?post=59252"}],"version-history":[{"count":0,"href":"https:\/\/jorgezanoni.com.br\/2019\/wp-json\/wp\/v2\/posts\/59252\/revisions"}],"wp:featuredmedia":[{"embeddable":true,"href":"https:\/\/jorgezanoni.com.br\/2019\/wp-json\/wp\/v2\/media\/59258"}],"wp:attachment":[{"href":"https:\/\/jorgezanoni.com.br\/2019\/wp-json\/wp\/v2\/media?parent=59252"}],"wp:term":[{"taxonomy":"category","embeddable":true,"href":"https:\/\/jorgezanoni.com.br\/2019\/wp-json\/wp\/v2\/categories?post=59252"},{"taxonomy":"post_tag","embeddable":true,"href":"https:\/\/jorgezanoni.com.br\/2019\/wp-json\/wp\/v2\/tags?post=59252"}],"curies":[{"name":"wp","href":"https:\/\/api.w.org\/{rel}","templated":true}]}}