{"id":5919,"date":"2019-09-12T00:14:19","date_gmt":"2019-09-12T00:14:19","guid":{"rendered":"https:\/\/jorgezanoni.com.br\/2019\/?p=5919"},"modified":"2019-09-12T00:14:19","modified_gmt":"2019-09-12T00:14:19","slug":"unifadra-realiza-semana-da-educacao-fisica","status":"publish","type":"post","link":"https:\/\/jorgezanoni.com.br\/2019\/unifadra-realiza-semana-da-educacao-fisica\/","title":{"rendered":"Unifadra realiza Semana da Educa\u00e7\u00e3o F\u00edsica"},"content":{"rendered":"<p style=\"font-weight: 400; text-align: justify;\">A Faculdade Unifadra\/Fundec de Dracena realizou, nos dias 2 e 5 de setembro, a Semana do Profissional da Educa\u00e7\u00e3o F\u00edsica. O evento contou com palestras e depoimentos de pessoas que tiveram a interfer\u00eancia de um profissional de Educa\u00e7\u00e3o F\u00edsica nas suas vidas.<br \/>\nA coordenadora do curso Profa. Dra. Denise Bueno destacou que a ideia foi mostrar para os acad\u00eamicos da Unifadra as possibilidades de atua\u00e7\u00e3o profissional e tamb\u00e9m a import\u00e2ncia da nossa atua\u00e7\u00e3o na sociedade. Falaram ex-alunos do curso, a ex-coordenadora Profa. Dra. Bruna Turi, que atualmente est\u00e1 nos EUA e falou sobre a vida de professora no exterior, como funciona a faculdade, como foi trabalhar como personal em uma academia, entre outras experi\u00eancias.<br \/>\nParticiparam tamb\u00e9m os pacientes do Programa Parkinson, que mostraram ao vivo a evolu\u00e7\u00e3o que tiveram com as aulas, principalmente em rela\u00e7\u00e3o \u00e0 capacidade de caminhar. Nesse momento, o evento contou com o depoimento da filha de uma das pacientes, a Dona Maria L\u00facia, que falou da import\u00e2ncia da atividade f\u00edsica e dos monitores para o bem estar da sua m\u00e3e.<br \/>\nO evento foi aberto com uma apresenta\u00e7\u00e3o cultural, realizada pela Profa. Ma. Vanessa Andreto, do curso de Pedagogia. O atleta dracenense Paulo Dancieri deu um depoimento sobre a boa orienta\u00e7\u00e3o do profissional de Educa\u00e7\u00e3o F\u00edsica que o levou a sair da obesidade e completar uma prova de Ironman.<br \/>\nA atleta dracenense F\u00e1tima Pereira, que \u00e9 meia-maratonista aos 69 anos, fechou o evento e emocionou a todos com a sua hist\u00f3ria de supera\u00e7\u00e3o na vida, por meio do esporte. Ela que tamb\u00e9m \u00e9 incentivada por uma profissional de Educa\u00e7\u00e3o F\u00edsica, sua filha.<br \/>\nO evento contou ainda com a participa\u00e7\u00e3o dos alunos da Regina Academia, de Tupi Paulista, que contaram sua experi\u00eancia no programa Combo Fit, para homens e mulheres com excesso de peso. Os ex-alunos Edson Resende e Michel Velo tamb\u00e9m deram depoimentos sobre suas carreiras atualmente.<\/p>\n<p style=\"font-weight: 400; text-align: justify;\"><strong>Carolina Colnago<\/strong><\/p>\n<p style=\"font-weight: 400; text-align: justify;\">Assessora de Comunica\u00e7\u00e3o da Fundec &#8211; Jornalista<\/p>\n<p style=\"text-align: justify;\">Foto: Palestras da Semana da Educa\u00e7\u00e3o F\u00edsica foram realizadas no Audit\u00f3rio da Fundec.<\/p>\n","protected":false},"excerpt":{"rendered":"<p>A Faculdade Unifadra\/Fundec de Dracena realizou, nos dias 2 e 5 de setembro, a Semana do Profissional da Educa\u00e7\u00e3o F\u00edsica. O evento contou com palestras e depoimentos de pessoas que tiveram a interfer\u00eancia de um profissional de Educa\u00e7\u00e3o F\u00edsica nas suas vidas. A coordenadora do curso Profa. Dra. Denise Bueno destacou que a ideia foi [&hellip;]<\/p>\n","protected":false},"author":1,"featured_media":5921,"comment_status":"closed","ping_status":"open","sticky":false,"template":"","format":"standard","meta":{"footnotes":""},"categories":[122],"tags":[],"class_list":["post-5919","post","type-post","status-publish","format-standard","has-post-thumbnail","hentry","category-saudeeducacaoeconcurso"],"_links":{"self":[{"href":"https:\/\/jorgezanoni.com.br\/2019\/wp-json\/wp\/v2\/posts\/5919","targetHints":{"allow":["GET"]}}],"collection":[{"href":"https:\/\/jorgezanoni.com.br\/2019\/wp-json\/wp\/v2\/posts"}],"about":[{"href":"https:\/\/jorgezanoni.com.br\/2019\/wp-json\/wp\/v2\/types\/post"}],"author":[{"embeddable":true,"href":"https:\/\/jorgezanoni.com.br\/2019\/wp-json\/wp\/v2\/users\/1"}],"replies":[{"embeddable":true,"href":"https:\/\/jorgezanoni.com.br\/2019\/wp-json\/wp\/v2\/comments?post=5919"}],"version-history":[{"count":0,"href":"https:\/\/jorgezanoni.com.br\/2019\/wp-json\/wp\/v2\/posts\/5919\/revisions"}],"wp:featuredmedia":[{"embeddable":true,"href":"https:\/\/jorgezanoni.com.br\/2019\/wp-json\/wp\/v2\/media\/5921"}],"wp:attachment":[{"href":"https:\/\/jorgezanoni.com.br\/2019\/wp-json\/wp\/v2\/media?parent=5919"}],"wp:term":[{"taxonomy":"category","embeddable":true,"href":"https:\/\/jorgezanoni.com.br\/2019\/wp-json\/wp\/v2\/categories?post=5919"},{"taxonomy":"post_tag","embeddable":true,"href":"https:\/\/jorgezanoni.com.br\/2019\/wp-json\/wp\/v2\/tags?post=5919"}],"curies":[{"name":"wp","href":"https:\/\/api.w.org\/{rel}","templated":true}]}}