{"id":59172,"date":"2022-01-30T01:07:09","date_gmt":"2022-01-30T01:07:09","guid":{"rendered":"https:\/\/jorgezanoni.com.br\/2019\/?p=59172"},"modified":"2022-01-30T01:07:09","modified_gmt":"2022-01-30T01:07:09","slug":"homem-morre-em-grave-acidente-em-vicinal","status":"publish","type":"post","link":"https:\/\/jorgezanoni.com.br\/2019\/homem-morre-em-grave-acidente-em-vicinal\/","title":{"rendered":"Homem morre em grave acidente em vicinal"},"content":{"rendered":"<div class=\"gmail-OutlineElement gmail-Ltr gmail-SCXW220603815 gmail-BCX0\">\n<p class=\"gmail-Paragraph gmail-SCXW220603815 gmail-BCX0\" lang=\"PT-BR\" style=\"text-align: justify;\"><span class=\"gmail-TextRun gmail-SCXW220603815 gmail-BCX0\" lang=\"PT-BR\"><span class=\"gmail-NormalTextRun gmail-SCXW220603815 gmail-BCX0\">Geraldo Rossi, 75 anos, morador de In\u00fabia Paulista, morreu em grave acidente na vicinal\u00a0<\/span><span class=\"gmail-NormalTextRun gmail-SpellingErrorV2 gmail-SCXW220603815 gmail-BCX0\">Iraldo<\/span><span class=\"gmail-NormalTextRun gmail-SCXW220603815 gmail-BCX0\">\u00a0Ant\u00f4nio Martins de Toledo, estrada esta que liga os munic\u00edpios de In\u00fabia Paulista e Sagres.<\/span><\/span><span class=\"gmail-EOP gmail-SCXW220603815 gmail-BCX0\">\u00a0<\/span><\/p>\n<\/div>\n<div class=\"gmail-OutlineElement gmail-Ltr gmail-SCXW220603815 gmail-BCX0\" style=\"text-align: justify;\">\n<p class=\"gmail-Paragraph gmail-SCXW220603815 gmail-BCX0\" lang=\"PT-BR\"><span class=\"gmail-TextRun gmail-SCXW220603815 gmail-BCX0\" lang=\"PT-BR\"><span class=\"gmail-NormalTextRun gmail-SCXW220603815 gmail-BCX0\">O acidente aconteceu por volta das 16 horas e envolveu um ve\u00edculo\u00a0<\/span><\/span><span class=\"gmail-TextRun gmail-SCXW220603815 gmail-BCX0\" lang=\"PT-BR\"><span class=\"gmail-NormalTextRun gmail-SCXW220603815 gmail-BCX0\">Fiat Strada, com placas de In\u00fabia Paulista, e um caminh\u00e3o Volkswagen com placas de Bastos.\u00a0<\/span><\/span><span class=\"gmail-EOP gmail-SCXW220603815 gmail-BCX0\">\u00a0<\/span><\/p>\n<\/div>\n<div class=\"gmail-OutlineElement gmail-Ltr gmail-SCXW220603815 gmail-BCX0\">\n<p class=\"gmail-Paragraph gmail-SCXW220603815 gmail-BCX0\" lang=\"PT-BR\" style=\"text-align: justify;\"><span class=\"gmail-TextRun gmail-SCXW220603815 gmail-BCX0\" lang=\"PT-BR\"><span class=\"gmail-NormalTextRun gmail-SCXW220603815 gmail-BCX0\">Caminh\u00e3o e Fiat Strada seguiam pela via em sentidos opostos, quando por motivos a serem esclarecidos pela Pol\u00edcia Cient\u00edfica, houve a colis\u00e3o frontal.<\/span><\/span><\/p>\n<div class=\"gmail-OutlineElement gmail-Ltr gmail-SCXW220603815 gmail-BCX0\" style=\"text-align: justify;\">\n<p class=\"gmail-Paragraph gmail-SCXW220603815 gmail-BCX0\" lang=\"PT-BR\"><span class=\"gmail-TextRun gmail-SCXW220603815 gmail-BCX0\" lang=\"PT-BR\"><span class=\"gmail-NormalTextRun gmail-SCXW220603815 gmail-BCX0\">O motorista do Fiat Strada ficou preso nas ferragens sendo socorrido pela Unidade Resgate do Corpo de Bombeiros para a Santa Casa de Osvaldo Cruz, onde recebeu cuidados\u00a0<\/span><span class=\"gmail-NormalTextRun gmail-SCXW220603815 gmail-BCX0\">m\u00e9dicos,<\/span><span class=\"gmail-NormalTextRun gmail-SCXW220603815 gmail-BCX0\">\u00a0mas n\u00e3o resistiu\u00a0<\/span><span class=\"gmail-NormalTextRun gmail-SCXW220603815 gmail-BCX0\">aos<\/span><span class=\"gmail-NormalTextRun gmail-SCXW220603815 gmail-BCX0\">\u00a0ferimentos vindo a \u00f3bito.<\/span><\/span><span class=\"gmail-EOP gmail-SCXW220603815 gmail-BCX0\">\u00a0<\/span><\/p>\n<\/div>\n<div class=\"gmail-OutlineElement gmail-Ltr gmail-SCXW220603815 gmail-BCX0\" style=\"text-align: justify;\">\n<p class=\"gmail-Paragraph gmail-SCXW220603815 gmail-BCX0\" lang=\"PT-BR\"><span class=\"gmail-TextRun gmail-SCXW220603815 gmail-BCX0\" lang=\"PT-BR\"><span class=\"gmail-NormalTextRun gmail-SCXW220603815 gmail-BCX0\">O motorista do caminh\u00e3o de 30 anos nada sofreu.<\/span><\/span><span class=\"gmail-EOP gmail-SCXW220603815 gmail-BCX0\">\u00a0<\/span><\/p>\n<\/div>\n<div class=\"gmail-OutlineElement gmail-Ltr gmail-SCXW220603815 gmail-BCX0\">\n<p class=\"gmail-Paragraph gmail-SCXW220603815 gmail-BCX0\" lang=\"PT-BR\" style=\"text-align: justify;\"><span class=\"gmail-TextRun gmail-SCXW220603815 gmail-BCX0\" lang=\"PT-BR\"><span class=\"gmail-NormalTextRun gmail-SCXW220603815 gmail-BCX0\">As causas do acidente ser\u00e3o<\/span>\u00a0<span class=\"gmail-NormalTextRun gmail-SCXW220603815 gmail-BCX0\">investigadas<\/span><span class=\"gmail-NormalTextRun gmail-SCXW220603815 gmail-BCX0\">\u00a0pela Pol\u00edcia Civil.<\/span><\/span><\/p>\n<p lang=\"PT-BR\" style=\"text-align: justify;\">Fonte: Jornal Cidade Aberta<\/p>\n<\/div>\n<\/div>\n","protected":false},"excerpt":{"rendered":"<p>Geraldo Rossi, 75 anos, morador de In\u00fabia Paulista, morreu em grave acidente na vicinal\u00a0Iraldo\u00a0Ant\u00f4nio Martins de Toledo, estrada esta que liga os munic\u00edpios de In\u00fabia Paulista e Sagres.\u00a0 O acidente aconteceu por volta das 16 horas e envolveu um ve\u00edculo\u00a0Fiat Strada, com placas de In\u00fabia Paulista, e um caminh\u00e3o Volkswagen com placas de Bastos.\u00a0\u00a0 Caminh\u00e3o [&hellip;]<\/p>\n","protected":false},"author":1,"featured_media":59173,"comment_status":"closed","ping_status":"open","sticky":false,"template":"","format":"standard","meta":{"footnotes":""},"categories":[170,110],"tags":[],"class_list":["post-59172","post","type-post","status-publish","format-standard","has-post-thumbnail","hentry","category-acidentes","category-noticiasdestaque"],"_links":{"self":[{"href":"https:\/\/jorgezanoni.com.br\/2019\/wp-json\/wp\/v2\/posts\/59172","targetHints":{"allow":["GET"]}}],"collection":[{"href":"https:\/\/jorgezanoni.com.br\/2019\/wp-json\/wp\/v2\/posts"}],"about":[{"href":"https:\/\/jorgezanoni.com.br\/2019\/wp-json\/wp\/v2\/types\/post"}],"author":[{"embeddable":true,"href":"https:\/\/jorgezanoni.com.br\/2019\/wp-json\/wp\/v2\/users\/1"}],"replies":[{"embeddable":true,"href":"https:\/\/jorgezanoni.com.br\/2019\/wp-json\/wp\/v2\/comments?post=59172"}],"version-history":[{"count":0,"href":"https:\/\/jorgezanoni.com.br\/2019\/wp-json\/wp\/v2\/posts\/59172\/revisions"}],"wp:featuredmedia":[{"embeddable":true,"href":"https:\/\/jorgezanoni.com.br\/2019\/wp-json\/wp\/v2\/media\/59173"}],"wp:attachment":[{"href":"https:\/\/jorgezanoni.com.br\/2019\/wp-json\/wp\/v2\/media?parent=59172"}],"wp:term":[{"taxonomy":"category","embeddable":true,"href":"https:\/\/jorgezanoni.com.br\/2019\/wp-json\/wp\/v2\/categories?post=59172"},{"taxonomy":"post_tag","embeddable":true,"href":"https:\/\/jorgezanoni.com.br\/2019\/wp-json\/wp\/v2\/tags?post=59172"}],"curies":[{"name":"wp","href":"https:\/\/api.w.org\/{rel}","templated":true}]}}