{"id":59169,"date":"2022-01-30T00:53:54","date_gmt":"2022-01-30T00:53:54","guid":{"rendered":"https:\/\/jorgezanoni.com.br\/2019\/?p=59169"},"modified":"2022-01-30T00:53:54","modified_gmt":"2022-01-30T00:53:54","slug":"com-verba-de-r-1-milhao-uma-das-melhorias-prometidas-no-transito-e-a-implantacao-da-zona-azul","status":"publish","type":"post","link":"https:\/\/jorgezanoni.com.br\/2019\/com-verba-de-r-1-milhao-uma-das-melhorias-prometidas-no-transito-e-a-implantacao-da-zona-azul\/","title":{"rendered":"Com verba de R$ 1 Milh\u00e3o uma das melhorias prometidas no Tr\u00e2nsito \u00e9 a implanta\u00e7\u00e3o da Zona Azul"},"content":{"rendered":"<p style=\"text-align: justify;\">O munic\u00edpio de Dracena foi contemplado atrav\u00e9s do Governo do Estado, com recursos de R$ 1 milh\u00e3o, atrav\u00e9s do Programa Respeito \u00e0 Vida. Conforme o Estado, para prevenir acidentes em vias urbanas, o Respeito \u00e0 Vida promove conv\u00eanios com munic\u00edpios para a realiza\u00e7\u00e3o de interven\u00e7\u00f5es de engenharia e a\u00e7\u00f5es de educa\u00e7\u00e3o e fiscaliza\u00e7\u00e3o no tr\u00e2nsito. Atualmente, 304 cidades s\u00e3o parceiras do programa e R$ 200 milh\u00f5es em recursos provenientes de multas do Detran.SP beneficiam 96% da popula\u00e7\u00e3o.<\/p>\n<p style=\"text-align: justify;\">Dentro dos benef\u00edcios consta implanta\u00e7\u00e3o de lombadas eletr\u00f4nicas em pontos cr\u00edticos do tr\u00e2nsito; faixas de pedestres elevadas; novos pontos de sem\u00e1foros e ciclo faixa tra\u00e7ada em dois quil\u00f4metros de extens\u00e3o na \u00e1rea urbana.<\/p>\n<p style=\"text-align: justify;\"><strong>CONFIRA OS LOCAIS QUE TER\u00c3O O ESTACIONAMENTO ZONA AZUL:<\/strong><br \/>\n*Avenida Presidente Vargas, entre Rua Santo Dumont e Rua Ipiranga.<br \/>\n*Avenida Presidente Roosevelt, entre Rua Santo Dumont e Rua Ipiranga.<br \/>\n*Rua Messias Ferreira da Palma, entre Rua Santo Dumont e Av. Jos\u00e9 Bonif\u00e1cio.<br \/>\n*Rua Santos Dumont, entre Rua Messias Ferreira da Palma e Av. Presidente Roosevelt.<br \/>\n*Rua Tiradentes, entre Rua Messias Ferreira da Palma e Av. Presidente Roosevelt.<br \/>\n*Rua Marechal Rondon, entre Rua Messias Ferreira da Palma e Av. Presidente Roosevelt.<br \/>\n*Rua Brasil, entre Rua Messias Ferreira da Palma e Av. Presidente Roosevelt.<br \/>\n*Rua Monte Castelo, entre Rua Messias Ferreira da Palma e Av. Presidente Roosevelt.<br \/>\n*Av. Jos\u00e9 Bonif\u00e1cio, entre Rua Duque de Caxias e Rua Dom Pedro.<br \/>\n*Av. Expedicion\u00e1rios, entre Rua Euclides da Cunha e Rua Maracaju.<br \/>\n*Rua Edson Silveira Campos, ente Rua Tom\u00e9 de Souza e Rua XV de Novembro.<br \/>\n*Rua Princesa Izabel, entre ente Rua Tom\u00e9 de Souza e Rua XV de Novembro.<br \/>\n*Av. Rui Barbosa, ente Rua Tom\u00e9 de Souza e Rua Dom Pedro.<br \/>\n*Rua Visconde do Rio Branco, entre Av. Presidente Vargas e Av. Presidente Roosevelt. *Rua S\u00e3o Paulo, entre Av. Presidente Vargas e Av. Presidente Roosevelt.<br \/>\n*Rua Ipiranga, entre Rua Tom\u00e9 de Souza e Av. Presidente Roosevelt.<\/p>\n<p style=\"text-align: justify;\">Fonte: Diretoria de Comunica\u00e7\u00e3o<\/p>\n<p style=\"text-align: justify;\"><strong>NOTA DO SITE JZ:\u00a0<\/strong>Sugerimos e esperamos que junto com essas grandes melhorias que ir\u00e3o acontecer no tr\u00e2nsito, seja aumentado as vagas para idosos e deficientes f\u00edsicos, que tamb\u00e9m o espa\u00e7o exclusivo das motocicletas possam ser aumentados e que cada um estacione no seu local indicado. A fiscaliza\u00e7\u00e3o, especialmente por parte da Pol\u00edcia Militar \u00e9 muito importante. Como sempre todos dizem, \u00e9 pelo bolso que se educa o tr\u00e2nsito, h\u00e1 conv\u00eanio com a Prefeitura, hora de fazer um pacote e tudo funcionar. Carros particulares com som alto e motos com escapamento estourado, tamb\u00e9m devem ser coibidos. Vamos esperar e ver. Mar\u00e7o est\u00e1 logo ali.<\/p>\n<p style=\"text-align: justify;\">Jorge Zanoni<\/p>\n<p>Imagem Arquivo<\/p>\n<p>&nbsp;<\/p>\n<p>&nbsp;<\/p>\n<p>&nbsp;<\/p>\n","protected":false},"excerpt":{"rendered":"<p>O munic\u00edpio de Dracena foi contemplado atrav\u00e9s do Governo do Estado, com recursos de R$ 1 milh\u00e3o, atrav\u00e9s do Programa Respeito \u00e0 Vida. Conforme o Estado, para prevenir acidentes em vias urbanas, o Respeito \u00e0 Vida promove conv\u00eanios com munic\u00edpios para a realiza\u00e7\u00e3o de interven\u00e7\u00f5es de engenharia e a\u00e7\u00f5es de educa\u00e7\u00e3o e fiscaliza\u00e7\u00e3o no tr\u00e2nsito. [&hellip;]<\/p>\n","protected":false},"author":1,"featured_media":59170,"comment_status":"closed","ping_status":"open","sticky":false,"template":"","format":"standard","meta":{"footnotes":""},"categories":[179,184,180,110],"tags":[],"class_list":["post-59169","post","type-post","status-publish","format-standard","has-post-thumbnail","hentry","category-cidadeseregiao","category-dracena","category-estradastransitoveiculos","category-noticiasdestaque"],"_links":{"self":[{"href":"https:\/\/jorgezanoni.com.br\/2019\/wp-json\/wp\/v2\/posts\/59169","targetHints":{"allow":["GET"]}}],"collection":[{"href":"https:\/\/jorgezanoni.com.br\/2019\/wp-json\/wp\/v2\/posts"}],"about":[{"href":"https:\/\/jorgezanoni.com.br\/2019\/wp-json\/wp\/v2\/types\/post"}],"author":[{"embeddable":true,"href":"https:\/\/jorgezanoni.com.br\/2019\/wp-json\/wp\/v2\/users\/1"}],"replies":[{"embeddable":true,"href":"https:\/\/jorgezanoni.com.br\/2019\/wp-json\/wp\/v2\/comments?post=59169"}],"version-history":[{"count":0,"href":"https:\/\/jorgezanoni.com.br\/2019\/wp-json\/wp\/v2\/posts\/59169\/revisions"}],"wp:featuredmedia":[{"embeddable":true,"href":"https:\/\/jorgezanoni.com.br\/2019\/wp-json\/wp\/v2\/media\/59170"}],"wp:attachment":[{"href":"https:\/\/jorgezanoni.com.br\/2019\/wp-json\/wp\/v2\/media?parent=59169"}],"wp:term":[{"taxonomy":"category","embeddable":true,"href":"https:\/\/jorgezanoni.com.br\/2019\/wp-json\/wp\/v2\/categories?post=59169"},{"taxonomy":"post_tag","embeddable":true,"href":"https:\/\/jorgezanoni.com.br\/2019\/wp-json\/wp\/v2\/tags?post=59169"}],"curies":[{"name":"wp","href":"https:\/\/api.w.org\/{rel}","templated":true}]}}