{"id":5915,"date":"2019-09-11T23:56:27","date_gmt":"2019-09-11T23:56:27","guid":{"rendered":"https:\/\/jorgezanoni.com.br\/2019\/?p=5915"},"modified":"2019-09-11T23:56:27","modified_gmt":"2019-09-11T23:56:27","slug":"oab-fara-projeto-assistencial-em-parceria-com-a-prefeitura-de-dracena","status":"publish","type":"post","link":"https:\/\/jorgezanoni.com.br\/2019\/oab-fara-projeto-assistencial-em-parceria-com-a-prefeitura-de-dracena\/","title":{"rendered":"OAB far\u00e1 projeto assistencial em parceria com a Prefeitura de Dracena"},"content":{"rendered":"<p style=\"text-align: justify;\">A Comiss\u00e3o da Jovem Advocacia de Dracena, com o apoio de sua diretoria, lan\u00e7a o projeto social \u201cOAB Orienta\u201d, cujo objetivo \u00e9 a atua\u00e7\u00e3o da advocacia junto \u00e0s comunidades locais.<\/p>\n<p><strong><img loading=\"lazy\" decoding=\"async\" class=\"alignnone size-full wp-image-5916\" src=\"https:\/\/jorgezanoni.com.br\/2019\/wp-content\/uploads\/2019\/09\/oab.jpg\" alt=\"\" width=\"158\" height=\"240\" \/><\/strong><\/p>\n<p style=\"text-align: justify;\">A primeira a\u00e7\u00e3o do projeto ocorrer\u00e1 no dia 14 de setembro de 2019 no Centro Comunit\u00e1rio do Jardim Brasil\u00e2ndia, local onde os advogados e advogadas voluntariados estar\u00e3o \u00e0 disposi\u00e7\u00e3o da popula\u00e7\u00e3o oferecendo orienta\u00e7\u00f5es jur\u00eddicas nas \u00e1reas c\u00edvel (fam\u00edlia, consumidor e etc), criminal, previdenci\u00e1ria e trabalhista.<\/p>\n<p style=\"text-align: justify;\">O projeto conta com o apoio e parceria da Prefeitura de Dracena que disponibilizar\u00e1 servi\u00e7os da Secretaria de Assist\u00eancia e Desenvolvimento Social e Secretaria de Sa\u00fade e Higiene P\u00fablica, bem como, atua\u00e7\u00e3o do PROCON que oferecer\u00e1 servi\u00e7os aos consumidores do Centro Judici\u00e1rio de Solu\u00e7\u00e3o de Conflitos e Cidadania (CEJUSC) juntamente com o Instituto de Medicina Social e Criminologia de S\u00e3o Paulo (IMESC) que estar\u00e3o realizando exames de paternidade com a coleta de material gen\u00e9tico dos interessados.<\/p>\n<p style=\"text-align: justify;\">O projeto tamb\u00e9m conta com a colabora\u00e7\u00e3o do N\u00facleo de Apoio Cont\u00e1bil e Fiscal (NAF) da Faculdade REGES, parceiros da Receita Federal do Brasil, que realizar\u00e3o orienta\u00e7\u00f5es e regulariza\u00e7\u00e3o de CPF e CNPJ.<\/p>\n<p style=\"text-align: justify;\">Por fim, tamb\u00e9m teremos como parceiro o LIONS Clube de Dracena com a presta\u00e7\u00e3o de servi\u00e7o assistencial.<\/p>\n<p>Fonte: Diretoria de Comunica\u00e7\u00e3o<\/p>\n","protected":false},"excerpt":{"rendered":"<p>A Comiss\u00e3o da Jovem Advocacia de Dracena, com o apoio de sua diretoria, lan\u00e7a o projeto social \u201cOAB Orienta\u201d, cujo objetivo \u00e9 a atua\u00e7\u00e3o da advocacia junto \u00e0s comunidades locais. A primeira a\u00e7\u00e3o do projeto ocorrer\u00e1 no dia 14 de setembro de 2019 no Centro Comunit\u00e1rio do Jardim Brasil\u00e2ndia, local onde os advogados e advogadas [&hellip;]<\/p>\n","protected":false},"author":1,"featured_media":5917,"comment_status":"closed","ping_status":"open","sticky":false,"template":"","format":"standard","meta":{"footnotes":""},"categories":[120],"tags":[],"class_list":["post-5915","post","type-post","status-publish","format-standard","has-post-thumbnail","hentry","category-justicahabitacaotecnologia"],"_links":{"self":[{"href":"https:\/\/jorgezanoni.com.br\/2019\/wp-json\/wp\/v2\/posts\/5915","targetHints":{"allow":["GET"]}}],"collection":[{"href":"https:\/\/jorgezanoni.com.br\/2019\/wp-json\/wp\/v2\/posts"}],"about":[{"href":"https:\/\/jorgezanoni.com.br\/2019\/wp-json\/wp\/v2\/types\/post"}],"author":[{"embeddable":true,"href":"https:\/\/jorgezanoni.com.br\/2019\/wp-json\/wp\/v2\/users\/1"}],"replies":[{"embeddable":true,"href":"https:\/\/jorgezanoni.com.br\/2019\/wp-json\/wp\/v2\/comments?post=5915"}],"version-history":[{"count":0,"href":"https:\/\/jorgezanoni.com.br\/2019\/wp-json\/wp\/v2\/posts\/5915\/revisions"}],"wp:featuredmedia":[{"embeddable":true,"href":"https:\/\/jorgezanoni.com.br\/2019\/wp-json\/wp\/v2\/media\/5917"}],"wp:attachment":[{"href":"https:\/\/jorgezanoni.com.br\/2019\/wp-json\/wp\/v2\/media?parent=5915"}],"wp:term":[{"taxonomy":"category","embeddable":true,"href":"https:\/\/jorgezanoni.com.br\/2019\/wp-json\/wp\/v2\/categories?post=5915"},{"taxonomy":"post_tag","embeddable":true,"href":"https:\/\/jorgezanoni.com.br\/2019\/wp-json\/wp\/v2\/tags?post=5915"}],"curies":[{"name":"wp","href":"https:\/\/api.w.org\/{rel}","templated":true}]}}