{"id":5912,"date":"2019-09-11T23:42:53","date_gmt":"2019-09-11T23:42:53","guid":{"rendered":"https:\/\/jorgezanoni.com.br\/2019\/?p=5912"},"modified":"2019-09-11T23:43:37","modified_gmt":"2019-09-11T23:43:37","slug":"confira-o-plantao-policial-das-ultimas-horas-11-09-19","status":"publish","type":"post","link":"https:\/\/jorgezanoni.com.br\/2019\/confira-o-plantao-policial-das-ultimas-horas-11-09-19\/","title":{"rendered":"Confira o Plant\u00e3o Policial das \u00faltimas horas 11\/09\/19"},"content":{"rendered":"<p style=\"text-align: justify;\"><strong>MULHER \u00c9 MORTA COM GOLPE DE FACA EM ADAMANTINA\/SP.<\/strong><\/p>\n<p style=\"text-align: justify;\">Homic\u00eddio.<\/p>\n<p style=\"text-align: justify;\">Data: 10SET19 \u00e0s 21h23min.<\/p>\n<p style=\"text-align: justify;\">Endere\u00e7o: Rua Jo\u00e3o Vicente de Miranda, 20\u2013Jd. Primavera\u2013Adamantina\/SP.<\/p>\n<p style=\"text-align: justify;\">Autor: J.M.B (32 anos)<\/p>\n<p style=\"text-align: justify;\">Testemunha: S.D.F.S (26 anos)<\/p>\n<p style=\"text-align: justify;\">V\u00edtima: M.J.F.S (29 anos)<strong>\u00a0<\/strong><\/p>\n<p style=\"text-align: justify;\">Na data de ontem (10) na cidade de Adamantina segundo declara\u00e7\u00f5es das testemunhas, o autor ex-am\u00e1sio da v\u00edtima de posse de uma faca adentrou a resid\u00eancia dela alegando que queria conversar, e em dado momento veio a desferir um golpe de faca na altura do pesco\u00e7o dela, fugindo logo ap\u00f3s, tomando rumo ignorado. Na chegada da Pol\u00edcia Militar foi constatada a v\u00edtima ca\u00edda na porta da cozinha com ferimento, j\u00e1 sendo socorrida pelo Resgate at\u00e9 o Pronto Socorro local, vindo a v\u00edtima entrar em \u00f3bito. Foram efetuadas dilig\u00eancias com intuito de localizar o autor, por\u00e9m sem \u00eaxito.<\/p>\n<p style=\"text-align: justify;\"><strong>POL\u00cdCIA MILITAR PRENDE VENDENDOR E FORNECEDOR DE DROGAS EM ADAMANTINA\/SP. <\/strong><\/p>\n<p style=\"text-align: justify;\">Tr\u00e1fico de drogas &#8211; Flagrante<\/p>\n<p style=\"text-align: justify;\">Data: 10SET19 \u00e0s 18h40min.<\/p>\n<p style=\"text-align: justify;\">Endere\u00e7o: Rua Ucildo Grespi 44 \u2013Vila Cristina\u2013Adamantina\/SP.<\/p>\n<p style=\"text-align: justify;\">Autor: A.R.P.D (18 anos)<\/p>\n<p style=\"text-align: justify;\">Sindicado: (16 anos)<\/p>\n<p style=\"text-align: justify;\">Apreens\u00f5es: 0,121 Kg de maconha, 02 facas e R$ 157,00<\/p>\n<p style=\"text-align: justify;\">Na data de ontem (10) durante Opera\u00e7\u00e3o desencadeada na regi\u00e3o do 25\u00ba BPM\/I, de combate ao tr\u00e1fico de drogas e outro il\u00edcitos a Pol\u00edcia Militar deparou com um menor de 16 anos e ao abord\u00e1-lo foi localizado duas por\u00e7\u00f5es de maconha pronta pra venda, em busca domiciliar e com o apoio do c\u00e3o Thor, foi localizado um tablete de maconha e ao lado R$ 40,00.\u00a0 Ao ser questionado o menor informou que adquiriu a droga de A.R.P.D (18 anos), pagando R$ 200,00 e que ap\u00f3s fracionar iria tentar fazer R$ 500,00. J\u00e1 na resid\u00eancia de A.R.P.D foi localizado em seu quarto uma por\u00e7\u00e3o de maconha pronta pra venda, dois tabletes de tamanho diferentes da mesma subst\u00e2ncia, duas facas com vest\u00edgios da droga e a quantia de R$ 117,00. Diante dos fatos foi dada voz de pris\u00e3o \u00e0 ambos ficando ambos a disposi\u00e7\u00e3o da Justi\u00e7a<\/p>\n<p style=\"text-align: justify;\"><strong>POL\u00cdCIA MILITAR PRENDE HOMEM PROCURADO DA JUSTI\u00c7A EM DRACENA\/SP. <\/strong><\/p>\n<p style=\"text-align: justify;\">Condenado Capturado<\/p>\n<p style=\"text-align: justify;\">Data: 09SET19 \u00e1s 07h47min.<\/p>\n<p style=\"text-align: justify;\">Endere\u00e7o: Avenida Municipal \u2013 Centro &#8211; Dracena\/SP.<\/p>\n<p style=\"text-align: justify;\">Autor: P.S.V.<\/p>\n<p style=\"text-align: justify;\">Na manh\u00e3 do dia 09, os Policiais Militares de Dracena, durante o patrulhamento, abordaram o P.S.V., e ap\u00f3s pesquisa via COPOM, constatou que o mesmo era procurado pela justi\u00e7a.\u00a0 Autor foi conduzido \u00e0 delegacia, onde permaneceu recolhido a disposi\u00e7\u00e3o da justi\u00e7a.<\/p>\n<p style=\"text-align: justify;\"><strong>POL\u00cdCIA MILITAR PRENDE HOMEM PROCURADO DA JUSTI\u00c7A EM JUNQUEIR\u00d3POLIS \/SP. <\/strong><\/p>\n<p style=\"text-align: justify;\">Condenado Capturado<\/p>\n<p style=\"text-align: justify;\">Data: 09SET19 \u00e1s 16h19min.<\/p>\n<p style=\"text-align: justify;\">Endere\u00e7o: Rua Belo Horizonte- Centro &#8211; Junqueir\u00f3polis\/SP.<\/p>\n<p style=\"text-align: justify;\">Autor: A.G.S.<\/p>\n<p style=\"text-align: justify;\">No dia 09 \u00e1s 16h19min, ap\u00f3s tomar conhecimento de que contra o autor A.G.S.,existiam dois mandados de pris\u00e3o, os Policiais Militares de Junqueir\u00f3polis, iniciaram dilig\u00eancias e localizaram o mesmo na casa de seus genitores, onde foi dadovoz de pris\u00e3o ao mesmo e conduzidoao plant\u00e3o de pol\u00edcia judici\u00e1ria, permanecendo a disposi\u00e7\u00e3o da justi\u00e7a.<\/p>\n<p style=\"text-align: justify;\"><strong>POL\u00cdCIA MILITAR PRENDE HOMEM PROCURADO DA JUSTI\u00c7A EM IRAPURU\/SP. <\/strong><\/p>\n<p style=\"text-align: justify;\">Condenado Capturado<\/p>\n<p style=\"text-align: justify;\">Data: 09SET19 \u00e1s 16h54min.<\/p>\n<p style=\"text-align: justify;\">Endere\u00e7o: Rua Sete de Setembro &#8211; Centro- Irapuru\/SP.<\/p>\n<p style=\"text-align: justify;\">Autor: C.A.S.<\/p>\n<p style=\"text-align: justify;\">Com informa\u00e7\u00e3o que o C.A.S., se encontrava com mandado depris\u00e3o em aberto, referente a d\u00e9bitos de pens\u00e3o aliment\u00edcia, os Policiais Militares de Irapuru iniciaram patrulhamento, onde localizaram o mesmo, sendo realizado busca pessoal e nada de il\u00edcitoencontrado. Autor foi cientificado do mandado de pris\u00e3o e conduzido aodistrito policial, permanecendo a disposi\u00e7\u00e3o da justi\u00e7a.<\/p>\n<p style=\"text-align: justify;\"><strong>POL\u00cdCIA MILITARPRENDE HOMEM PROCURADO DA JUSTI\u00c7A EM PANORAMA\/SP.<\/strong><\/p>\n<p style=\"text-align: justify;\">Condenado Capturado<\/p>\n<p style=\"text-align: justify;\">Data: 07SET19 \u00e1s 01h57min.<\/p>\n<p style=\"text-align: justify;\">Endere\u00e7o: Av.Adolpho Vieira de Freitas \u2013 Marrecas \u2013 Panorama\/SP.<\/p>\n<p style=\"text-align: justify;\">Autor: M.W.S.<\/p>\n<p style=\"text-align: justify;\">Na madrugada do dia 07, os Policiais Militares de Panorama, durante o patrulhamento, abordaram o M.W.S., onde foi submetido a busca pessoal e nada de il\u00edcito foi encontrado, por\u00e9m ao verificar a documenta\u00e7\u00e3o foi feito consulta via Copom sendo que constou mandado de pris\u00e3o em aberto. Autor foi conduzido at\u00e9 a delegacia onde permanecendo a disposi\u00e7\u00e3o da justi\u00e7a.<\/p>\n<p style=\"text-align: justify;\"><strong>DUPLA \u00c9 PRESA PELA POL\u00cdCIA MILITAR EM OSVALDO CRUZ\/SP, POR TENTAR FURTAR PEIXES.<\/strong><\/p>\n<p style=\"text-align: justify;\">Tentativa de furto\u2013 Flagrante<\/p>\n<p style=\"text-align: justify;\">Data: 07SET19 \u00e1s 19h48min.<\/p>\n<p style=\"text-align: justify;\">Endere\u00e7o: Fazenda Santa Luzia &#8211; Venda Branca &#8211; Osvaldo Cruz\/SP.<\/p>\n<p style=\"text-align: justify;\">Autor 01: J.K.O.F.<\/p>\n<p style=\"text-align: justify;\">Autor 02: S.B.F.<\/p>\n<p style=\"text-align: justify;\">Apreens\u00e3o: 15 Til\u00e1pias e 01 Tarrafa.<\/p>\n<p style=\"text-align: justify;\">No dia 07, por volta da 19h, os Policiais Militares de Osvaldo Cruz, foram acionados para averiguar uma den\u00fancia de furto de peixes. No local, uma fazenda, os policiais se depararam com um ve\u00edculo Gol branco com placas de Salmour\u00e3o\/SP,estacionado em uma estrada no interior da fazenda. Em uma represa que pertence a fazenda, os policiais visualizaram dois homens na margem e que ao perceber a presen\u00e7a policial, tentaram dispensar os peixes, porem foram contidos e abordados, sendo localizado com os autores, J.K.O.F. e S.B.F., um saco de nylon cheio de peixes e uma rede (tarrafa) contendo peixes, totalizando 15 peixes (Til\u00e1pias). Dada voz de pris\u00e3o por tentativa de furto, onde as partes foram conduzidas at\u00e9 a delegacia, onde permaneceram presos a disposi\u00e7\u00e3o da justi\u00e7a.<\/p>\n<p style=\"text-align: justify;\"><strong>EM OSVALDO CRUZ, POL\u00cdCIA MILITAR FAZ A CAPTURA DE INDIV\u00cdDUO PROCURADO PELA JUSTI\u00c7A.<\/strong><\/p>\n<p style=\"text-align: justify;\">Condenado Capturado<\/p>\n<p style=\"text-align: justify;\">Data: 07SET19 \u00e1s 20h00min.<\/p>\n<p style=\"text-align: justify;\">Endere\u00e7o: Rua Avanhandava &#8211; Mira Ir\u00e1 &#8211; Osvaldo Cruz\/SP.<\/p>\n<p style=\"text-align: justify;\">Autor: L.S.C.<\/p>\n<p style=\"text-align: justify;\">As 20h00min deste s\u00e1bado (07), Policiais Militares de Osvaldo Cruz, faziam patrulhamento pela rua Avanhandava, e realizaram abordagem em duas pessoas (uma do sexo feminino) que ocupavam uma motocicleta. Em abordagem, nada de il\u00edcito foi encontrado, por\u00e9m, era do conhecimento dos policias militares que existia contra o indiv\u00edduo L.S.C. de 30 anos, um mandado de pris\u00e3o em seu desfavor no regime semiaberto, onde foi dada voz de pris\u00e3o ao autor.<\/p>\n<p style=\"text-align: justify;\"><strong>HOMEM \u00c9 PRESO PELA POL\u00cdCIA MILITAR EM ADAMANTINA\/SP, POR TR\u00c1FICO DE DROGAS.<\/strong><\/p>\n<p style=\"text-align: justify;\">Tr\u00e1fico de Drogas\u2013 Flagrante<\/p>\n<p style=\"text-align: justify;\">Data: 09SET19 \u00e1s 00h20min.<\/p>\n<p style=\"text-align: justify;\">Endere\u00e7o: SP 294 (Trevo Lagoa Seca) &#8211; Adamantina\/SP.<\/p>\n<p style=\"text-align: justify;\">Autor: D.J.S.<\/p>\n<p style=\"text-align: justify;\">Apreens\u00e3o: 0,098Kg de coca\u00edna, R$ 274,00 e um celular marca Motorola.<\/p>\n<p style=\"text-align: justify;\">Nesta madrugada, os Policiais Militares da For\u00e7a T\u00e1tica, durante patrulhamento pela rodovia SP-294 pr\u00f3ximo ao munic\u00edpio de Adamantina, avistaram um ve\u00edculo Ford Fiesta em atitude suspeita e ap\u00f3s breve acompanhamento e com apoio de outras viaturas, foi realizada a abordagem. Na busca pessoal, foi encontrado em poder do autor D.J.S., a quantia de R$ 274,00 e em vistoria no ve\u00edculo, sob o banco foi localizado um inv\u00f3lucro pl\u00e1stico contendo 0,098 kg de coca\u00edna. Diante do fato foi dado voz de pris\u00e3o em flagrante pelo crime de Tr\u00e1fico de Drogas e conduzido \u00e0 delegacia onde permaneceu preso \u00e0 disposi\u00e7\u00e3o da justi\u00e7a.<\/p>\n<p style=\"text-align: justify;\"><strong>POL\u00cdCIA MILITAR PRENDE HOMEM POR FURTO DE MOTOCICLETA E RECUPERA O VE\u00cdCULO EM PAULIC\u00c9IA\/SP.<\/strong><\/p>\n<p style=\"text-align: justify;\">Tentativa de Furto de Ve\u00edculo \u2013 Flagrante<\/p>\n<p style=\"text-align: justify;\">Data: 05SET19 \u00e1s 18h00min.<\/p>\n<p style=\"text-align: justify;\">Endere\u00e7o: Rua Paulo de Arruda Mendes \u2013 Marrecas &#8211; Panorama\/SP.<\/p>\n<p style=\"text-align: justify;\">Indiciado: V.A.M.<\/p>\n<p style=\"text-align: justify;\">V\u00edtima: R.M.O.<\/p>\n<p style=\"text-align: justify;\">Nesta quinta-feira (5), por volta das 17H30min, osPoliciais Militares de Paulic\u00e9ia\/SP, receberam informa\u00e7\u00f5es sobre motociclistas tentando roubar ve\u00edculos na rodovia BR 158, pr\u00f3ximo a ponte de Paulic\u00e9ia que liga os estados de S\u00e3o Paulo ao Matogrosso do Sul.No local localizaram uma motocicleta abandonada com um peda\u00e7o da chave quebrado na fechadura do tanque de combust\u00edvel, rapidamente transmitiram as informa\u00e7\u00f5es para as demais equipes de servi\u00e7o atrav\u00e9s da rede de r\u00e1dio e fizeram contato com os policiais do estado do MS que informaram que a motocicleta havia sido furtada a poucos minutos pelo munic\u00edpio de Brasil\u00e2ndia\/MS. Logo em seguida os policiais de servi\u00e7o pelo munic\u00edpio de Panorama\/SP abordaram V. A. M. de 23 anos quando tentava furtar um ve\u00edculo de marca VW Gol e durante a busca pessoal localizaram em suas vestes uma chave (quebrada) de motocicleta e um capacete que foram reconhecidos pela v\u00edtima, propriet\u00e1rio da moto furtada culminando com a pris\u00e3o em flagrante do autor dos crimes, permanecendo preso \u00e0 disposi\u00e7\u00e3o da justi\u00e7a.<\/p>\n<p style=\"text-align: justify;\"><strong>AP\u00d3S DESCUMPRIR MEDIDA PROTETIVA, HOMEM \u00c9 PRESO PELA POL\u00cdCIA MILITAR EM IRAPURU\/SP. <\/strong><\/p>\n<p style=\"text-align: justify;\">Descumprimento de Medida Protetiva. \u2013 Flagrante<\/p>\n<p style=\"text-align: justify;\">Data: 05SET19 \u00e1s 15h15min.<\/p>\n<p style=\"text-align: justify;\">Endere\u00e7o: Rua Rio Branco &#8211; Centro \u2013 Irapuru\/Sp.<\/p>\n<p style=\"text-align: justify;\">Indiciado: O.N.S. (56 anos).<\/p>\n<p style=\"text-align: justify;\">V\u00edtima: T.S.M. (32 anos).<\/p>\n<p style=\"text-align: justify;\">Na tarde do dia 05, por volta das 15h, os Policiais Militares de Irapuru tomaram conhecimento que pela escola Pedro Leite Ribeiro estaria ocorrendo uma viol\u00eancia dom\u00e9stica. No local os policiais se depararam com indiciado O.N.S. e a v\u00edtima T.S.M., no interior da escola. Em contato com a v\u00edtima, informou que possui medida protetiva em desfavor de seu esposo (indiciado), e que teria sido surpreendida com a presen\u00e7a dele at\u00e9 o balc\u00e3o da recep\u00e7\u00e3o, iniciando uma discuss\u00e3o devido aos filhos, por\u00e9m sem amea\u00e7as a sua integridade f\u00edsica, apresentando ainda aos policiais, a medida protetivaexpedida pela comarca de Pacaembu. Diante do fato, ambos foram conduzidos at\u00e9 a delegacia, sendo apresentados a autoridade policial, que ap\u00f3s tomar ci\u00eancia dos fatos, prendeu o autor por descumprimento de medida protetiva de urg\u00eancia (lei Maria da Penha), permanecendo a disposi\u00e7\u00e3o da justi\u00e7a.<\/p>\n<p style=\"text-align: justify;\">#25BPMI<\/p>\n<p style=\"text-align: justify;\">#POLICIAMILITARSP<\/p>\n<p style=\"text-align: justify;\">#AFOR\u00c7AP\u00daBLICADES\u00c3OPAULO<\/p>\n<p style=\"text-align: justify;\">Fonte: COMUNICA\u00c7\u00c3O SOCIAL DO 25\u00ba BPM\/I &#8211; Dracena e regi\u00e3o.<\/p>\n","protected":false},"excerpt":{"rendered":"<p>MULHER \u00c9 MORTA COM GOLPE DE FACA EM ADAMANTINA\/SP. Homic\u00eddio. Data: 10SET19 \u00e0s 21h23min. Endere\u00e7o: Rua Jo\u00e3o Vicente de Miranda, 20\u2013Jd. Primavera\u2013Adamantina\/SP. Autor: J.M.B (32 anos) Testemunha: S.D.F.S (26 anos) V\u00edtima: M.J.F.S (29 anos)\u00a0 Na data de ontem (10) na cidade de Adamantina segundo declara\u00e7\u00f5es das testemunhas, o autor ex-am\u00e1sio da v\u00edtima de posse de [&hellip;]<\/p>\n","protected":false},"author":1,"featured_media":5913,"comment_status":"closed","ping_status":"open","sticky":false,"template":"","format":"standard","meta":{"footnotes":""},"categories":[110,2],"tags":[],"class_list":["post-5912","post","type-post","status-publish","format-standard","has-post-thumbnail","hentry","category-noticiasdestaque","category-policial"],"_links":{"self":[{"href":"https:\/\/jorgezanoni.com.br\/2019\/wp-json\/wp\/v2\/posts\/5912","targetHints":{"allow":["GET"]}}],"collection":[{"href":"https:\/\/jorgezanoni.com.br\/2019\/wp-json\/wp\/v2\/posts"}],"about":[{"href":"https:\/\/jorgezanoni.com.br\/2019\/wp-json\/wp\/v2\/types\/post"}],"author":[{"embeddable":true,"href":"https:\/\/jorgezanoni.com.br\/2019\/wp-json\/wp\/v2\/users\/1"}],"replies":[{"embeddable":true,"href":"https:\/\/jorgezanoni.com.br\/2019\/wp-json\/wp\/v2\/comments?post=5912"}],"version-history":[{"count":0,"href":"https:\/\/jorgezanoni.com.br\/2019\/wp-json\/wp\/v2\/posts\/5912\/revisions"}],"wp:featuredmedia":[{"embeddable":true,"href":"https:\/\/jorgezanoni.com.br\/2019\/wp-json\/wp\/v2\/media\/5913"}],"wp:attachment":[{"href":"https:\/\/jorgezanoni.com.br\/2019\/wp-json\/wp\/v2\/media?parent=5912"}],"wp:term":[{"taxonomy":"category","embeddable":true,"href":"https:\/\/jorgezanoni.com.br\/2019\/wp-json\/wp\/v2\/categories?post=5912"},{"taxonomy":"post_tag","embeddable":true,"href":"https:\/\/jorgezanoni.com.br\/2019\/wp-json\/wp\/v2\/tags?post=5912"}],"curies":[{"name":"wp","href":"https:\/\/api.w.org\/{rel}","templated":true}]}}