{"id":59108,"date":"2022-01-27T13:53:05","date_gmt":"2022-01-27T13:53:05","guid":{"rendered":"https:\/\/jorgezanoni.com.br\/2019\/?p=59108"},"modified":"2022-01-27T13:53:05","modified_gmt":"2022-01-27T13:53:05","slug":"policia-militar-ocorrencias-registradas-nas-ultimas-horas","status":"publish","type":"post","link":"https:\/\/jorgezanoni.com.br\/2019\/policia-militar-ocorrencias-registradas-nas-ultimas-horas\/","title":{"rendered":"POL\u00cdCIA MILITAR: Ocorr\u00eancias registradas nas \u00faltimas horas"},"content":{"rendered":"<p style=\"text-align: justify;\">POL\u00cdCIA MILITAR EM JUNQUEIR\u00d3POLIS AGE RAPIDAMENTE E PRENDE DOIS INDIV\u00cdDUOS EM FLAGRANTE POR ROUBO A ESTABELECIMENTO COMERCIAL, RECUPERANDO O DINHEIRO.<\/p>\n<p style=\"text-align: justify;\">Apreens\u00e3o: 01 rev\u00f3lver inoxid\u00e1vel marca rossi cal .22; 05 muni\u00e7\u00f5es intactas marca cbc<br \/>\nR$860,00 reais; roupas do utilizadas no il\u00edcito; 01 ve\u00edculo gol branco.<\/p>\n<p style=\"text-align: justify;\">Na data de ontem (26) por volta das 16h foi irradiada via COPOM (190) ocorr\u00eancia de roubo por um estabelecimento comercial, sendo dois indiv\u00edduos um moreno, magro alto t\u00eanis preto e vermelho cal\u00e7a jeans blusa azul e chap\u00e9u de palha e outro indiv\u00edduo branco de botina, camisa azul e bon\u00e9 marrom, no qual o moreno armado de um rev\u00f3lver inoxid\u00e1vel anunciaram o roubo levando dinheiro dos caixas e que chegaram em um ve\u00edculo gol quadrado branco. De posse das caracter\u00edsticas as equipes policiais iniciaram patrulhamento e foi localizado um dos indiv\u00edduos (homem 18 anos) homiziado o em uma resid\u00eancia e em busca pessoal nada de il\u00edcito foi encontrado, e em busca domiciliar foi encontrado uma arma calibre 22 marca rossi inoxid\u00e1vel com 5 muni\u00e7\u00f5es intactas, as vestes bem como R$860,00 proveniente do il\u00edcito. Em entrevista pessoal informou que seu comparsa seria seu primo e em dilig\u00eancias o indiciado 02 (homem 19 anos) e ao avistar as viaturas empreendeu fuga a p\u00e9 por cima das casas sendo acompanhado e posterior adentrou a um pasto que dava acesso ao cemit\u00e9rio. Com apoio de mais equipes policiais o localizaram no cemit\u00e9rio vindo novamente a pular o muro e cercas, vindo a ser contido e preso. Foi realizado vistoria em sua resid\u00eancia e encontrado as vestes utilizadas no momento do crime. Diante dos fatos foi dada voz de pris\u00e3o em flagrante delito pelo crime de roubo aos indiv\u00edduos permanecendo presos \u00e0 disposi\u00e7\u00e3o da Justi\u00e7a.<\/p>\n<p><img loading=\"lazy\" decoding=\"async\" class=\"alignnone size-full wp-image-59109\" src=\"https:\/\/jorgezanoni.com.br\/2019\/wp-content\/uploads\/2022\/01\/jju.jpg\" alt=\"\" width=\"1280\" height=\"576\" srcset=\"https:\/\/jorgezanoni.com.br\/2019\/wp-content\/uploads\/2022\/01\/jju.jpg 1280w, https:\/\/jorgezanoni.com.br\/2019\/wp-content\/uploads\/2022\/01\/jju-300x135.jpg 300w, https:\/\/jorgezanoni.com.br\/2019\/wp-content\/uploads\/2022\/01\/jju-1024x461.jpg 1024w, https:\/\/jorgezanoni.com.br\/2019\/wp-content\/uploads\/2022\/01\/jju-768x346.jpg 768w, https:\/\/jorgezanoni.com.br\/2019\/wp-content\/uploads\/2022\/01\/jju-696x313.jpg 696w, https:\/\/jorgezanoni.com.br\/2019\/wp-content\/uploads\/2022\/01\/jju-1068x481.jpg 1068w, https:\/\/jorgezanoni.com.br\/2019\/wp-content\/uploads\/2022\/01\/jju-933x420.jpg 933w\" sizes=\"auto, (max-width: 1280px) 100vw, 1280px\" \/> <img loading=\"lazy\" decoding=\"async\" class=\"alignnone size-full wp-image-59110\" src=\"https:\/\/jorgezanoni.com.br\/2019\/wp-content\/uploads\/2022\/01\/jju1.jpg\" alt=\"\" width=\"1280\" height=\"575\" srcset=\"https:\/\/jorgezanoni.com.br\/2019\/wp-content\/uploads\/2022\/01\/jju1.jpg 1280w, https:\/\/jorgezanoni.com.br\/2019\/wp-content\/uploads\/2022\/01\/jju1-300x135.jpg 300w, https:\/\/jorgezanoni.com.br\/2019\/wp-content\/uploads\/2022\/01\/jju1-1024x460.jpg 1024w, https:\/\/jorgezanoni.com.br\/2019\/wp-content\/uploads\/2022\/01\/jju1-768x345.jpg 768w, https:\/\/jorgezanoni.com.br\/2019\/wp-content\/uploads\/2022\/01\/jju1-696x313.jpg 696w, https:\/\/jorgezanoni.com.br\/2019\/wp-content\/uploads\/2022\/01\/jju1-1068x480.jpg 1068w, https:\/\/jorgezanoni.com.br\/2019\/wp-content\/uploads\/2022\/01\/jju1-935x420.jpg 935w\" sizes=\"auto, (max-width: 1280px) 100vw, 1280px\" \/><\/p>\n<p style=\"text-align: justify;\">POL\u00cdCIA MILITAR EM PANORAMA DE INDIV\u00cdDUO POR TR\u00c1FICO DE DROGAS AP\u00d3S DEN\u00daNCIA DA M\u00c3E.<\/p>\n<p style=\"text-align: justify;\">Na data de ontem (26) por volta das 17h02min a Pol\u00edcia Militar em Panorama recebeu den\u00fancia via COPOM, onde a uma mulher 45 anos, m\u00e3e do autor, homem 18 anos, denunciou que seu filho havia guardado subst\u00e2ncias, que desconfiou ser drogas, dentro de uma caixa em seu quarto. Com a chegada da equipe foi constatado 24 inv\u00f3lucros com uma subst\u00e2ncia em p\u00f3 de cor branca, aparentando ser coca\u00edna dentro da referida caixa. Ap\u00f3s relato da m\u00e3e, a equipe foi ao trabalho do indiciado, e logramos \u00eaxito em localiz\u00e1-lo, sendo dada voz de pris\u00e3o por tr\u00e1fico de drogas. Durante a abordagem o indiciado relatou ser de sua propriedade as subst\u00e2ncias e que havia pegado de um indiv\u00edduo levando-as para casa no intuito de escond\u00ea-las. O indiciado permaneceu preso \u00e0 disposi\u00e7\u00e3o da Justi\u00e7a. A droga pesou aproximadamente 11,4g<\/p>\n<p><img loading=\"lazy\" decoding=\"async\" class=\"alignnone size-full wp-image-59111\" src=\"https:\/\/jorgezanoni.com.br\/2019\/wp-content\/uploads\/2022\/01\/Pano-2.jpg\" alt=\"\" width=\"768\" height=\"1024\" srcset=\"https:\/\/jorgezanoni.com.br\/2019\/wp-content\/uploads\/2022\/01\/Pano-2.jpg 768w, https:\/\/jorgezanoni.com.br\/2019\/wp-content\/uploads\/2022\/01\/Pano-2-225x300.jpg 225w, https:\/\/jorgezanoni.com.br\/2019\/wp-content\/uploads\/2022\/01\/Pano-2-696x928.jpg 696w, https:\/\/jorgezanoni.com.br\/2019\/wp-content\/uploads\/2022\/01\/Pano-2-315x420.jpg 315w\" sizes=\"auto, (max-width: 768px) 100vw, 768px\" \/><\/p>\n<p style=\"text-align: justify;\">SEMPRE ATENTOS: POL\u00cdCIA MILITAR EM JUNQUEIR\u00d3POLIS RECUPERA OBJETO FURTADO DE POSSE COM UM ADOLESCENTE.<\/p>\n<p style=\"text-align: justify;\">Na data de ontem (26) por volta das 22h20min a Pol\u00edcia Militar em Junqueir\u00f3polis durante patrulhamento visualizou o adolescente (16 anos) com um objeto nas m\u00e3os, ele entrou rapidamente em sua casa e saiu sem mais nada nas m\u00e3os.<br \/>\nDiante da atitude suspeita foi abordado e submetido a busca pessoal n\u00e3o sendo nada de il\u00edcito encontrado. Durante a abordagem a irm\u00e3 do menor saiu da casa e ao lhe ser perguntado o que seu irm\u00e3o tinha nas m\u00e3os quando entrou, ela disse ser uma chopeira e a entregou a equipe.<br \/>\nEra de conhecimento que hoje, nesta cidade, havia ocorrido um furto e que dentre os objetos furtados havia uma chopeira.<br \/>\nDiante dos fatos os envolvidos e objetos foram apresentados no plant\u00e3o de Pol\u00edcia Judici\u00e1ria, onde foi registrado boletim de ocorr\u00eancia de ato Infracional\/ apreens\u00e3o de objeto, ficando o objeto apreendido. O menor foi ouvido e liberado.<\/p>\n<p><img loading=\"lazy\" decoding=\"async\" class=\"alignnone size-full wp-image-59112\" src=\"https:\/\/jorgezanoni.com.br\/2019\/wp-content\/uploads\/2022\/01\/Junque.jpg\" alt=\"\" width=\"720\" height=\"1280\" srcset=\"https:\/\/jorgezanoni.com.br\/2019\/wp-content\/uploads\/2022\/01\/Junque.jpg 720w, https:\/\/jorgezanoni.com.br\/2019\/wp-content\/uploads\/2022\/01\/Junque-169x300.jpg 169w, https:\/\/jorgezanoni.com.br\/2019\/wp-content\/uploads\/2022\/01\/Junque-576x1024.jpg 576w, https:\/\/jorgezanoni.com.br\/2019\/wp-content\/uploads\/2022\/01\/Junque-696x1237.jpg 696w, https:\/\/jorgezanoni.com.br\/2019\/wp-content\/uploads\/2022\/01\/Junque-236x420.jpg 236w\" sizes=\"auto, (max-width: 720px) 100vw, 720px\" \/><\/p>\n<p style=\"text-align: justify;\">POL\u00cdCIA MILITAR PRENDE DOIS INDIV\u00cdDUOS POR TR\u00c1FICO DE DROGAS EM MONTE CASTELO APREENDENDO GRANDE QUANTIDADE DE DROGAS.<\/p>\n<p style=\"text-align: justify;\">Apreens\u00f5es:\u00a001 celular preto marca samsung; 41 ( quarenta e um ) micropontos de lsd<br \/>\n03 (tr\u00eas) por\u00e7\u00f5es de maconha, totalizando 0,160 kg; 02 ( duas) por\u00e7\u00f5es de crack, sendo 01 (uma) pesando 0,002 kg e a segunda uma pedra bruta pesando 0,027 kg, totalizando 0,029 kg; R$ 1.270,00 ( um mil duzentos e setenta reais); 01 (um) ve\u00edculo vw parati, cor preta.<\/p>\n<p style=\"text-align: justify;\">Na data de ontem (26) por volta das 17h33min a Pol\u00edcia Militar recebeu den\u00fancia an\u00f4nima de que dois indiv\u00edduos (29 e 20 anos) j\u00e1 conhecidos nos meios policiais pela pr\u00e1tica do crime de tr\u00e1fico de drogas, onde estariam deslocando nesta data at\u00e9 a cidade de Monte Castelo para levar drogas.<br \/>\nDiante desta informa\u00e7\u00e3o foi visualizado o momento em que eles sa\u00edram da resid\u00eancia sentido Monte Castelo pela estrada de terra do bairro Barro Preto. Diante dos fatos equipes policiais conseguiram abordar o ve\u00edculo pela entrada da cidade, sendo poss\u00edvel visualizar o carona arremessando algo pela janela do carro. Durante busca pessoal nada de il\u00edcito foi encontrado com o mesmo, j\u00e1 no interior do ve\u00edculo foi localizado um peda\u00e7o de tijolo de maconha, embalado em sacola pl\u00e1stica de cor branca, al\u00e9m de R$ 1.270,00 (um mil, duzentos e setenta reais) sendo sete notas de R$ 100,00 (cem reais), onze notas de R$ 50,00 (cinquenta reais) e uma nota de R$ 20,00 (vinte reais) e o objeto arremessado foi localizado, sendo uma por\u00e7\u00e3o de crack.<br \/>\nNo banco traseiro do ve\u00edculo havia duas crian\u00e7as sendo estes filhos de um dos indiciados (02 e 03 anos), sendo acionado o Conselho Tutelar de Monte Castelo para acompanhar a ocorr\u00eancia.<br \/>\nOs dois indiv\u00edduos informaram que na casa de um dos indiciados havia mais maconha enterrada em um monte de pedras, sendo localizado, e ainda dentro da resid\u00eancia mais crack e lsd, dentro de uma bacia de pl\u00e1stico azul sobre o arm\u00e1rio da cozinha, sendo uma pedra bruta de crack, 41 micropontos de lsd e uma por\u00e7\u00e3o de maconha.<br \/>\nDiante dos fatos os indiciados permaneceram presos \u00e0 disposi\u00e7\u00e3o da Justi\u00e7a e as crian\u00e7as entregues a av\u00f3.<\/p>\n<p style=\"text-align: justify;\"><img loading=\"lazy\" decoding=\"async\" class=\"alignnone size-full wp-image-59113\" src=\"https:\/\/jorgezanoni.com.br\/2019\/wp-content\/uploads\/2022\/01\/Monte.jpg\" alt=\"\" width=\"1280\" height=\"960\" srcset=\"https:\/\/jorgezanoni.com.br\/2019\/wp-content\/uploads\/2022\/01\/Monte.jpg 1280w, https:\/\/jorgezanoni.com.br\/2019\/wp-content\/uploads\/2022\/01\/Monte-300x225.jpg 300w, https:\/\/jorgezanoni.com.br\/2019\/wp-content\/uploads\/2022\/01\/Monte-1024x768.jpg 1024w, https:\/\/jorgezanoni.com.br\/2019\/wp-content\/uploads\/2022\/01\/Monte-768x576.jpg 768w, https:\/\/jorgezanoni.com.br\/2019\/wp-content\/uploads\/2022\/01\/Monte-80x60.jpg 80w, https:\/\/jorgezanoni.com.br\/2019\/wp-content\/uploads\/2022\/01\/Monte-265x198.jpg 265w, https:\/\/jorgezanoni.com.br\/2019\/wp-content\/uploads\/2022\/01\/Monte-696x522.jpg 696w, https:\/\/jorgezanoni.com.br\/2019\/wp-content\/uploads\/2022\/01\/Monte-1068x801.jpg 1068w, https:\/\/jorgezanoni.com.br\/2019\/wp-content\/uploads\/2022\/01\/Monte-560x420.jpg 560w\" sizes=\"auto, (max-width: 1280px) 100vw, 1280px\" \/> <img loading=\"lazy\" decoding=\"async\" class=\"alignnone size-full wp-image-59114\" src=\"https:\/\/jorgezanoni.com.br\/2019\/wp-content\/uploads\/2022\/01\/monte1.jpg\" alt=\"\" width=\"1280\" height=\"960\" srcset=\"https:\/\/jorgezanoni.com.br\/2019\/wp-content\/uploads\/2022\/01\/monte1.jpg 1280w, https:\/\/jorgezanoni.com.br\/2019\/wp-content\/uploads\/2022\/01\/monte1-300x225.jpg 300w, https:\/\/jorgezanoni.com.br\/2019\/wp-content\/uploads\/2022\/01\/monte1-1024x768.jpg 1024w, https:\/\/jorgezanoni.com.br\/2019\/wp-content\/uploads\/2022\/01\/monte1-768x576.jpg 768w, https:\/\/jorgezanoni.com.br\/2019\/wp-content\/uploads\/2022\/01\/monte1-80x60.jpg 80w, https:\/\/jorgezanoni.com.br\/2019\/wp-content\/uploads\/2022\/01\/monte1-265x198.jpg 265w, https:\/\/jorgezanoni.com.br\/2019\/wp-content\/uploads\/2022\/01\/monte1-696x522.jpg 696w, https:\/\/jorgezanoni.com.br\/2019\/wp-content\/uploads\/2022\/01\/monte1-1068x801.jpg 1068w, https:\/\/jorgezanoni.com.br\/2019\/wp-content\/uploads\/2022\/01\/monte1-560x420.jpg 560w\" sizes=\"auto, (max-width: 1280px) 100vw, 1280px\" \/>#25bpmi<br \/>\n#cpi8<br \/>\n#POLICIAMILITARSP<br \/>\n#AFOR\u00c7AP\u00daBLICADES\u00c3OPAULO<br \/>\nComunica\u00e7\u00e3o Social do 25BPMI e regi\u00e3o<\/p>\n<p>&nbsp;<\/p>\n","protected":false},"excerpt":{"rendered":"<p>POL\u00cdCIA MILITAR EM JUNQUEIR\u00d3POLIS AGE RAPIDAMENTE E PRENDE DOIS INDIV\u00cdDUOS EM FLAGRANTE POR ROUBO A ESTABELECIMENTO COMERCIAL, RECUPERANDO O DINHEIRO. Apreens\u00e3o: 01 rev\u00f3lver inoxid\u00e1vel marca rossi cal .22; 05 muni\u00e7\u00f5es intactas marca cbc R$860,00 reais; roupas do utilizadas no il\u00edcito; 01 ve\u00edculo gol branco. Na data de ontem (26) por volta das 16h foi irradiada [&hellip;]<\/p>\n","protected":false},"author":1,"featured_media":59116,"comment_status":"closed","ping_status":"open","sticky":false,"template":"","format":"standard","meta":{"footnotes":""},"categories":[110,2],"tags":[],"class_list":["post-59108","post","type-post","status-publish","format-standard","has-post-thumbnail","hentry","category-noticiasdestaque","category-policial"],"_links":{"self":[{"href":"https:\/\/jorgezanoni.com.br\/2019\/wp-json\/wp\/v2\/posts\/59108","targetHints":{"allow":["GET"]}}],"collection":[{"href":"https:\/\/jorgezanoni.com.br\/2019\/wp-json\/wp\/v2\/posts"}],"about":[{"href":"https:\/\/jorgezanoni.com.br\/2019\/wp-json\/wp\/v2\/types\/post"}],"author":[{"embeddable":true,"href":"https:\/\/jorgezanoni.com.br\/2019\/wp-json\/wp\/v2\/users\/1"}],"replies":[{"embeddable":true,"href":"https:\/\/jorgezanoni.com.br\/2019\/wp-json\/wp\/v2\/comments?post=59108"}],"version-history":[{"count":0,"href":"https:\/\/jorgezanoni.com.br\/2019\/wp-json\/wp\/v2\/posts\/59108\/revisions"}],"wp:featuredmedia":[{"embeddable":true,"href":"https:\/\/jorgezanoni.com.br\/2019\/wp-json\/wp\/v2\/media\/59116"}],"wp:attachment":[{"href":"https:\/\/jorgezanoni.com.br\/2019\/wp-json\/wp\/v2\/media?parent=59108"}],"wp:term":[{"taxonomy":"category","embeddable":true,"href":"https:\/\/jorgezanoni.com.br\/2019\/wp-json\/wp\/v2\/categories?post=59108"},{"taxonomy":"post_tag","embeddable":true,"href":"https:\/\/jorgezanoni.com.br\/2019\/wp-json\/wp\/v2\/tags?post=59108"}],"curies":[{"name":"wp","href":"https:\/\/api.w.org\/{rel}","templated":true}]}}