{"id":5909,"date":"2019-09-11T23:26:20","date_gmt":"2019-09-11T23:26:20","guid":{"rendered":"https:\/\/jorgezanoni.com.br\/2019\/?p=5909"},"modified":"2019-09-11T23:26:20","modified_gmt":"2019-09-11T23:26:20","slug":"secretaria-de-educacao-de-dracena-oferta-curso-de-libras","status":"publish","type":"post","link":"https:\/\/jorgezanoni.com.br\/2019\/secretaria-de-educacao-de-dracena-oferta-curso-de-libras\/","title":{"rendered":"Secretaria de Educa\u00e7\u00e3o de Dracena oferta curso de Libras"},"content":{"rendered":"<p style=\"text-align: justify;\">A Secretaria de Educa\u00e7\u00e3o de Dracena deu in\u00edcio \u00e0 forma\u00e7\u00e3o continuada no Curso B\u00e1sico de Libras \u2013 L\u00edngua Brasileira de Sinais, ministrado pela professora especialista na \u00e1rea Marina Gutierrez Sant\u2019Ana Prette.\u00a0O curso tem dura\u00e7\u00e3o de 45 horas e o conte\u00fado program\u00e1tico contempla a legisla\u00e7\u00e3o, contexto hist\u00f3rico, gram\u00e1tica e demais par\u00e2metros sobre o tema.<\/p>\n<p style=\"text-align: justify;\">A proposta do curso \u00e9 que os cursistas aprendam sobre libras e possam aplicar os conhecimentos durante o trabalho docente, a fim de contribuir ao processo de ensino e aprendizagem na rede.<\/p>\n<p style=\"text-align: justify;\">Participaram\u00a0da a\u00e7\u00e3o profissionais da Secretaria de Assist\u00eancia Social, do CREAS (Centro de Refer\u00eancia Especializada de Assist\u00eancia Social), do CRAS (Centro de Refer\u00eancia Especializada de Assist\u00eancia Social), do Conselho Tutelar e do Projeto Quero Vida, que est\u00e3o se capacitando devido legisla\u00e7\u00e3o vigente para a forma\u00e7\u00e3o nessa tem\u00e1tica.<\/p>\n<p style=\"text-align: justify;\">Para a Secret\u00e1ria de Educa\u00e7\u00e3o, Professora Mestra Vanessa Red\u00edgolo Castilho \u201ca educa\u00e7\u00e3o especial \u00e9 uma modalidade que vem ganhando for\u00e7a e faz-se necess\u00e1ria no cen\u00e1rio educacional, para isso, os profissionais necessitam de forma\u00e7\u00f5es para que possam melhor atender os estudantes\u201d.<\/p>\n<p>Fonte: Diretoria de Comunica\u00e7\u00e3o<\/p>\n","protected":false},"excerpt":{"rendered":"<p>A Secretaria de Educa\u00e7\u00e3o de Dracena deu in\u00edcio \u00e0 forma\u00e7\u00e3o continuada no Curso B\u00e1sico de Libras \u2013 L\u00edngua Brasileira de Sinais, ministrado pela professora especialista na \u00e1rea Marina Gutierrez Sant\u2019Ana Prette.\u00a0O curso tem dura\u00e7\u00e3o de 45 horas e o conte\u00fado program\u00e1tico contempla a legisla\u00e7\u00e3o, contexto hist\u00f3rico, gram\u00e1tica e demais par\u00e2metros sobre o tema. A proposta [&hellip;]<\/p>\n","protected":false},"author":1,"featured_media":5910,"comment_status":"closed","ping_status":"open","sticky":false,"template":"","format":"standard","meta":{"footnotes":""},"categories":[122],"tags":[],"class_list":["post-5909","post","type-post","status-publish","format-standard","has-post-thumbnail","hentry","category-saudeeducacaoeconcurso"],"_links":{"self":[{"href":"https:\/\/jorgezanoni.com.br\/2019\/wp-json\/wp\/v2\/posts\/5909","targetHints":{"allow":["GET"]}}],"collection":[{"href":"https:\/\/jorgezanoni.com.br\/2019\/wp-json\/wp\/v2\/posts"}],"about":[{"href":"https:\/\/jorgezanoni.com.br\/2019\/wp-json\/wp\/v2\/types\/post"}],"author":[{"embeddable":true,"href":"https:\/\/jorgezanoni.com.br\/2019\/wp-json\/wp\/v2\/users\/1"}],"replies":[{"embeddable":true,"href":"https:\/\/jorgezanoni.com.br\/2019\/wp-json\/wp\/v2\/comments?post=5909"}],"version-history":[{"count":0,"href":"https:\/\/jorgezanoni.com.br\/2019\/wp-json\/wp\/v2\/posts\/5909\/revisions"}],"wp:featuredmedia":[{"embeddable":true,"href":"https:\/\/jorgezanoni.com.br\/2019\/wp-json\/wp\/v2\/media\/5910"}],"wp:attachment":[{"href":"https:\/\/jorgezanoni.com.br\/2019\/wp-json\/wp\/v2\/media?parent=5909"}],"wp:term":[{"taxonomy":"category","embeddable":true,"href":"https:\/\/jorgezanoni.com.br\/2019\/wp-json\/wp\/v2\/categories?post=5909"},{"taxonomy":"post_tag","embeddable":true,"href":"https:\/\/jorgezanoni.com.br\/2019\/wp-json\/wp\/v2\/tags?post=5909"}],"curies":[{"name":"wp","href":"https:\/\/api.w.org\/{rel}","templated":true}]}}