{"id":59075,"date":"2022-01-26T23:31:10","date_gmt":"2022-01-26T23:31:10","guid":{"rendered":"https:\/\/jorgezanoni.com.br\/2019\/?p=59075"},"modified":"2022-01-26T23:31:10","modified_gmt":"2022-01-26T23:31:10","slug":"morre-joao-jose-santaroza-antigo-morador-de-dracena","status":"publish","type":"post","link":"https:\/\/jorgezanoni.com.br\/2019\/morre-joao-jose-santaroza-antigo-morador-de-dracena\/","title":{"rendered":"Morre Jo\u00e3o Jos\u00e9 Santaroza, antigo morador de Dracena"},"content":{"rendered":"<p style=\"text-align: justify;\">Comunicamos com pesar o falecimento de Jo\u00e3o Jos\u00e9 Santaroza. Ele lutava contra um C\u00e2ncer e n\u00e3o resistiu, vindo a \u00f3bito na tarde de hoje (26)<\/p>\n<p style=\"text-align: justify;\">Deixa a esposa Lorinda, irm\u00e3os, demais familiares e amigos.<\/p>\n<p style=\"text-align: justify;\">O Seu corpo ser\u00e1 velado no Memorial Vida Prev a partir das 09:00 Horas de amanh\u00e3 (27)<\/p>\n<p style=\"text-align: justify;\">A Lorinda, familiares e amigos, a solidariedade do Site JZ<\/p>\n<p style=\"text-align: justify;\"><strong>MENSAGEM DA ESPOSA LORINDA:<\/strong><\/p>\n<p style=\"text-align: justify;\">O &#8220;SENHOR&#8221; Te trouxe para mim, O &#8220;SENHOR &#8221; Te buscou para ELE.<\/p>\n<p style=\"text-align: justify;\">N\u00c3O vou questionar a VONTADE DO SENHOR, mas vou sofreR muito com saudades e com a falta que voc\u00ea vai me Fazer<\/p>\n<div class=\"cxmmr5t8 oygrvhab hcukyx3x c1et5uql o9v6fnle ii04i59q\">\n<div dir=\"auto\" style=\"text-align: justify;\">JO\u00c3O JOS\u00c9 SANTAROZA<span class=\"pq6dq46d tbxw36s4 knj5qynh kvgmc6g5 ditlmg2l oygrvhab nvdbi5me sf5mxxl7 gl3lb2sf hhz5lgdu\"><img loading=\"lazy\" decoding=\"async\" src=\"https:\/\/static.xx.fbcdn.net\/images\/emoji.php\/v9\/t6c\/1\/16\/2764.png\" alt=\"\u2764\" width=\"16\" height=\"16\" \/><\/span>Meu TUDO.<\/div>\n<div dir=\"auto\" style=\"text-align: justify;\">SOFREMOS juntos muitos momentos, mas fomos\u00a0FELIZES.<\/div>\n<\/div>\n<div dir=\"auto\"><\/div>\n<div dir=\"auto\"><img loading=\"lazy\" decoding=\"async\" class=\"alignnone size-full wp-image-59076\" src=\"https:\/\/jorgezanoni.com.br\/2019\/wp-content\/uploads\/2022\/01\/Joao-Homenagem-2.jpg\" alt=\"\" width=\"506\" height=\"651\" srcset=\"https:\/\/jorgezanoni.com.br\/2019\/wp-content\/uploads\/2022\/01\/Joao-Homenagem-2.jpg 506w, https:\/\/jorgezanoni.com.br\/2019\/wp-content\/uploads\/2022\/01\/Joao-Homenagem-2-233x300.jpg 233w, https:\/\/jorgezanoni.com.br\/2019\/wp-content\/uploads\/2022\/01\/Joao-Homenagem-2-326x420.jpg 326w\" sizes=\"auto, (max-width: 506px) 100vw, 506px\" \/><\/div>\n<div dir=\"auto\"><\/div>\n<div dir=\"auto\" style=\"text-align: justify;\"><strong>MENSAGEM DO PADRE WILSON LU\u00cdS RAMOS:<\/strong><\/div>\n<p style=\"text-align: justify;\">Queridos irm\u00e3os e amigos ! Nesta tarde do dia 26\/01\/2022, Deus chamou para junto de si nosso amado amigo em Cristo Jesus e Maria, Sr. Jo\u00e3o Santaroza! Se houve algu\u00e9m que deu a vida pelo Centro de Evangeliza\u00e7\u00e3o do Bairro Maquininha foi este grande amigo. Deus acolha sua alma, ele faleceu depois de se purificar com um c\u00e2ncer. O vel\u00f3rio dever\u00e1 acontecer amanh\u00e3 a partir das 9h da manh\u00e3, no Vida Prev. Pedimos a ora\u00e7\u00e3o de todos os Campistas pela alma dele e pela vi\u00fava Lorinda Santaroza! Deus lhe conceda uma P\u00e1scoa feliz !<\/p>\n<p>Jorge Zanoni<\/p>\n<div class=\"kvgmc6g5 cxmmr5t8 oygrvhab hcukyx3x c1et5uql ii04i59q\"><\/div>\n<div class=\"cxmmr5t8 oygrvhab hcukyx3x c1et5uql o9v6fnle ii04i59q\">\n<div dir=\"auto\"><\/div>\n<\/div>\n","protected":false},"excerpt":{"rendered":"<p>Comunicamos com pesar o falecimento de Jo\u00e3o Jos\u00e9 Santaroza. Ele lutava contra um C\u00e2ncer e n\u00e3o resistiu, vindo a \u00f3bito na tarde de hoje (26) Deixa a esposa Lorinda, irm\u00e3os, demais familiares e amigos. O Seu corpo ser\u00e1 velado no Memorial Vida Prev a partir das 09:00 Horas de amanh\u00e3 (27) A Lorinda, familiares e [&hellip;]<\/p>\n","protected":false},"author":1,"featured_media":59077,"comment_status":"closed","ping_status":"open","sticky":false,"template":"","format":"standard","meta":{"footnotes":""},"categories":[178,110],"tags":[],"class_list":["post-59075","post","type-post","status-publish","format-standard","has-post-thumbnail","hentry","category-notadefalecimento","category-noticiasdestaque"],"_links":{"self":[{"href":"https:\/\/jorgezanoni.com.br\/2019\/wp-json\/wp\/v2\/posts\/59075","targetHints":{"allow":["GET"]}}],"collection":[{"href":"https:\/\/jorgezanoni.com.br\/2019\/wp-json\/wp\/v2\/posts"}],"about":[{"href":"https:\/\/jorgezanoni.com.br\/2019\/wp-json\/wp\/v2\/types\/post"}],"author":[{"embeddable":true,"href":"https:\/\/jorgezanoni.com.br\/2019\/wp-json\/wp\/v2\/users\/1"}],"replies":[{"embeddable":true,"href":"https:\/\/jorgezanoni.com.br\/2019\/wp-json\/wp\/v2\/comments?post=59075"}],"version-history":[{"count":0,"href":"https:\/\/jorgezanoni.com.br\/2019\/wp-json\/wp\/v2\/posts\/59075\/revisions"}],"wp:featuredmedia":[{"embeddable":true,"href":"https:\/\/jorgezanoni.com.br\/2019\/wp-json\/wp\/v2\/media\/59077"}],"wp:attachment":[{"href":"https:\/\/jorgezanoni.com.br\/2019\/wp-json\/wp\/v2\/media?parent=59075"}],"wp:term":[{"taxonomy":"category","embeddable":true,"href":"https:\/\/jorgezanoni.com.br\/2019\/wp-json\/wp\/v2\/categories?post=59075"},{"taxonomy":"post_tag","embeddable":true,"href":"https:\/\/jorgezanoni.com.br\/2019\/wp-json\/wp\/v2\/tags?post=59075"}],"curies":[{"name":"wp","href":"https:\/\/api.w.org\/{rel}","templated":true}]}}