{"id":59072,"date":"2022-01-26T18:37:29","date_gmt":"2022-01-26T18:37:29","guid":{"rendered":"https:\/\/jorgezanoni.com.br\/2019\/?p=59072"},"modified":"2022-01-26T18:38:14","modified_gmt":"2022-01-26T18:38:14","slug":"concursos-publicos-e-processos-seletivos-estao-com-vagas-abertas-em-cidades-do-oeste-paulista","status":"publish","type":"post","link":"https:\/\/jorgezanoni.com.br\/2019\/concursos-publicos-e-processos-seletivos-estao-com-vagas-abertas-em-cidades-do-oeste-paulista\/","title":{"rendered":"Concursos p\u00fablicos e processos seletivos est\u00e3o com vagas abertas em cidades do Oeste Paulista"},"content":{"rendered":"<h2 class=\"content-head__subtitle\" style=\"text-align: justify;\"><strong>Oportunidades s\u00e3o em Adamantina (SP), Ouro Verde (SP), Presidente Prudente (SP), Rancharia (SP) e Sandovalina (SP). Interessados devem se inscrever pela internet.<\/strong><\/h2>\n<div class=\"mc-column content-text active-extra-styles \" data-block-type=\"unstyled\" data-block-weight=\"16\" data-block-id=\"2\">\n<p class=\"content-text__container \" style=\"text-align: justify;\" data-track-category=\"Link no Texto\" data-track-links=\"\">Nesta quarta-feira (26), cidades do Oeste Paulista oferecem vagas para concursos p\u00fablicos e processos seletivos.<\/p>\n<\/div>\n<div class=\"wall protected-content\">\n<div class=\"mc-column content-text active-extra-styles\" style=\"text-align: justify;\" data-block-type=\"raw\" data-block-weight=\"1\" data-block-id=\"3\">\n<div class=\"content-intertitle\">\n<h2>Etec<\/h2>\n<\/div>\n<\/div>\n<div class=\"mc-column content-text active-extra-styles \" style=\"text-align: justify;\" data-block-type=\"unstyled\" data-block-weight=\"2\" data-block-id=\"4\">\n<p class=\"content-text__container \" data-track-category=\"Link no Texto\" data-track-links=\"\"><a href=\"https:\/\/g1.globo.com\/sp\/presidente-prudente-regiao\/cidade\/rancharia\/\"><strong>Rancharia<\/strong><\/a><\/p>\n<\/div>\n<div class=\"mc-column content-text active-extra-styles \" style=\"text-align: justify;\" data-block-type=\"unstyled\" data-block-weight=\"26\" data-block-id=\"5\">\n<p class=\"content-text__container \" data-track-category=\"Link no Texto\" data-track-links=\"\">A Escola T\u00e9cnica Estadual Deputado Francisco Franco (Etec) em\u00a0<a href=\"https:\/\/g1.globo.com\/sp\/presidente-prudente-regiao\/cidade\/rancharia\/\">Rancharia<\/a>\u00a0(SP) anunciou a realiza\u00e7\u00e3o de um novo processo seletivo para a forma\u00e7\u00e3o de cadastro reserva.<\/p>\n<\/div>\n<div class=\"mc-column content-text active-extra-styles \" style=\"text-align: justify;\" data-block-type=\"unstyled\" data-block-weight=\"31\" data-block-id=\"6\">\n<p class=\"content-text__container \" data-track-category=\"Link no Texto\" data-track-links=\"\">De acordo com o edital de abertura, h\u00e1 oportunidade dispon\u00edvel no componente curricular (habilita\u00e7\u00e3o) de Animais de Pequeno Porte (Agropecu\u00e1ria Integrado ao Ensino M\u00e9dio (MTec &#8211; Programa Novotec Integrado) &#8211; MTec-PI).<\/p>\n<\/div>\n<div class=\"mc-column content-text active-extra-styles \" style=\"text-align: justify;\" data-block-type=\"unstyled\" data-block-weight=\"10\" data-block-id=\"7\">\n<p class=\"content-text__container \" data-track-category=\"Link no Texto\" data-track-links=\"\">A remunera\u00e7\u00e3o prevista \u00e9 de R$ 18,35 por hora-aula.<\/p>\n<\/div>\n<div class=\"mc-column content-text active-extra-styles \" style=\"text-align: justify;\" data-block-type=\"unstyled\" data-block-weight=\"14\" data-block-id=\"8\">\n<p class=\"content-text__container \" data-track-category=\"Link no Texto\" data-track-links=\"\">As inscri\u00e7\u00f5es devem ser deitas\u00a0<a href=\"https:\/\/urhsistemas.cps.sp.gov.br\/dgsdad\/SelecaoPublica\/ETEC\/PSS\/Abertos.aspx\" target=\"_blank\" rel=\"noopener\">pela internet<\/a> at\u00e9 o dia 8 de fevereiro.<\/p>\n<\/div>\n<div class=\"mc-column content-text active-extra-styles\" style=\"text-align: justify;\" data-block-type=\"raw\" data-block-weight=\"3\" data-block-id=\"10\">\n<div class=\"content-intertitle\">\n<h2>Faculdade de Tecnologia<\/h2>\n<\/div>\n<\/div>\n<div class=\"mc-column content-text active-extra-styles \" style=\"text-align: justify;\" data-block-type=\"unstyled\" data-block-weight=\"2\" data-block-id=\"11\">\n<p class=\"content-text__container \" data-track-category=\"Link no Texto\" data-track-links=\"\"><a href=\"https:\/\/g1.globo.com\/sp\/presidente-prudente-regiao\/cidade\/presidente-prudente\/\"><strong>Presidente Prudente<\/strong><\/a><\/p>\n<\/div>\n<div class=\"mc-column content-text active-extra-styles \" style=\"text-align: justify;\" data-block-type=\"unstyled\" data-block-weight=\"20\" data-block-id=\"12\">\n<p class=\"content-text__container \" data-track-category=\"Link no Texto\" data-track-links=\"\">A Faculdade de Tecnologia de\u00a0<a href=\"https:\/\/g1.globo.com\/sp\/presidente-prudente-regiao\/cidade\/presidente-prudente\/\">Presidente Prudente<\/a>\u00a0(Fatec) abriu inscri\u00e7\u00f5es para processo seletivo que visa contratar professor de ensino superior.<\/p>\n<\/div>\n<div class=\"mc-column content-text active-extra-styles \" style=\"text-align: justify;\" data-block-type=\"unstyled\" data-block-weight=\"25\" data-block-id=\"13\">\n<p class=\"content-text__container \" data-track-category=\"Link no Texto\" data-track-links=\"\">De acordo com o edital, h\u00e1 uma vaga dispon\u00edvel para a \u00e1rea de Ci\u00eancias Pol\u00edticas e Econ\u00f4micas\/Marketing e Publicidade, na disciplina de Consumo e Comportamento<\/p>\n<\/div>\n<div class=\"mc-column content-text active-extra-styles \" style=\"text-align: justify;\" data-block-type=\"unstyled\" data-block-weight=\"11\" data-block-id=\"14\">\n<p class=\"content-text__container \" data-track-category=\"Link no Texto\" data-track-links=\"\">O sal\u00e1rio previsto \u00e9 de R$ 31,03 por hora-aula ministrada.<\/p>\n<\/div>\n<div class=\"mc-column content-text active-extra-styles \" style=\"text-align: justify;\" data-block-type=\"unstyled\" data-block-weight=\"11\" data-block-id=\"15\">\n<p class=\"content-text__container \" data-track-category=\"Link no Texto\" data-track-links=\"\">As inscri\u00e7\u00f5es devem ser feitas at\u00e9 27 de janeiro,\u00a0<a href=\"https:\/\/www.cps.sp.gov.br\/\" target=\"_blank\" rel=\"noopener\">pelo site<\/a>.<\/p>\n<\/div>\n<div class=\"mc-column content-text active-extra-styles\" style=\"text-align: justify;\" data-block-type=\"raw\" data-block-weight=\"2\" data-block-id=\"16\">\n<div class=\"content-intertitle\">\n<h2><a href=\"https:\/\/g1.globo.com\/sp\/presidente-prudente-regiao\/cidade\/ouro-verde-sp\/\">Ouro Verde<\/a><\/h2>\n<\/div>\n<\/div>\n<div class=\"mc-column content-text active-extra-styles \" style=\"text-align: justify;\" data-block-type=\"unstyled\" data-block-weight=\"24\" data-block-id=\"17\">\n<p class=\"content-text__container \" data-track-category=\"Link no Texto\" data-track-links=\"\">A Prefeitura de\u00a0<a href=\"https:\/\/g1.globo.com\/sp\/presidente-prudente-regiao\/cidade\/ouro-verde-sp\/\">Ouro Verde<\/a>\u00a0(SP) abriu inscri\u00e7\u00f5es para concurso p\u00fablico para a contrata\u00e7\u00e3o de profissionais e tamb\u00e9m para forma\u00e7\u00e3o de cadastro reserva.<\/p>\n<\/div>\n<div class=\"mc-column content-text active-extra-styles \" style=\"text-align: justify;\" data-block-type=\"unstyled\" data-block-weight=\"33\" data-block-id=\"18\">\n<p class=\"content-text__container \" data-track-category=\"Link no Texto\" data-track-links=\"\"><a href=\"https:\/\/www.klcconcursos.com.br\/editais\/5259945326adafd8c11b63773bd1f865.pdf\" target=\"_blank\" rel=\"noopener\">Conforme o edital<\/a>, h\u00e1 chances aos cargos de agente de setor de tributos (1); escritur\u00e1rio (1); professor de ensino fundamental II &#8211; l\u00edngua portuguesa (1); psic\u00f3logo (1) e trabalhador de servi\u00e7os gerais (5).<\/p>\n<\/div>\n<div class=\"mc-column content-text active-extra-styles \" style=\"text-align: justify;\" data-block-type=\"unstyled\" data-block-weight=\"26\" data-block-id=\"19\">\n<p class=\"content-text__container \" data-track-category=\"Link no Texto\" data-track-links=\"\">Ao ser contratado, o profissional dever\u00e1 exercer jornadas de 30 a 40 horas semanais, referente a remunera\u00e7\u00e3o mensal que alterna entre R$ 1.214,00 a R$ 2.161,68.<\/p>\n<\/div>\n<div class=\"mc-column content-text active-extra-styles \" style=\"text-align: justify;\" data-block-type=\"unstyled\" data-block-weight=\"13\" data-block-id=\"20\">\n<p class=\"content-text__container \" data-track-category=\"Link no Texto\" data-track-links=\"\">Os interessados podem se inscrever at\u00e9 o dia 30 de janeiro,\u00a0<a href=\"https:\/\/www.klcconcursos.com.br\/?pag=cpf\" target=\"_blank\" rel=\"noopener\">pela internet<\/a>.<\/p>\n<\/div>\n<div class=\"mc-column content-text active-extra-styles\" style=\"text-align: justify;\" data-block-type=\"raw\" data-block-weight=\"1\" data-block-id=\"21\">\n<div class=\"content-intertitle\">\n<h2><a href=\"https:\/\/g1.globo.com\/sp\/presidente-prudente-regiao\/cidade\/sandovalina\/\">Sandovalina<\/a><\/h2>\n<\/div>\n<\/div>\n<div class=\"mc-column content-text active-extra-styles \" style=\"text-align: justify;\" data-block-type=\"unstyled\" data-block-weight=\"19\" data-block-id=\"22\">\n<p class=\"content-text__container \" data-track-category=\"Link no Texto\" data-track-links=\"\">A Prefeitura de\u00a0<a href=\"https:\/\/g1.globo.com\/sp\/presidente-prudente-regiao\/cidade\/sandovalina\/\">Sandovalina<\/a>\u00a0abriu vagas para processo seletivo que tem como objetivo a forma\u00e7\u00e3o de cadastro reserva.<\/p>\n<\/div>\n<div class=\"mc-column content-text active-extra-styles \" data-block-type=\"unstyled\" data-block-weight=\"10\" data-block-id=\"23\">\n<p class=\"content-text__container \" style=\"text-align: justify;\" data-track-category=\"Link no Texto\" data-track-links=\"\"><a href=\"https:\/\/csc.selecao.net.br\/uploads\/623\/concursos\/11\/anexos\/NKQqHrUjpg6frtkbG87yqXgMUFeiNVHVwTFrMtPW.pdf\" target=\"_blank\" rel=\"noopener\">Conforme o edital<\/a>, as oportunidades s\u00e3o para os cargos de:<\/p>\n<div class=\"mc-column content-text active-extra-styles\" style=\"text-align: justify;\" data-block-type=\"raw\" data-block-weight=\"163\" data-block-id=\"25\">\n<ul class=\"content-unordered-list\">\n<li><span class=\"highlight highlighted\">Monitor (masculino);<\/span><\/li>\n<li><span class=\"highlight highlighted\">Monitor (feminino);<\/span><\/li>\n<li><span class=\"highlight highlighted\">Monitor (masculino) para \u00f4nibus escolares;<\/span><\/li>\n<li><span class=\"highlight highlighted\">Monitor (feminino) para \u00f4nibus escolares;<\/span><\/li>\n<li><span class=\"highlight highlighted\">Professor de creche (habilitado);<\/span><\/li>\n<li><span class=\"highlight highlighted\">Professor de creche (estudante);<\/span><\/li>\n<li><span class=\"highlight highlighted\">Professor de Educa\u00e7\u00e3o B\u00e1sica I (habilitado);<\/span><\/li>\n<li><span class=\"highlight highlighted\">Professor de Educa\u00e7\u00e3o B\u00e1sica I (estudante);<\/span><\/li>\n<li><span class=\"highlight highlighted\">Professor de Educa\u00e7\u00e3o Especial (habilitado);<\/span><\/li>\n<li><span class=\"highlight highlighted\">Professor de Educa\u00e7\u00e3o B\u00e1sica II &#8211; arte (habilitado);<\/span><\/li>\n<li><span class=\"highlight highlighted\">Professor de Educa\u00e7\u00e3o B\u00e1sica II &#8211; arte (estudante);<\/span><\/li>\n<li><span class=\"highlight highlighted\">Professor de Educa\u00e7\u00e3o B\u00e1sica II &#8211; ci\u00eancias (habilitado);<\/span><\/li>\n<li><span class=\"highlight highlighted\">Professor de Educa\u00e7\u00e3o B\u00e1sica II &#8211; ci\u00eancias (estudante);<\/span><\/li>\n<li><span class=\"highlight highlighted\">Professor de Educa\u00e7\u00e3o B\u00e1sica II &#8211; educa\u00e7\u00e3o f\u00edsica (habilitado);<\/span><\/li>\n<li><span class=\"highlight highlighted\">Professor de Educa\u00e7\u00e3o B\u00e1sica II &#8211; geografia (habilitado);<\/span><\/li>\n<li><span class=\"highlight highlighted\">Professor de Educa\u00e7\u00e3o B\u00e1sica II &#8211; geografia (estudante);<\/span><\/li>\n<li><span class=\"highlight highlighted\">Professor de Educa\u00e7\u00e3o B\u00e1sica II &#8211; hist\u00f3ria (habilitado);<\/span><\/li>\n<li><span class=\"highlight highlighted\">Professor de Educa\u00e7\u00e3o B\u00e1sica II &#8211; hist\u00f3ria (estudante);<\/span><\/li>\n<li><span class=\"highlight highlighted\">Professor de Educa\u00e7\u00e3o B\u00e1sica II &#8211; ingl\u00eas (habilitado);<\/span><\/li>\n<li><span class=\"highlight highlighted\">Professor de Educa\u00e7\u00e3o B\u00e1sica II &#8211; ingl\u00eas (estudante);<\/span><\/li>\n<li><span class=\"highlight highlighted\">Professor de Educa\u00e7\u00e3o B\u00e1sica II &#8211; l\u00edngua Portuguesa (habilitado);<\/span><\/li>\n<li><span class=\"highlight highlighted\">Professor de Educa\u00e7\u00e3o B\u00e1sica II &#8211; l\u00edngua Portuguesa (estudante);<\/span><\/li>\n<li><span class=\"highlight highlighted\">Professor de Educa\u00e7\u00e3o B\u00e1sica II &#8211; matem\u00e1tica (habilitado); e<\/span><\/li>\n<li><span class=\"highlight highlighted\">Professor de Educa\u00e7\u00e3o B\u00e1sica II &#8211; matem\u00e1tica (estudante).<\/span><\/li>\n<\/ul>\n<\/div>\n<div class=\"mc-column content-text active-extra-styles \" style=\"text-align: justify;\" data-block-type=\"unstyled\" data-block-weight=\"31\" data-block-id=\"26\">\n<p class=\"content-text__container \" data-track-category=\"Link no Texto\" data-track-links=\"\">Aos profissionais admitidos, estes ir\u00e3o desempenhar fun\u00e7\u00f5es em carga hor\u00e1ria de 40 horas semanais e contar\u00e3o com sal\u00e1rios de R$ 1.027,04 ao m\u00eas ou de R$ 11,88 a 13,27 por hora-aula.<\/p>\n<\/div>\n<div class=\"mc-column content-text active-extra-styles \" data-block-type=\"unstyled\" data-block-weight=\"12\" data-block-id=\"27\">\n<p class=\"content-text__container \" style=\"text-align: justify;\" data-track-category=\"Link no Texto\" data-track-links=\"\">As inscri\u00e7\u00f5es devem ser feitas\u00a0<a href=\"https:\/\/csc.selecao.net.br\/termo\/11\/\" target=\"_blank\" rel=\"noopener\">pela internet<\/a>\u00a0at\u00e9 dia 31 de janeiro.<\/p>\n<div class=\"mc-column content-text active-extra-styles\" style=\"text-align: justify;\" data-block-type=\"raw\" data-block-weight=\"4\" data-block-id=\"29\">\n<div class=\"content-intertitle\">\n<h2>Companhia Prudentina de Desenvolvimento<\/h2>\n<\/div>\n<\/div>\n<div class=\"mc-column content-text active-extra-styles \" style=\"text-align: justify;\" data-block-type=\"unstyled\" data-block-weight=\"13\" data-block-id=\"30\">\n<p class=\"content-text__container \" data-track-category=\"Link no Texto\" data-track-links=\"\">A Companhia Prudentina de Desenvolvimento (Prudenco) abriu vagas para concurso p\u00fablico.<\/p>\n<\/div>\n<div class=\"mc-column content-text active-extra-styles \" style=\"text-align: justify;\" data-block-type=\"unstyled\" data-block-weight=\"13\" data-block-id=\"31\">\n<p class=\"content-text__container \" data-track-category=\"Link no Texto\" data-track-links=\"\">Ao todo, ser\u00e3o preenchidas 152 vagas. Os cargos,\u00a0<a href=\"https:\/\/documento.vunesp.com.br\/documento\/stream\/MjYyNjgzMg%3d%3d\" target=\"_blank\" rel=\"noopener\">conforme o edital<\/a>, s\u00e3o:<\/p>\n<\/div>\n<div class=\"mc-column content-text active-extra-styles\" style=\"text-align: justify;\" data-block-type=\"raw\" data-block-weight=\"141\" data-block-id=\"32\">\n<ul class=\"content-unordered-list\">\n<li><span class=\"highlight highlighted\">Borracheiro (1);<\/span><\/li>\n<li><span class=\"highlight highlighted\">Coletor (20);<\/span><\/li>\n<li><span class=\"highlight highlighted\">Frentista Abastecimento (3);<\/span><\/li>\n<li><span class=\"highlight highlighted\">Funileiro (1);<\/span><\/li>\n<li><span class=\"highlight highlighted\">Lubrificador (3);<\/span><\/li>\n<li><span class=\"highlight highlighted\">Margarida (20);<\/span><\/li>\n<li><span class=\"highlight highlighted\">T\u00e9cnico de Seguran\u00e7a do Trabalho (1);<\/span><\/li>\n<li><span class=\"highlight highlighted\">Motorista (2);<\/span><\/li>\n<li><span class=\"highlight highlighted\">Motorista Trator (5);<\/span><\/li>\n<li><span class=\"highlight highlighted\">Operador de M\u00e1quinas &#8211; GP (3);<\/span><\/li>\n<li><span class=\"highlight highlighted\">Operador de M\u00e1quinas &#8211; MP (2);<\/span><\/li>\n<li><span class=\"highlight highlighted\">Operador de M\u00e1quinas &#8211; PP (3);<\/span><\/li>\n<li><span class=\"highlight highlighted\">Pedreiro (5);<\/span><\/li>\n<li><span class=\"highlight highlighted\">Pintor Imobili\u00e1rio (2);<\/span><\/li>\n<li><span class=\"highlight highlighted\">Serralheiro (1);<\/span><\/li>\n<li><span class=\"highlight highlighted\">Servente de Pedreiro (5);<\/span><\/li>\n<li><span class=\"highlight highlighted\">Servi\u00e7os Gerais (12);<\/span><\/li>\n<li><span class=\"highlight highlighted\">Soldador (1);<\/span><\/li>\n<li><span class=\"highlight highlighted\">Varredor (30);<\/span><\/li>\n<li><span class=\"highlight highlighted\">Almoxarife (2);<\/span><\/li>\n<li><span class=\"highlight highlighted\">Assistente Administrativo (1);<\/span><\/li>\n<li><span class=\"highlight highlighted\">Assistente Comercial (1);<\/span><\/li>\n<li><span class=\"highlight highlighted\">Assistente de Planejamento (1);<\/span><\/li>\n<li><span class=\"highlight highlighted\">Auxiliar de Compras (1);<\/span><\/li>\n<li><span class=\"highlight highlighted\">Auxiliar de Enfermagem do Trabalho (1);<\/span><\/li>\n<li><span class=\"highlight highlighted\">Comprador Junior (2);<\/span><\/li>\n<li><span class=\"highlight highlighted\">Eletricista de Autos (2);<\/span><\/li>\n<li><span class=\"highlight highlighted\">Eletricista Predial (1);<\/span><\/li>\n<li><span class=\"highlight highlighted\">Escritur\u00e1rio I (5);<\/span><\/li>\n<li><span class=\"highlight highlighted\">Telefonista (2);<\/span><\/li>\n<li><span class=\"highlight highlighted\">Mec\u00e2nico de Ve\u00edculos Pesados &#8211; MQ (2);<\/span><\/li>\n<li><span class=\"highlight highlighted\">Advogado Pleno (1);<\/span><\/li>\n<li><span class=\"highlight highlighted\">Analista de Recursos Humanos Junior (2);<\/span><\/li>\n<li><span class=\"highlight highlighted\">Analista de Sistemas J\u00fanior (2);<\/span><\/li>\n<li><span class=\"highlight highlighted\">Analista Fiscal Junior (1);<\/span><\/li>\n<li><span class=\"highlight highlighted\">Assistente Social (1);<\/span><\/li>\n<li><span class=\"highlight highlighted\">Psic\u00f3logo (1);<\/span><\/li>\n<li><span class=\"highlight highlighted\">Controlador de Patrim\u00f4nio (1);<\/span><\/li>\n<li><span class=\"highlight highlighted\">Engenheiro Civil (1);<\/span><\/li>\n<li><span class=\"highlight highlighted\">M\u00e9dico do Trabalho (1); e<\/span><\/li>\n<li><span class=\"highlight highlighted\">Pregoeiro (1).<\/span><\/li>\n<\/ul>\n<\/div>\n<div class=\"mc-column content-text active-extra-styles \" style=\"text-align: justify;\" data-block-type=\"unstyled\" data-block-weight=\"10\" data-block-id=\"33\">\n<p class=\"content-text__container \" data-track-category=\"Link no Texto\" data-track-links=\"\">A remunera\u00e7\u00e3o varia entre R$ 1.154,93 e R$ 7.613,90.<\/p>\n<\/div>\n<div class=\"mc-column content-text active-extra-styles \" style=\"text-align: justify;\" data-block-type=\"unstyled\" data-block-weight=\"14\" data-block-id=\"34\">\n<p class=\"content-text__container \" data-track-category=\"Link no Texto\" data-track-links=\"\">As inscri\u00e7\u00f5es devem ser feitas\u00a0<a href=\"https:\/\/www.vunesp.com.br\/Conta\/Login?ReturnUrl=%2fPRUD2101%2fInscricao\" target=\"_blank\" rel=\"noopener\">pela internet<\/a> at\u00e9 o dia 14 de fevereiro.<\/p>\n<\/div>\n<div class=\"mc-column content-text active-extra-styles\" style=\"text-align: justify;\" data-block-type=\"raw\" data-block-weight=\"4\" data-block-id=\"35\">\n<div class=\"content-intertitle\">\n<h2>Centro Universit\u00e1rio de\u00a0<a href=\"https:\/\/g1.globo.com\/sp\/presidente-prudente-regiao\/cidade\/adamantina\/\">Adamantina<\/a><\/h2>\n<\/div>\n<\/div>\n<div class=\"mc-column content-text active-extra-styles \" data-block-type=\"unstyled\" data-block-weight=\"56\" data-block-id=\"36\">\n<p class=\"content-text__container \" style=\"text-align: justify;\" data-track-category=\"Link no Texto\" data-track-links=\"\">O Centro Universit\u00e1rio de\u00a0<a href=\"https:\/\/g1.globo.com\/sp\/presidente-prudente-regiao\/cidade\/adamantina\/\">Adamantina<\/a>\u00a0(UniFAI) est\u00e1 com inscri\u00e7\u00f5es abertas de processo seletivo de cadastro de reserva para a contrata\u00e7\u00e3o tempor\u00e1ria de docentes. De acordo com o\u00a0<a href=\"http:\/\/www.unifai.com.br\/portal\/_arquivos\/_itens_home\/bbb0603e23ca6a5e92eb1713b3dc0c7c.pdf\" target=\"_blank\" rel=\"noopener\">edital n\u00ba 01\/2022<\/a>, h\u00e1 vagas destinadas aos cursos de educa\u00e7\u00e3o f\u00edsica, engenharia civil, medicina e medicina veterin\u00e1ria. As inscri\u00e7\u00f5es seguem at\u00e9 o dia 26 de janeiro exclusivamente\u00a0<a href=\"http:\/\/www.unifai.com.br\/concursos\/\" target=\"_blank\" rel=\"noopener\">pelo site<\/a>.<\/p>\n<div class=\"mc-column content-text active-extra-styles \" style=\"text-align: justify;\" data-block-type=\"unstyled\" data-block-weight=\"40\" data-block-id=\"38\">\n<p class=\"content-text__container \" data-track-category=\"Link no Texto\" data-track-links=\"\">A taxa de R$ 150 dever\u00e1 ser paga at\u00e9 o dia 27. A contrata\u00e7\u00e3o ser\u00e1 por prazo determinado de 12 meses, podendo ser prorrogado por uma \u00fanica vez, conforme a lei municipal n\u00b0 3.711, de 25 de abril de 2016.<\/p>\n<\/div>\n<div class=\"mc-column content-text active-extra-styles \" style=\"text-align: justify;\" data-block-type=\"unstyled\" data-block-weight=\"15\" data-block-id=\"39\">\n<p class=\"content-text__container \" data-track-category=\"Link no Texto\" data-track-links=\"\">Para a gradua\u00e7\u00e3o em educa\u00e7\u00e3o f\u00edsica, a disciplina \u00e9 a de Aprendizagem e Controle Motor.<\/p>\n<\/div>\n<div class=\"mc-column content-text active-extra-styles \" style=\"text-align: justify;\" data-block-type=\"unstyled\" data-block-weight=\"13\" data-block-id=\"40\">\n<p class=\"content-text__container \" data-track-category=\"Link no Texto\" data-track-links=\"\">O curso de engenharia civil possui vaga para Ci\u00eancia e Tecnologia dos Materiais.<\/p>\n<\/div>\n<div class=\"mc-column content-text active-extra-styles \" style=\"text-align: justify;\" data-block-type=\"unstyled\" data-block-weight=\"12\" data-block-id=\"41\">\n<p class=\"content-text__container \" data-track-category=\"Link no Texto\" data-track-links=\"\">J\u00e1 medicina possui tr\u00eas disciplinas dispon\u00edveis: Anestesiologia, Medicina do Trabalho e Psiquiatria.<\/p>\n<\/div>\n<div class=\"mc-column content-text active-extra-styles \" style=\"text-align: justify;\" data-block-type=\"unstyled\" data-block-weight=\"19\" data-block-id=\"42\">\n<p class=\"content-text__container \" data-track-category=\"Link no Texto\" data-track-links=\"\">O bacharelado em medicina veterin\u00e1ria tem inscri\u00e7\u00e3o aberta para a disciplina de Cl\u00ednica M\u00e9dica de Animais de Grande Porte.<\/p>\n<\/div>\n<div class=\"mc-column content-text active-extra-styles \" style=\"text-align: justify;\" data-block-type=\"unstyled\" data-block-weight=\"24\" data-block-id=\"43\">\n<p class=\"content-text__container \" data-track-category=\"Link no Texto\" data-track-links=\"\">No ato da inscri\u00e7\u00e3o, o candidato dever\u00e1 anexar documento de identifica\u00e7\u00e3o com foto, curr\u00edculo Lattes e documentos comprobat\u00f3rios para fins da an\u00e1lise de t\u00edtulos.<\/p>\n<\/div>\n<div class=\"mc-column content-text active-extra-styles \" style=\"text-align: justify;\" data-block-type=\"unstyled\" data-block-weight=\"37\" data-block-id=\"44\">\n<p class=\"content-text__container \" data-track-category=\"Link no Texto\" data-track-links=\"\">Ser\u00e1 assegurada aos candidatos com defici\u00eancia a reserva de 5% das vagas existentes e das que vierem a existir dentro do prazo de validade do processo seletivo, cujas atribui\u00e7\u00f5es para o cargo sejam compat\u00edveis com a defici\u00eancia.<\/p>\n<\/div>\n<div class=\"mc-column content-text active-extra-styles \" style=\"text-align: justify;\" data-block-type=\"unstyled\" data-block-weight=\"25\" data-block-id=\"45\">\n<p class=\"content-text__container \" data-track-category=\"Link no Texto\" data-track-links=\"\">O sorteio do tema e a prova did\u00e1tica ser\u00e3o realizados via Google Meet. Os links das respectivas salas remotas ser\u00e3o disponibilizados na homologa\u00e7\u00e3o das inscri\u00e7\u00f5es.<\/p>\n<\/div>\n<div class=\"mc-column content-text active-extra-styles \" style=\"text-align: justify;\" data-block-type=\"unstyled\" data-block-weight=\"20\" data-block-id=\"46\">\n<p class=\"content-text__container \" data-track-category=\"Link no Texto\" data-track-links=\"\">A primeira fase, que compreende a Prova Did\u00e1tica, valer\u00e1 100 pontos e tem car\u00e1ter eliminat\u00f3rio e classificat\u00f3rio, com peso dois.<\/p>\n<\/div>\n<div class=\"tag-manager-publicidade-container mc-has-reveal mc-has-ad-lazyload tag-manager-publicidade-banner_materia__f81c5909-4b31-4170-bf67-e28e56285905 tag-manager-publicidade-container--carregado tag-manager-publicidade-container--visivel\" data-id=\"banner_materia__f81c5909-4b31-4170-bf67-e28e56285905\" data-req=\"true\" data-google-query-id=\"CNHUz--G0PUCFbUC1AodaNYDkw\" data-cid=\"null\" data-lid=\"null\">\n<div class=\"mc-column content-text active-extra-styles \" style=\"text-align: justify;\" data-block-type=\"unstyled\" data-block-weight=\"18\" data-block-id=\"48\">\n<p class=\"content-text__container \" data-track-category=\"Link no Texto\" data-track-links=\"\">J\u00e1 a segunda fase, de Prova de T\u00edtulos, vale 100 pontos e tem car\u00e1ter classificat\u00f3rio com peso um.<\/p>\n<\/div>\n<div class=\"mc-column content-text active-extra-styles \" data-block-type=\"unstyled\" data-block-weight=\"17\" data-block-id=\"49\">\n<p class=\"content-text__container \" style=\"text-align: justify;\" data-track-category=\"Link no Texto\" data-track-links=\"\">A aprova\u00e7\u00e3o ser\u00e1 considerada para quem obtiver pontua\u00e7\u00e3o igual ou superior a 70 pontos na Prova Did\u00e1tica.<\/p>\n<p style=\"text-align: justify;\" data-track-category=\"Link no Texto\" data-track-links=\"\">Fonte: G1<\/p>\n<\/div>\n<\/div>\n<\/div>\n<\/div>\n<\/div>\n<\/div>\n","protected":false},"excerpt":{"rendered":"<p>Oportunidades s\u00e3o em Adamantina (SP), Ouro Verde (SP), Presidente Prudente (SP), Rancharia (SP) e Sandovalina (SP). Interessados devem se inscrever pela internet. Nesta quarta-feira (26), cidades do Oeste Paulista oferecem vagas para concursos p\u00fablicos e processos seletivos. Etec Rancharia A Escola T\u00e9cnica Estadual Deputado Francisco Franco (Etec) em\u00a0Rancharia\u00a0(SP) anunciou a realiza\u00e7\u00e3o de um novo processo [&hellip;]<\/p>\n","protected":false},"author":1,"featured_media":59073,"comment_status":"closed","ping_status":"open","sticky":false,"template":"","format":"standard","meta":{"footnotes":""},"categories":[110,122],"tags":[],"class_list":["post-59072","post","type-post","status-publish","format-standard","has-post-thumbnail","hentry","category-noticiasdestaque","category-saudeeducacaoeconcurso"],"_links":{"self":[{"href":"https:\/\/jorgezanoni.com.br\/2019\/wp-json\/wp\/v2\/posts\/59072","targetHints":{"allow":["GET"]}}],"collection":[{"href":"https:\/\/jorgezanoni.com.br\/2019\/wp-json\/wp\/v2\/posts"}],"about":[{"href":"https:\/\/jorgezanoni.com.br\/2019\/wp-json\/wp\/v2\/types\/post"}],"author":[{"embeddable":true,"href":"https:\/\/jorgezanoni.com.br\/2019\/wp-json\/wp\/v2\/users\/1"}],"replies":[{"embeddable":true,"href":"https:\/\/jorgezanoni.com.br\/2019\/wp-json\/wp\/v2\/comments?post=59072"}],"version-history":[{"count":0,"href":"https:\/\/jorgezanoni.com.br\/2019\/wp-json\/wp\/v2\/posts\/59072\/revisions"}],"wp:featuredmedia":[{"embeddable":true,"href":"https:\/\/jorgezanoni.com.br\/2019\/wp-json\/wp\/v2\/media\/59073"}],"wp:attachment":[{"href":"https:\/\/jorgezanoni.com.br\/2019\/wp-json\/wp\/v2\/media?parent=59072"}],"wp:term":[{"taxonomy":"category","embeddable":true,"href":"https:\/\/jorgezanoni.com.br\/2019\/wp-json\/wp\/v2\/categories?post=59072"},{"taxonomy":"post_tag","embeddable":true,"href":"https:\/\/jorgezanoni.com.br\/2019\/wp-json\/wp\/v2\/tags?post=59072"}],"curies":[{"name":"wp","href":"https:\/\/api.w.org\/{rel}","templated":true}]}}