{"id":59001,"date":"2022-01-20T21:05:41","date_gmt":"2022-01-20T21:05:41","guid":{"rendered":"https:\/\/jorgezanoni.com.br\/2019\/?p=59001"},"modified":"2022-01-20T21:05:41","modified_gmt":"2022-01-20T21:05:41","slug":"cantora-elza-soares-morre-aos-91-anos","status":"publish","type":"post","link":"https:\/\/jorgezanoni.com.br\/2019\/cantora-elza-soares-morre-aos-91-anos\/","title":{"rendered":"Cantora Elza Soares morre aos 91 anos"},"content":{"rendered":"<h2 class=\"content-head__subtitle\" style=\"text-align: justify;\"><strong>Cantora morreu de causas naturais em casa nesta quinta (20).<\/strong><\/h2>\n<div class=\"mc-column content-text active-extra-styles active-capital-letter\" style=\"text-align: justify;\" data-block-type=\"unstyled\" data-block-weight=\"57\" data-block-id=\"2\">\n<p class=\"content-text__container theme-color-primary-first-letter\" data-track-category=\"Link no Texto\" data-track-links=\"\"><a href=\"https:\/\/g1.globo.com\/tudo-sobre\/elza-soares\/\">Elza Soares<\/a>\u00a0morreu aos 91 anos nesta quinta-feira (20), no Rio de Janeiro. &#8220;\u00c9 com muita tristeza e pesar que informamos o falecimento da cantora e compositora\u00a0<a href=\"https:\/\/g1.globo.com\/tudo-sobre\/elza-soares\/\">Elza Soares<\/a>, aos 91 anos, \u00e0s 15 horas e 45 minutos em sua casa, no Rio de Janeiro, por causas naturais&#8221;, diz o comunicado enviado pela assessoria da cantora.<\/p>\n<\/div>\n<div class=\"wall protected-content\">\n<div class=\"mc-column content-text active-extra-styles\" style=\"text-align: justify;\" data-block-type=\"raw\" data-block-weight=\"11\" data-block-id=\"3\">\n<ul class=\"content-unordered-list\">\n<li><a href=\"https:\/\/g1.globo.com\/pop-arte\/musica\/noticia\/2022\/01\/20\/elza-soares-morre-aos-91-anos-veja-repercussao.ghtml\">HOMENAGENS: artistas lamentam<\/a><\/li>\n<li><a href=\"https:\/\/g1.globo.com\/pop-arte\/edicao\/2022\/01\/20\/videos-momentos-de-elza-soares.ghtml\">V\u00cdDEOS: relembre a carreira<\/a><\/li>\n<li><a href=\"https:\/\/g1.globo.com\/pop-arte\/musica\/noticia\/2022\/01\/20\/elza-soares-fotos.ghtml\">FOTOS: palco, carnaval, discos<\/a><\/li>\n<\/ul>\n<\/div>\n<div class=\"mc-column content-text active-extra-styles \" style=\"text-align: justify;\" data-block-type=\"unstyled\" data-block-weight=\"36\" data-block-id=\"4\">\n<p class=\"content-text__container \" data-track-category=\"Link no Texto\" data-track-links=\"\">&#8220;\u00cdcone da m\u00fasica brasileira, considerada uma das maiores artistas do mundo, a cantora eleita como a Voz do Mil\u00eanio teve uma vida apote\u00f3tica, intensa, que emocionou o mundo com sua voz, sua for\u00e7a e sua determina\u00e7\u00e3o.&#8221;<\/p>\n<\/div>\n<div class=\"mc-column content-text active-extra-styles \" style=\"text-align: justify;\" data-block-type=\"unstyled\" data-block-weight=\"36\" data-block-id=\"5\">\n<p class=\"content-text__container \" data-track-category=\"Link no Texto\" data-track-links=\"\">&#8220;A amada e eterna Elza descansou, mas estar\u00e1 para sempre na hist\u00f3ria da m\u00fasica e em nossos cora\u00e7\u00f5es e dos milhares f\u00e3s por todo mundo. Feita a vontade de\u00a0<a href=\"https:\/\/g1.globo.com\/tudo-sobre\/elza-soares\/\">Elza Soares<\/a>, ela cantou at\u00e9 o fim.&#8221;<\/p>\n<\/div>\n<div class=\"block-podcast\" style=\"text-align: justify;\">Fonte: https:\/\/g1.globo.com\/pop-arte\/musica\/noticia\/2022\/01\/20\/elza-soares-morre-aos-91-anos.ghtml<\/div>\n<\/div>\n","protected":false},"excerpt":{"rendered":"<p>Cantora morreu de causas naturais em casa nesta quinta (20). Elza Soares\u00a0morreu aos 91 anos nesta quinta-feira (20), no Rio de Janeiro. &#8220;\u00c9 com muita tristeza e pesar que informamos o falecimento da cantora e compositora\u00a0Elza Soares, aos 91 anos, \u00e0s 15 horas e 45 minutos em sua casa, no Rio de Janeiro, por causas [&hellip;]<\/p>\n","protected":false},"author":1,"featured_media":59002,"comment_status":"closed","ping_status":"open","sticky":false,"template":"","format":"standard","meta":{"footnotes":""},"categories":[183,178,110],"tags":[],"class_list":["post-59001","post","type-post","status-publish","format-standard","has-post-thumbnail","hentry","category-musicaeturismo","category-notadefalecimento","category-noticiasdestaque"],"_links":{"self":[{"href":"https:\/\/jorgezanoni.com.br\/2019\/wp-json\/wp\/v2\/posts\/59001","targetHints":{"allow":["GET"]}}],"collection":[{"href":"https:\/\/jorgezanoni.com.br\/2019\/wp-json\/wp\/v2\/posts"}],"about":[{"href":"https:\/\/jorgezanoni.com.br\/2019\/wp-json\/wp\/v2\/types\/post"}],"author":[{"embeddable":true,"href":"https:\/\/jorgezanoni.com.br\/2019\/wp-json\/wp\/v2\/users\/1"}],"replies":[{"embeddable":true,"href":"https:\/\/jorgezanoni.com.br\/2019\/wp-json\/wp\/v2\/comments?post=59001"}],"version-history":[{"count":0,"href":"https:\/\/jorgezanoni.com.br\/2019\/wp-json\/wp\/v2\/posts\/59001\/revisions"}],"wp:featuredmedia":[{"embeddable":true,"href":"https:\/\/jorgezanoni.com.br\/2019\/wp-json\/wp\/v2\/media\/59002"}],"wp:attachment":[{"href":"https:\/\/jorgezanoni.com.br\/2019\/wp-json\/wp\/v2\/media?parent=59001"}],"wp:term":[{"taxonomy":"category","embeddable":true,"href":"https:\/\/jorgezanoni.com.br\/2019\/wp-json\/wp\/v2\/categories?post=59001"},{"taxonomy":"post_tag","embeddable":true,"href":"https:\/\/jorgezanoni.com.br\/2019\/wp-json\/wp\/v2\/tags?post=59001"}],"curies":[{"name":"wp","href":"https:\/\/api.w.org\/{rel}","templated":true}]}}