{"id":5900,"date":"2019-09-11T23:19:27","date_gmt":"2019-09-11T23:19:27","guid":{"rendered":"https:\/\/jorgezanoni.com.br\/2019\/?p=5900"},"modified":"2019-09-11T23:19:27","modified_gmt":"2019-09-11T23:19:27","slug":"secretaria-de-educacao-de-dracena-promove-palestra-para-pais-e-docentes","status":"publish","type":"post","link":"https:\/\/jorgezanoni.com.br\/2019\/secretaria-de-educacao-de-dracena-promove-palestra-para-pais-e-docentes\/","title":{"rendered":"Secretaria de Educa\u00e7\u00e3o de Dracena promove palestra para pais e docentes"},"content":{"rendered":"<p style=\"text-align: justify;\">\u00a0 \u00a0 \u00a0 \u00a0 \u00a0 \u00a0 A\u00a0Secretaria de Educa\u00e7\u00e3o de Dracena promoveu palestras na sede da APEOESP Clube de Campo, ministradas pela palestrante e psic\u00f3loga Doutora Raquel Sartorina,\u00a0com a participa\u00e7\u00e3o de professores e pais e\/ou respons\u00e1veis por alunos.<\/p>\n<p><img loading=\"lazy\" decoding=\"async\" class=\"alignnone size-full wp-image-5901\" src=\"https:\/\/jorgezanoni.com.br\/2019\/wp-content\/uploads\/2019\/09\/educa-1.jpg\" alt=\"\" width=\"240\" height=\"180\" srcset=\"https:\/\/jorgezanoni.com.br\/2019\/wp-content\/uploads\/2019\/09\/educa-1.jpg 240w, https:\/\/jorgezanoni.com.br\/2019\/wp-content\/uploads\/2019\/09\/educa-1-80x60.jpg 80w\" sizes=\"auto, (max-width: 240px) 100vw, 240px\" \/><\/p>\n<p style=\"text-align: justify;\">\u00a0\u00a0\u00a0\u00a0\u00a0\u00a0\u00a0\u00a0\u00a0\u00a0\u00a0 O objetivo foi\u00a0abordar e debater, por meio de um di\u00e1logo aberto com os participantes, sobre quest\u00f5es relacionadas aos docentes e estudantes.<\/p>\n<p><img loading=\"lazy\" decoding=\"async\" class=\"alignnone size-full wp-image-5902\" src=\"https:\/\/jorgezanoni.com.br\/2019\/wp-content\/uploads\/2019\/09\/educa1.jpg\" alt=\"\" width=\"180\" height=\"240\" \/><\/p>\n<p style=\"text-align: justify;\">\u00a0 \u00a0 \u00a0 \u00a0 \u00a0 \u00a0 O encontro teve dois momentos, sendo o primeiro voltado aos professores com a palestra denominada \u201cCompet\u00eancia Socioemocional\u201d, seguida da palestra \u201cHabilidades sociais na inf\u00e2ncia: o papel da escola e da fam\u00edlia\u201d, com a presen\u00e7a de pais e\/ou respons\u00e1veis pelos alunos.<\/p>\n<p><img loading=\"lazy\" decoding=\"async\" class=\"alignnone size-full wp-image-5903\" src=\"https:\/\/jorgezanoni.com.br\/2019\/wp-content\/uploads\/2019\/09\/educa2.jpg\" alt=\"\" width=\"240\" height=\"180\" srcset=\"https:\/\/jorgezanoni.com.br\/2019\/wp-content\/uploads\/2019\/09\/educa2.jpg 240w, https:\/\/jorgezanoni.com.br\/2019\/wp-content\/uploads\/2019\/09\/educa2-80x60.jpg 80w\" sizes=\"auto, (max-width: 240px) 100vw, 240px\" \/><\/p>\n<p style=\"text-align: justify;\">\u00a0 \u00a0 \u00a0 \u00a0 \u00a0 \u00a0 As professoras formadoras do quadro da educa\u00e7\u00e3o municipal, Maria Cristina Scaliante e Ana Caroline de Souza Bezerra, destacaram que todas as propostas escolares que envolvem o v\u00ednculo entre profissionais da educa\u00e7\u00e3o e fam\u00edlia s\u00e3o diferenciais para o melhor desenvolvimento do estudante e \u00e9 nessa certeza que h\u00e1 uma grande preocupa\u00e7\u00e3o e zelo por parte desta secretaria em proporcionar momentos como esse.<\/p>\n<p><img loading=\"lazy\" decoding=\"async\" class=\"alignnone size-full wp-image-5904\" src=\"https:\/\/jorgezanoni.com.br\/2019\/wp-content\/uploads\/2019\/09\/educa3.jpg\" alt=\"\" width=\"240\" height=\"180\" srcset=\"https:\/\/jorgezanoni.com.br\/2019\/wp-content\/uploads\/2019\/09\/educa3.jpg 240w, https:\/\/jorgezanoni.com.br\/2019\/wp-content\/uploads\/2019\/09\/educa3-80x60.jpg 80w\" sizes=\"auto, (max-width: 240px) 100vw, 240px\" \/> <img loading=\"lazy\" decoding=\"async\" class=\"alignnone size-full wp-image-5905\" src=\"https:\/\/jorgezanoni.com.br\/2019\/wp-content\/uploads\/2019\/09\/educa4.jpg\" alt=\"\" width=\"1032\" height=\"774\" srcset=\"https:\/\/jorgezanoni.com.br\/2019\/wp-content\/uploads\/2019\/09\/educa4.jpg 1032w, https:\/\/jorgezanoni.com.br\/2019\/wp-content\/uploads\/2019\/09\/educa4-300x225.jpg 300w, https:\/\/jorgezanoni.com.br\/2019\/wp-content\/uploads\/2019\/09\/educa4-768x576.jpg 768w, https:\/\/jorgezanoni.com.br\/2019\/wp-content\/uploads\/2019\/09\/educa4-1024x768.jpg 1024w, https:\/\/jorgezanoni.com.br\/2019\/wp-content\/uploads\/2019\/09\/educa4-80x60.jpg 80w, https:\/\/jorgezanoni.com.br\/2019\/wp-content\/uploads\/2019\/09\/educa4-265x198.jpg 265w, https:\/\/jorgezanoni.com.br\/2019\/wp-content\/uploads\/2019\/09\/educa4-696x522.jpg 696w, https:\/\/jorgezanoni.com.br\/2019\/wp-content\/uploads\/2019\/09\/educa4-560x420.jpg 560w\" sizes=\"auto, (max-width: 1032px) 100vw, 1032px\" \/> <img loading=\"lazy\" decoding=\"async\" class=\"alignnone size-full wp-image-5906\" src=\"https:\/\/jorgezanoni.com.br\/2019\/wp-content\/uploads\/2019\/09\/educa5.jpg\" alt=\"\" width=\"240\" height=\"180\" srcset=\"https:\/\/jorgezanoni.com.br\/2019\/wp-content\/uploads\/2019\/09\/educa5.jpg 240w, https:\/\/jorgezanoni.com.br\/2019\/wp-content\/uploads\/2019\/09\/educa5-80x60.jpg 80w\" sizes=\"auto, (max-width: 240px) 100vw, 240px\" \/><\/p>\n<p>Fonte: Diretoria de Comunica\u00e7\u00e3o<\/p>\n","protected":false},"excerpt":{"rendered":"<p>\u00a0 \u00a0 \u00a0 \u00a0 \u00a0 \u00a0 A\u00a0Secretaria de Educa\u00e7\u00e3o de Dracena promoveu palestras na sede da APEOESP Clube de Campo, ministradas pela palestrante e psic\u00f3loga Doutora Raquel Sartorina,\u00a0com a participa\u00e7\u00e3o de professores e pais e\/ou respons\u00e1veis por alunos. \u00a0\u00a0\u00a0\u00a0\u00a0\u00a0\u00a0\u00a0\u00a0\u00a0\u00a0 O objetivo foi\u00a0abordar e debater, por meio de um di\u00e1logo aberto com os participantes, sobre quest\u00f5es [&hellip;]<\/p>\n","protected":false},"author":1,"featured_media":5907,"comment_status":"closed","ping_status":"open","sticky":false,"template":"","format":"standard","meta":{"footnotes":""},"categories":[122],"tags":[],"class_list":["post-5900","post","type-post","status-publish","format-standard","has-post-thumbnail","hentry","category-saudeeducacaoeconcurso"],"_links":{"self":[{"href":"https:\/\/jorgezanoni.com.br\/2019\/wp-json\/wp\/v2\/posts\/5900","targetHints":{"allow":["GET"]}}],"collection":[{"href":"https:\/\/jorgezanoni.com.br\/2019\/wp-json\/wp\/v2\/posts"}],"about":[{"href":"https:\/\/jorgezanoni.com.br\/2019\/wp-json\/wp\/v2\/types\/post"}],"author":[{"embeddable":true,"href":"https:\/\/jorgezanoni.com.br\/2019\/wp-json\/wp\/v2\/users\/1"}],"replies":[{"embeddable":true,"href":"https:\/\/jorgezanoni.com.br\/2019\/wp-json\/wp\/v2\/comments?post=5900"}],"version-history":[{"count":0,"href":"https:\/\/jorgezanoni.com.br\/2019\/wp-json\/wp\/v2\/posts\/5900\/revisions"}],"wp:featuredmedia":[{"embeddable":true,"href":"https:\/\/jorgezanoni.com.br\/2019\/wp-json\/wp\/v2\/media\/5907"}],"wp:attachment":[{"href":"https:\/\/jorgezanoni.com.br\/2019\/wp-json\/wp\/v2\/media?parent=5900"}],"wp:term":[{"taxonomy":"category","embeddable":true,"href":"https:\/\/jorgezanoni.com.br\/2019\/wp-json\/wp\/v2\/categories?post=5900"},{"taxonomy":"post_tag","embeddable":true,"href":"https:\/\/jorgezanoni.com.br\/2019\/wp-json\/wp\/v2\/tags?post=5900"}],"curies":[{"name":"wp","href":"https:\/\/api.w.org\/{rel}","templated":true}]}}