{"id":58998,"date":"2022-01-20T20:51:07","date_gmt":"2022-01-20T20:51:07","guid":{"rendered":"https:\/\/jorgezanoni.com.br\/2019\/?p=58998"},"modified":"2022-01-20T20:51:07","modified_gmt":"2022-01-20T20:51:07","slug":"saude-municipal-expoe-nova-realidade-no-atendimento-do-cemac","status":"publish","type":"post","link":"https:\/\/jorgezanoni.com.br\/2019\/saude-municipal-expoe-nova-realidade-no-atendimento-do-cemac\/","title":{"rendered":"Sa\u00fade Municipal exp\u00f5e nova realidade no atendimento do CEMAC"},"content":{"rendered":"<div class=\"ntc_resumo_noticia sw_lato_bold\" style=\"text-align: justify;\"><strong>Em coletiva de imprensa, profissionais da Sa\u00fade municipal trataram quest\u00f5es de interesse da popula\u00e7\u00e3o com rela\u00e7\u00e3o \u00e0 covid 19 na cidade de Dracena.<\/strong><\/div>\n<div><\/div>\n<div class=\"ntc_descricao_noticia\">\n<div class=\"ntc_cont_descricao_noticia sw_txteditor\">\n<div style=\"text-align: justify;\">Na manh\u00e3 desta quarta-feira, 20, a Sa\u00fade municipal de Dracena promoveu coletiva de imprensa, para esclarecer o novo fluxo de atendimento do CEMAC (Centro Municipal de Atendimento \u00e0 Covid), entre outros detalhes quantos \u00e0 covid 19. Falaram a secret\u00e1ria de Sa\u00fade Cl\u00e1udia Luginick; a m\u00e9dica infectologista Germana Fernanda de Souza; o m\u00e9dico Andr\u00e9 Monteiro (CEMAC); a diretora do PAM e do CEMAC Gisele Franzo e a diretora de Vigil\u00e2ncia em Sa\u00fade C\u00e9lia Agudo. O momento foi bastante oportuno para esclarecimento de d\u00favidas e orienta\u00e7\u00f5es. O v\u00eddeo na \u00edntegra da entrevista voc\u00ea pode conferir na p\u00e1gina do Facebook da Prefeitura\u00a0 ou ainda neste link\u00a0<a tabindex=\"0\" role=\"link\" href=\"https:\/\/fb.watch\/aFbYbLFXCa\/?fbclid=IwAR2A-KvaGnhPVF2eISKCe_iJFw1ZqmkaL3b_c3r-t4_ccUjuwYStl7N1wzM\" target=\"_blank\" rel=\"nofollow noopener\">https:\/\/fb.watch\/aFbYbLFXCa\/<\/a><br \/>\nO prefeito Andr\u00e9 Lemos n\u00e3o p\u00f4de comparecer, devido a cumprimento de agenda na capital paulista.<br \/>\nEst\u00e1 havendo uma falta de insumos quanto aos testes de covid 19 no Brasil em geral, com isso, a Secretaria de Sa\u00fade est\u00e1 com dificuldade em adquirir novos testes.<br \/>\nA m\u00e9dica Germana de Souza explicou que devido a essa situa\u00e7\u00e3o, o munic\u00edpio ter\u00e1 que reduzir, infelizmente, a testagem de covid como vinha ocorrendo normalmente de forma ampliada. Ela prosseguiu dizendo que neste momento, a testagem passar\u00e1 a ser utilizada para aqueles pacientes que apresentarem a necessidade de um diagn\u00f3stico mais r\u00e1pido, interna\u00e7\u00e3o e casos graves.<br \/>\nOs pacientes que apresentarem sintomas leves ser\u00e3o tratados como s\u00edndrome gripal e dever\u00e3o fazer isolamento durante sete dias desde o in\u00edcio dos primeiros sintomas.<\/div>\n<div style=\"text-align: justify;\">A m\u00e9dica afirmou: \u201cConforme for poss\u00edvel adquirirmos novos testes voltaremos as testagem normalmente, enquanto n\u00e3o tivermos a previs\u00e3o de entrega de novos testes n\u00e3o poderemos faz\u00ea-lo de forma ampliada para n\u00e3o prejudicar os pacientes com maior necessidade. Os testes dever\u00e3o ser usados com cautela no CEMAC e no munic\u00edpio\u201d. Ela explicou que essa determina\u00e7\u00e3o est\u00e1 baseada em crit\u00e9rio cl\u00ednico epidemiol\u00f3gico. \u201c\u00c9 feito mundialmente assim. N\u00e3o podemos apenas trabalhar com a testagem, mas temos que analisar os crit\u00e9rios cl\u00ednicos dos pacientes, de acordo com os sintomas, frente a uma pandemia, diante de v\u00e1rios casos de covid e alguns casos de influenza, \u00e9 necess\u00e1rio que todos os pacientes que apresentem sintomas gripais, como febre, dor de garganta, dor de cabe\u00e7a, mal estar, coriza, fa\u00e7a isolamento desde o primeiro dia de sintoma, devem procurar o CEMAC, mas n\u00e3o ser\u00e3o necessariamente testados, iremos restringir os testes aos pacientes mais graves\u201d.<br \/>\nA doutora deixou claro ainda que n\u00e3o se deve fazer teste de covid como forma de deixar o isolamento, o teste deve ser usado apenas para \u00e0queles que mais necessitarem. Ela disse que h\u00e1 testes que podem apontar positivo at\u00e9 quatro meses, por\u00e9m o correto \u00e9 a pessoa permanecer em isolamento por sete dias, como recomenda o protocolo do Minist\u00e9rio da Sa\u00fade.<br \/>\nPacientes que t\u00eam conv\u00eanio, como a Unimed que h\u00e1 na cidade, podem procurar pelo servi\u00e7o particular evitando ir ao CEMAC.<br \/>\nHoje s\u00e3o 815 casos ativos de covid na cidade; 155 suspeitos; tr\u00eas desses est\u00e3o no CEMAC (hospital dia, recebem medica\u00e7\u00e3o e v\u00e3o embora) e nove internados na UTI covid, informou a secret\u00e1ria Cl\u00e1udia Luginick.<\/div>\n<div style=\"text-align: justify;\">A Santa Casa possui 10 leitos de UTI covid. Ela ressaltou que desses internados na unidade de terapia intensiva n\u00e3o s\u00e3o todos moradores de Dracena e que todos est\u00e3o vacinados com pelo menos duas doses da vacina.<br \/>\nPacientes que forem com sintomas gripais no PAM ser\u00e3o encaminhados ao CEMAC.<br \/>\nA diretora de Vigil\u00e2ncia em Sa\u00fade C\u00e9lia Agudo pediu e orientou a popula\u00e7\u00e3o a assumir a responsabilidade que \u00e9 de cada um. Pessoas que foram isoladas devido \u00e0 covid ou que est\u00e3o com sintomas gripais devem cumprir os sete dias em suas casas, se cuidando e n\u00e3o ficar andando pela cidade. O objetivo da Vigil\u00e2ncia n\u00e3o \u00e9 sair multando a popula\u00e7\u00e3o, disse C\u00e9lia.<br \/>\n\u201cPrecisamos que a popula\u00e7\u00e3o se conscientize e fa\u00e7a o isolamento, para ter menos contamina\u00e7\u00e3o. Agora com o retorno das aulas, todos temos que assumir a nossa responsabilidade, pensar que as crian\u00e7as ficaram tanto tempo longe das escolas e querer voltar a vida normal seguindo as recomenda\u00e7\u00f5es da Sa\u00fade\u201d.<br \/>\nEla frisou para que as pessoas continuem usando m\u00e1scaras, higienizando as m\u00e3os, evitando aglomera\u00e7\u00f5es.<br \/>\nEm casos de apresentar den\u00fancias \u00e0 Prefeitura, \u00e9 importante que se fa\u00e7am com fundamento, indiquem o nome, endere\u00e7o, detalhes sobre a pessoa denunciada para ser checado.<br \/>\nC\u00e9lia aproveitou para chamar a aten\u00e7\u00e3o ainda quanto \u00e0 quest\u00e3o da dengue e outras doen\u00e7as causadas pelo Aedes aegypti. \u201cA popula\u00e7\u00e3o n\u00e3o deve se descuidar, est\u00e3o sendo encontradas muitas larvas do mosquito pelos agentes de sa\u00fade, e isso \u00e9 preocupante\u201d.<\/div>\n<div style=\"text-align: justify;\">Voltando ao tema covid, devido \u00e0 falta de testes, o n\u00famero de confirma\u00e7\u00f5es da doen\u00e7a vai cair, por\u00e9m n\u00e3o necessariamente o n\u00famero de casos de suspeitos ir\u00e1 reduzir. Os casos suspeitos dever\u00e3o permanecer os mesmos, e deveremos obedecer ao isolamento preconizado pelo m\u00e9dico, lembrar-se da vacina que est\u00e1 dispon\u00edvel, estamos diante de casos leves, devido \u00e0 vacina.<br \/>\nA infectologista enalteceu: \u201cO organismo est\u00e1 respondendo bem melhor \u00e0 doen\u00e7a, devido \u00e0 vacina, as variantes anteriores perderam for\u00e7as, elas n\u00e3o est\u00e3o transmitindo mais, somente as variantes novas, ou seja, a vacina teve a sua efetividade. Ent\u00e3o \u00e9 importante obedecer ao isolamento e assim que poss\u00edvel voltaremos a fazer as notifica\u00e7\u00f5es dos casos positivos quando tivermos novos testes, mas enquanto isso, iremos fazer as notifica\u00e7\u00f5es por crit\u00e9rio cl\u00ednico epidemiol\u00f3gico de casos suspeitos\u201d.<br \/>\n\u201cN\u00e3o existe nenhum medicamento que previne a covid, a n\u00e3o ser a vacina, cada organismo reage de uma forma, mas temos vistos que a maioria dos pacientes est\u00e3o apresentando sintomas leves, como um resfriado ou gripe comum, agora pacientes com outras doen\u00e7as, obesos, card\u00edacos, pulmonares, esses podem evoluir para pneumonia\u201d.<br \/>\nO m\u00e9dico Andr\u00e9 Monteiro foi no mesmo pensamento da doutora Germana, que a vacina contra a covid faz com que a pessoa imunizada desenvolva a forma menos grave da doen\u00e7a. Citou como exemplo, a vacina da gripe. \u201cQuando a gente recebe a vacina da gripe n\u00e3o significa que n\u00e3o vamos mais ter gripe, por\u00e9m n\u00e3o iremos apresentar a H1N1\u201d, tranquilizando a popula\u00e7\u00e3o que embora estamos tendo muitos casos positivos, a maioria s\u00e3o leves devido \u00e0 vacina.<\/div>\n<div style=\"text-align: justify;\">A secret\u00e1ria Cl\u00e1udia continuou falando sobre a import\u00e2ncia da vacina contra a covid informando que mais de 90% dos positivos vacinados tiveram a doen\u00e7a de forma leve na cidade.<br \/>\nA m\u00e9dica Germana afirmou: \u201cEntendemos que os pais t\u00eam receio com rela\u00e7\u00e3o \u00e0 vacina para as crian\u00e7as, mas notamos que o n\u00famero de crian\u00e7as contaminadas com a covid aumentou muito a partir de dezembro, por isso, deve-se vacinar as crian\u00e7as\u201d.<br \/>\nA doen\u00e7a mais uma vez, n\u00e3o deu tr\u00e9gua tamb\u00e9m para os funcion\u00e1rios da Sa\u00fade municipal que atuam na linha de frente. A Prefeitura est\u00e1 com uma m\u00e9dia de 15 funcion\u00e1rios afastados, devido \u00e0 covid.<br \/>\nA m\u00e9dia de atendimentos da popula\u00e7\u00e3o hoje no CEMAC \u00e9 de 160 pacientes, houve dia atr\u00e1s que foi acima de 300 atendimentos.<br \/>\nCom rela\u00e7\u00e3o, a m\u00e9dia do dia 1\u00ba ao dia 20 de dezembro do ano passado foi em torno de 15 pacientes.<br \/>\nCl\u00e1udia pediu para que a popula\u00e7\u00e3o tenha paci\u00eancia ao procurar o CEMAC, porque o n\u00famero de atendimentos \u00e9 muito grande.<br \/>\nA secret\u00e1ria concluiu a coletiva informando que\u00a0 a Sa\u00fade do munic\u00edpio tem testes, por\u00e9m ser\u00e1 usado com consci\u00eancia. \u201cPrecisamos da ajuda da popula\u00e7\u00e3o, para que nossos filhos possam voltar para as escolas, que o com\u00e9rcio n\u00e3o feche\u201d.<\/div>\n<div style=\"text-align: justify;\"><\/div>\n<div style=\"text-align: justify;\">Fonte: Diretoria de Comunica\u00e7\u00e3o<\/div>\n<\/div>\n<\/div>\n","protected":false},"excerpt":{"rendered":"<p>Em coletiva de imprensa, profissionais da Sa\u00fade municipal trataram quest\u00f5es de interesse da popula\u00e7\u00e3o com rela\u00e7\u00e3o \u00e0 covid 19 na cidade de Dracena. Na manh\u00e3 desta quarta-feira, 20, a Sa\u00fade municipal de Dracena promoveu coletiva de imprensa, para esclarecer o novo fluxo de atendimento do CEMAC (Centro Municipal de Atendimento \u00e0 Covid), entre outros detalhes [&hellip;]<\/p>\n","protected":false},"author":1,"featured_media":58999,"comment_status":"closed","ping_status":"open","sticky":false,"template":"","format":"standard","meta":{"footnotes":""},"categories":[179,184,110,122],"tags":[],"class_list":["post-58998","post","type-post","status-publish","format-standard","has-post-thumbnail","hentry","category-cidadeseregiao","category-dracena","category-noticiasdestaque","category-saudeeducacaoeconcurso"],"_links":{"self":[{"href":"https:\/\/jorgezanoni.com.br\/2019\/wp-json\/wp\/v2\/posts\/58998","targetHints":{"allow":["GET"]}}],"collection":[{"href":"https:\/\/jorgezanoni.com.br\/2019\/wp-json\/wp\/v2\/posts"}],"about":[{"href":"https:\/\/jorgezanoni.com.br\/2019\/wp-json\/wp\/v2\/types\/post"}],"author":[{"embeddable":true,"href":"https:\/\/jorgezanoni.com.br\/2019\/wp-json\/wp\/v2\/users\/1"}],"replies":[{"embeddable":true,"href":"https:\/\/jorgezanoni.com.br\/2019\/wp-json\/wp\/v2\/comments?post=58998"}],"version-history":[{"count":0,"href":"https:\/\/jorgezanoni.com.br\/2019\/wp-json\/wp\/v2\/posts\/58998\/revisions"}],"wp:featuredmedia":[{"embeddable":true,"href":"https:\/\/jorgezanoni.com.br\/2019\/wp-json\/wp\/v2\/media\/58999"}],"wp:attachment":[{"href":"https:\/\/jorgezanoni.com.br\/2019\/wp-json\/wp\/v2\/media?parent=58998"}],"wp:term":[{"taxonomy":"category","embeddable":true,"href":"https:\/\/jorgezanoni.com.br\/2019\/wp-json\/wp\/v2\/categories?post=58998"},{"taxonomy":"post_tag","embeddable":true,"href":"https:\/\/jorgezanoni.com.br\/2019\/wp-json\/wp\/v2\/tags?post=58998"}],"curies":[{"name":"wp","href":"https:\/\/api.w.org\/{rel}","templated":true}]}}