{"id":58899,"date":"2022-01-19T23:34:52","date_gmt":"2022-01-19T23:34:52","guid":{"rendered":"https:\/\/jorgezanoni.com.br\/2019\/?p=58899"},"modified":"2022-01-19T23:34:52","modified_gmt":"2022-01-19T23:34:52","slug":"curso-de-direito-e-radio-cultura-uma-opcao-no-direito","status":"publish","type":"post","link":"https:\/\/jorgezanoni.com.br\/2019\/curso-de-direito-e-radio-cultura-uma-opcao-no-direito\/","title":{"rendered":"Curso de Direito e R\u00e1dio Cultura: Uma op\u00e7\u00e3o no Direito!"},"content":{"rendered":"<p style=\"text-align: justify;\"><strong>S\u00e9rgio Barbosa \/ UniFAI.<\/strong><\/p>\n<p style=\"text-align: justify;\">Desde o m\u00eas de outubro do ano passado que a R\u00e1dio Cultura FM est\u00e1 em processo de \u201crevitaliza\u00e7\u00e3o e profissionaliza\u00e7\u00e3o\u201d por meio de um Projeto apresentado e aprovado pela Pr\u00f3-reitoria de Extens\u00e3o com apoio da Reitoria da UniFAI.<\/p>\n<p style=\"text-align: justify;\">A proposta tem como objetivo o desenvolvimento t\u00e9cnico-operacional da Emissora para que possa atender a demanda institucional da melhor forma poss\u00edvel, bem como, envolver a comunidade adamantinense nas atividades com promo\u00e7\u00e3o e execu\u00e7\u00e3o da Cultura FM.<\/p>\n<p style=\"text-align: justify;\">Portanto, para a efetiva\u00e7\u00e3o deste Projeto, faz-se necess\u00e1rio o envolvimento dos Cursos oferecidos pela institui\u00e7\u00e3o com a participa\u00e7\u00e3o dos docentes e discentes, tamb\u00e9m, dos (as) funcion\u00e1rios (as), al\u00e9m da aproxima\u00e7\u00e3o com a popula\u00e7\u00e3o em n\u00edvel regiocal, ou seja, do regional para o local em tempo de Pandemia.<\/p>\n<p style=\"text-align: justify;\"><strong>Coordena\u00e7\u00e3o e Equipe<\/strong><\/p>\n<p style=\"text-align: justify;\">A coordena\u00e7\u00e3o do Projeto est\u00e1 sob a responsabilidade do prof. Me. S\u00e9rgio Barbosa com assessoria do prof. Me. Ricardo Torquato, ainda, Barbosa est\u00e1 respons\u00e1vel pelas \u00e1reas de Produ\u00e7\u00e3o, Programa\u00e7\u00e3o, Parcerias, Conv\u00eanios e Apoio Cultural; quanto ao prof. Torquato, o mesmo est\u00e1 com as \u00e1reas que envolvem as atividades radiof\u00f4nicas por meio da utiliza\u00e7\u00e3o das diversas Plataformas digitais via R\u00e1dio Cultura FM.<\/p>\n<p style=\"text-align: justify;\">Neste contexto plural para a emissora que possui a proposta de ser \u201cuma op\u00e7\u00e3o diferente no ar\u201d, torna-se um desafio constante para a Equipe respons\u00e1vel do Projeto e colaboradores (as) da emissora.<\/p>\n<p style=\"text-align: justify;\">Deve-se considerar que a Cultura FM est\u00e1 subordinada a Divis\u00e3o de Comunica\u00e7\u00e3o da UniFAI e tendo como diretor respons\u00e1vel o jornalista diplomado Daniel Torres de Albuquerque.<\/p>\n<p style=\"text-align: justify;\"><strong>Projeto piloto<\/strong><\/p>\n<p style=\"text-align: justify;\">A primeira parceria em n\u00edvel institucional foi formalizada com o Curso de Direito com apoio do coordenador, prof. Me. Igor Terraz Pinto, tendo em vista que o mesmo afirmou \u201cestar ciente deste compromisso firmado com a R\u00e1dio Cultura para o desenvolvimento e promo\u00e7\u00e3o de atividades envolvendo o Curso de Direito com docentes e discentes, ainda, buscando o fortalecimento institucional e comunit\u00e1rio em benef\u00edcio da comunidade.\u201d<\/p>\n<p style=\"text-align: justify;\">Portanto, no dia 17 de dezembro, esteve sendo veiculado nas plataformas digitais o primeiro epis\u00f3dio (piloto) do Programa \u201cJuridicando\u201d com a proposta visando a realiza\u00e7\u00e3o de entrevistas diversas com os (as) profissionais da \u00e1rea do Direito em n\u00edvel regional.<\/p>\n<p style=\"text-align: justify;\">Para o prof. Me. Jos\u00e9 Eduardo de Lima Laurencini, respons\u00e1vel pela produ\u00e7\u00e3o do \u201cJuridicando\u201d, trata-se de um projeto diferenciado no formato e na metodologia, assim, destaca que \u201c um programa de entrevistas semanal, onde conversaremos com os principais atores do universo do Direito em nossa regi\u00e3o: Advogados, Ju\u00edzes, Promotores de Justi\u00e7a, Delegados de Pol\u00edcia, membros do Poder Legislativo, professores e alunos da UNIFAI, utilizando uma linguagem simples e acess\u00edvel a todos, inclusive a quem n\u00e3o \u00e9 da \u00e1rea jur\u00eddica.\u201d<\/p>\n<p style=\"text-align: justify;\">Deve-se destacar que a coordena\u00e7\u00e3o do Curso de Direito estar\u00e1 participando efetivamente com o prof. Igor das atividades promovidas, ou seja, trabalho em Equipe para que todos os objetivos sejam alcan\u00e7ados nesta parceria com a R\u00e1dio Cultura FM.<\/p>\n<p style=\"text-align: justify;\"><strong>Primeira Entrevista<\/strong><\/p>\n<p style=\"text-align: justify;\">A experi\u00eancia de participar do Programa denominado de \u201cPiloto\u201d como entrevistada, contou com a presen\u00e7a da acad\u00eamica do VI Termo do Curso de Direito, Yasmim Monzane.<\/p>\n<p style=\"text-align: justify;\">Yasmim destacou nesta entrevista com os professores Igor e Jos\u00e9 Eduardo, a sua trajet\u00f3ria acad\u00eamica e expectativas relacionadas com o Curso de Direito neste tempo novo tempo que se chama hoje, al\u00e9m dos projetos pessoais e funcionamento da Atl\u00e9tica, diretoria e atua\u00e7\u00e3o em 2.022.<\/p>\n<p style=\"text-align: justify;\">Tamb\u00e9m, demonstrou interesse em marcar presen\u00e7a em projetos e propostas afins aos objetivos do curso de Direito, neste contexto, Mozane afirma: \u201c\u201cParticipar do juridicando n\u00e3o foi s\u00f3 uma experi\u00eancia em que pude contar minha hist\u00f3ria, mas foi uma troca de saberes. O modo como o programa \u00e9 conduzido faz com que a conversa flua com naturalidade, como se fosse um bate papo entre amigos. Voc\u00ea aprende e se diverte.\u201d<\/p>\n<p style=\"text-align: justify;\">Voc\u00ea pode acessar o Programa \u201cPiloto\u201d que est\u00e1 disponibilizado na plataforma do youtube:<\/p>\n<p style=\"text-align: justify;\">https:\/\/www.youtube.com\/watch?v=0G869aW6j4M&amp;t=1s) , e, tamb\u00e9m, nas plataformas de Podquest, como o Spotify (https:\/\/open.spotify.com\/episode\/1tFvpJyzOS92CLZ1TjKThF)<\/p>\n<p><img loading=\"lazy\" decoding=\"async\" class=\"alignnone size-full wp-image-58900\" src=\"https:\/\/jorgezanoni.com.br\/2019\/wp-content\/uploads\/2022\/01\/fai.jpg\" alt=\"\" width=\"984\" height=\"515\" srcset=\"https:\/\/jorgezanoni.com.br\/2019\/wp-content\/uploads\/2022\/01\/fai.jpg 984w, https:\/\/jorgezanoni.com.br\/2019\/wp-content\/uploads\/2022\/01\/fai-300x157.jpg 300w, https:\/\/jorgezanoni.com.br\/2019\/wp-content\/uploads\/2022\/01\/fai-768x402.jpg 768w, https:\/\/jorgezanoni.com.br\/2019\/wp-content\/uploads\/2022\/01\/fai-696x364.jpg 696w, https:\/\/jorgezanoni.com.br\/2019\/wp-content\/uploads\/2022\/01\/fai-802x420.jpg 802w\" sizes=\"auto, (max-width: 984px) 100vw, 984px\" \/> <img loading=\"lazy\" decoding=\"async\" class=\"alignnone size-full wp-image-58901\" src=\"https:\/\/jorgezanoni.com.br\/2019\/wp-content\/uploads\/2022\/01\/Jose-fai.jpg\" alt=\"\" width=\"632\" height=\"398\" srcset=\"https:\/\/jorgezanoni.com.br\/2019\/wp-content\/uploads\/2022\/01\/Jose-fai.jpg 632w, https:\/\/jorgezanoni.com.br\/2019\/wp-content\/uploads\/2022\/01\/Jose-fai-300x189.jpg 300w\" sizes=\"auto, (max-width: 632px) 100vw, 632px\" \/> <img loading=\"lazy\" decoding=\"async\" class=\"alignnone size-full wp-image-58903\" src=\"https:\/\/jorgezanoni.com.br\/2019\/wp-content\/uploads\/2022\/01\/Yasmin.jpg\" alt=\"\" width=\"465\" height=\"376\" srcset=\"https:\/\/jorgezanoni.com.br\/2019\/wp-content\/uploads\/2022\/01\/Yasmin.jpg 465w, https:\/\/jorgezanoni.com.br\/2019\/wp-content\/uploads\/2022\/01\/Yasmin-300x243.jpg 300w\" sizes=\"auto, (max-width: 465px) 100vw, 465px\" \/><\/p>\n<p>Fotos: Prof. Jos\u00e9 Eduardo e Yasmim, acad\u00e9mica de Direito<\/p>\n","protected":false},"excerpt":{"rendered":"<p>S\u00e9rgio Barbosa \/ UniFAI. Desde o m\u00eas de outubro do ano passado que a R\u00e1dio Cultura FM est\u00e1 em processo de \u201crevitaliza\u00e7\u00e3o e profissionaliza\u00e7\u00e3o\u201d por meio de um Projeto apresentado e aprovado pela Pr\u00f3-reitoria de Extens\u00e3o com apoio da Reitoria da UniFAI. A proposta tem como objetivo o desenvolvimento t\u00e9cnico-operacional da Emissora para que possa [&hellip;]<\/p>\n","protected":false},"author":1,"featured_media":58902,"comment_status":"closed","ping_status":"open","sticky":false,"template":"","format":"standard","meta":{"footnotes":""},"categories":[122],"tags":[],"class_list":["post-58899","post","type-post","status-publish","format-standard","has-post-thumbnail","hentry","category-saudeeducacaoeconcurso"],"_links":{"self":[{"href":"https:\/\/jorgezanoni.com.br\/2019\/wp-json\/wp\/v2\/posts\/58899","targetHints":{"allow":["GET"]}}],"collection":[{"href":"https:\/\/jorgezanoni.com.br\/2019\/wp-json\/wp\/v2\/posts"}],"about":[{"href":"https:\/\/jorgezanoni.com.br\/2019\/wp-json\/wp\/v2\/types\/post"}],"author":[{"embeddable":true,"href":"https:\/\/jorgezanoni.com.br\/2019\/wp-json\/wp\/v2\/users\/1"}],"replies":[{"embeddable":true,"href":"https:\/\/jorgezanoni.com.br\/2019\/wp-json\/wp\/v2\/comments?post=58899"}],"version-history":[{"count":0,"href":"https:\/\/jorgezanoni.com.br\/2019\/wp-json\/wp\/v2\/posts\/58899\/revisions"}],"wp:featuredmedia":[{"embeddable":true,"href":"https:\/\/jorgezanoni.com.br\/2019\/wp-json\/wp\/v2\/media\/58902"}],"wp:attachment":[{"href":"https:\/\/jorgezanoni.com.br\/2019\/wp-json\/wp\/v2\/media?parent=58899"}],"wp:term":[{"taxonomy":"category","embeddable":true,"href":"https:\/\/jorgezanoni.com.br\/2019\/wp-json\/wp\/v2\/categories?post=58899"},{"taxonomy":"post_tag","embeddable":true,"href":"https:\/\/jorgezanoni.com.br\/2019\/wp-json\/wp\/v2\/tags?post=58899"}],"curies":[{"name":"wp","href":"https:\/\/api.w.org\/{rel}","templated":true}]}}