{"id":58888,"date":"2022-01-19T18:59:49","date_gmt":"2022-01-19T18:59:49","guid":{"rendered":"https:\/\/jorgezanoni.com.br\/2019\/?p=58888"},"modified":"2022-01-19T18:59:49","modified_gmt":"2022-01-19T18:59:49","slug":"policia-militar-prende-homem-por-trafico-de-drogas-em-junqueiropolis","status":"publish","type":"post","link":"https:\/\/jorgezanoni.com.br\/2019\/policia-militar-prende-homem-por-trafico-de-drogas-em-junqueiropolis\/","title":{"rendered":"Pol\u00edcia Militar prende homem por Tr\u00e1fico de Drogas em Junqueir\u00f3polis"},"content":{"rendered":"<p style=\"text-align: justify;\">NA DATA DE ONTEM POR VOLTA DAS 19:10MIN DURANTE DESLOCAMENTO DRACENA SENTIDO JUNQUEIR\u00d3POLIS NA VICINAL JO\u00c3O FURINI X AVENIDA DA ACEROLA, A EQUIPE DA POL\u00cdCIA MILITAR DEPAROU COM O VE\u00cdCULO GOL VERDE CONDUTORA DO SEXO FEMININO ONDE FOI POSS\u00cdVEL VISUALIZAR UMA CRIAN\u00c7A NO BANCO DA FRENTE DO CARONA E O INDICIADO NO BANCO TRASEIRO, AO SER TENTADA A ABORDAGEM N\u00c3O FOI OBEDECIDA A ORDEM DE PARADA, METROS A FRENTE O INDICIADO (HOMEM DE 21 ANOS), DISPENSOU DOIS OBJETOS PELA JANELA DO CARONA, NOVAMENTE FOI DADA VOZ DE PARADA ONDE FOI OBEDECIDA PELA TESTEMUNHA (MULHER DE 29 ANOS). AO SER REALIZADO BUSCA PESSOAL NADA DE IL\u00cdCITO FOI ENCONTRADO COM OS INDIV\u00cdDUOS. POR\u00c9M EM ENTREVISTA PESSOAL COM A TESTEMUNHA INFORMOU QUE FOI CONTRATADA PELO INDICIADO PARA FAZER UMA &#8220;CORRIDA&#8221; JUNQUEIR\u00d3POLIS PARA DRACENA E DEVIDO A CHUVA OPTOU EM IR DE CARRO. EM ENTREVISTA COM O INDICIADO INFORMOU QUE CONTRATOU SERVI\u00c7O DA TESTEMUNHA PARA DESLOCAR PARA CIDADE DE DRACENA PARA BUSCAR DROGAS E QUE TERIA PAGO A QUANTIA DE R$130,00 NAS DUAS POR\u00c7\u00d5ES, FOI REALIZADO BUSCAS PELO LOCAL ONDE O INDICIADO DISPENSOU OS DOIS OBJETOS E ENCONTRADO UMA POR\u00c7\u00c3O ENVOLTO EM FITA ADESIVA CONTENDO EM SEU INTERIOR 21 INV\u00d3LUCROS EM PAPEL ALUM\u00cdNIO DE CRACK E NO OUTRO 01 INV\u00d3LUCRO EM PL\u00c1STICO CONTENDO COCA\u00cdNA (0,011KG DE CRACK e 0,005KG DE COCA\u00cdNA). LOGO FOI DADA A VOZ DE PRIS\u00c3O EM FLAGRANTE DELITO PERMANECENDO O INDICIADO PRESO A DISPOSI\u00c7\u00c3O DA JUSTI\u00c7A.<\/p>\n<p>25\u00b0 * BPM\/I<br \/>\n1\u00b0 CIA<br \/>\nJUNQUEIROPOLIS<\/p>\n","protected":false},"excerpt":{"rendered":"<p>NA DATA DE ONTEM POR VOLTA DAS 19:10MIN DURANTE DESLOCAMENTO DRACENA SENTIDO JUNQUEIR\u00d3POLIS NA VICINAL JO\u00c3O FURINI X AVENIDA DA ACEROLA, A EQUIPE DA POL\u00cdCIA MILITAR DEPAROU COM O VE\u00cdCULO GOL VERDE CONDUTORA DO SEXO FEMININO ONDE FOI POSS\u00cdVEL VISUALIZAR UMA CRIAN\u00c7A NO BANCO DA FRENTE DO CARONA E O INDICIADO NO BANCO TRASEIRO, AO [&hellip;]<\/p>\n","protected":false},"author":1,"featured_media":58889,"comment_status":"closed","ping_status":"open","sticky":false,"template":"","format":"standard","meta":{"footnotes":""},"categories":[110,2],"tags":[],"class_list":["post-58888","post","type-post","status-publish","format-standard","has-post-thumbnail","hentry","category-noticiasdestaque","category-policial"],"_links":{"self":[{"href":"https:\/\/jorgezanoni.com.br\/2019\/wp-json\/wp\/v2\/posts\/58888","targetHints":{"allow":["GET"]}}],"collection":[{"href":"https:\/\/jorgezanoni.com.br\/2019\/wp-json\/wp\/v2\/posts"}],"about":[{"href":"https:\/\/jorgezanoni.com.br\/2019\/wp-json\/wp\/v2\/types\/post"}],"author":[{"embeddable":true,"href":"https:\/\/jorgezanoni.com.br\/2019\/wp-json\/wp\/v2\/users\/1"}],"replies":[{"embeddable":true,"href":"https:\/\/jorgezanoni.com.br\/2019\/wp-json\/wp\/v2\/comments?post=58888"}],"version-history":[{"count":0,"href":"https:\/\/jorgezanoni.com.br\/2019\/wp-json\/wp\/v2\/posts\/58888\/revisions"}],"wp:featuredmedia":[{"embeddable":true,"href":"https:\/\/jorgezanoni.com.br\/2019\/wp-json\/wp\/v2\/media\/58889"}],"wp:attachment":[{"href":"https:\/\/jorgezanoni.com.br\/2019\/wp-json\/wp\/v2\/media?parent=58888"}],"wp:term":[{"taxonomy":"category","embeddable":true,"href":"https:\/\/jorgezanoni.com.br\/2019\/wp-json\/wp\/v2\/categories?post=58888"},{"taxonomy":"post_tag","embeddable":true,"href":"https:\/\/jorgezanoni.com.br\/2019\/wp-json\/wp\/v2\/tags?post=58888"}],"curies":[{"name":"wp","href":"https:\/\/api.w.org\/{rel}","templated":true}]}}