{"id":58885,"date":"2022-01-19T18:42:06","date_gmt":"2022-01-19T18:42:06","guid":{"rendered":"https:\/\/jorgezanoni.com.br\/2019\/?p=58885"},"modified":"2022-01-19T18:42:06","modified_gmt":"2022-01-19T18:42:06","slug":"policia-militar-prende-homem-por-trafico-de-drogas-em-tupi-paulista-2","status":"publish","type":"post","link":"https:\/\/jorgezanoni.com.br\/2019\/policia-militar-prende-homem-por-trafico-de-drogas-em-tupi-paulista-2\/","title":{"rendered":"Pol\u00edcia Militar prende homem por Tr\u00e1fico de Drogas em Tupi Paulista"},"content":{"rendered":"<p style=\"text-align: justify;\">APREENS\u00d5ES: \u00a0(06) SEIS POR\u00c7\u00d5ES DE COCA\u00cdNA TOTALIZANDO 4,0 GRAMAS; R$ 100,00; (01) UM APARELHO CELULAR MOTOROLA.<\/p>\n<p style=\"text-align: justify;\">NA DATA DE HOJE POR VOLTA DAS 19H10MIN DURANTE PATRULHAMENTO DE FOR\u00c7A T\u00c1TICA NO JARDIM PRIMAVERA EM DE TUPI PAULISTA, AP\u00d3S DEN\u00daNCIAS DE TR\u00c1FICO DE DROGAS, VISUALIZOU O AUTOR (HOMEM DE 28 ANOS) REALIZAR A VENDA, LOGRANDO \u00caXITO EM ABORD\u00c1-LO.<br \/>\nAO SER QUESTIONADO, CONFESSOU A PR\u00c1TICA DO IL\u00cdCITO. FOI DADO VOZ DE PRIS\u00c3O PERMANECENDO O AUTOR PRESO DISPOSI\u00c7\u00c3O DA JUSTI\u00c7A.<\/p>\n<p style=\"text-align: justify;\">Fonte: Com. Social Pol\u00edcia Militar<\/p>\n","protected":false},"excerpt":{"rendered":"<p>APREENS\u00d5ES: \u00a0(06) SEIS POR\u00c7\u00d5ES DE COCA\u00cdNA TOTALIZANDO 4,0 GRAMAS; R$ 100,00; (01) UM APARELHO CELULAR MOTOROLA. NA DATA DE HOJE POR VOLTA DAS 19H10MIN DURANTE PATRULHAMENTO DE FOR\u00c7A T\u00c1TICA NO JARDIM PRIMAVERA EM DE TUPI PAULISTA, AP\u00d3S DEN\u00daNCIAS DE TR\u00c1FICO DE DROGAS, VISUALIZOU O AUTOR (HOMEM DE 28 ANOS) REALIZAR A VENDA, LOGRANDO \u00caXITO EM [&hellip;]<\/p>\n","protected":false},"author":1,"featured_media":58886,"comment_status":"closed","ping_status":"open","sticky":false,"template":"","format":"standard","meta":{"footnotes":""},"categories":[110,2],"tags":[],"class_list":["post-58885","post","type-post","status-publish","format-standard","has-post-thumbnail","hentry","category-noticiasdestaque","category-policial"],"_links":{"self":[{"href":"https:\/\/jorgezanoni.com.br\/2019\/wp-json\/wp\/v2\/posts\/58885","targetHints":{"allow":["GET"]}}],"collection":[{"href":"https:\/\/jorgezanoni.com.br\/2019\/wp-json\/wp\/v2\/posts"}],"about":[{"href":"https:\/\/jorgezanoni.com.br\/2019\/wp-json\/wp\/v2\/types\/post"}],"author":[{"embeddable":true,"href":"https:\/\/jorgezanoni.com.br\/2019\/wp-json\/wp\/v2\/users\/1"}],"replies":[{"embeddable":true,"href":"https:\/\/jorgezanoni.com.br\/2019\/wp-json\/wp\/v2\/comments?post=58885"}],"version-history":[{"count":0,"href":"https:\/\/jorgezanoni.com.br\/2019\/wp-json\/wp\/v2\/posts\/58885\/revisions"}],"wp:featuredmedia":[{"embeddable":true,"href":"https:\/\/jorgezanoni.com.br\/2019\/wp-json\/wp\/v2\/media\/58886"}],"wp:attachment":[{"href":"https:\/\/jorgezanoni.com.br\/2019\/wp-json\/wp\/v2\/media?parent=58885"}],"wp:term":[{"taxonomy":"category","embeddable":true,"href":"https:\/\/jorgezanoni.com.br\/2019\/wp-json\/wp\/v2\/categories?post=58885"},{"taxonomy":"post_tag","embeddable":true,"href":"https:\/\/jorgezanoni.com.br\/2019\/wp-json\/wp\/v2\/tags?post=58885"}],"curies":[{"name":"wp","href":"https:\/\/api.w.org\/{rel}","templated":true}]}}