{"id":58881,"date":"2022-01-19T18:22:05","date_gmt":"2022-01-19T18:22:05","guid":{"rendered":"https:\/\/jorgezanoni.com.br\/2019\/?p=58881"},"modified":"2022-01-19T18:22:33","modified_gmt":"2022-01-19T18:22:33","slug":"unifai-o-futuro-esta-no-presente-com-olhar-no-passado","status":"publish","type":"post","link":"https:\/\/jorgezanoni.com.br\/2019\/unifai-o-futuro-esta-no-presente-com-olhar-no-passado\/","title":{"rendered":"UniFAI: O futuro est\u00e1 no presente com olhar no passado! (por S\u00e9rgio Barbosa)"},"content":{"rendered":"<p style=\"text-align: justify;\"><em>\u201cA distin\u00e7\u00e3o entre passado, presente e futuro \u00e9 apenas uma ilus\u00e3o teimosamente persistente.\u201d (<\/em><a href=\"https:\/\/www.pensador.com\/autor\/albert_einstein\/\"><em>Albert Einstein<\/em><\/a><em>)<\/em><strong>\u00a0<\/strong><\/p>\n<p style=\"text-align: justify;\"><strong>S\u00e9rgio Barbosa (*)<\/strong><\/p>\n<p style=\"text-align: justify;\">Neste in\u00edcio de mais um ANO NOVO ANO, faz-se necess\u00e1rio registrar para a comunidade docente e discente, bem como, colaboradores (as) e fornecedores (as) da UniFAI, ainda, popula\u00e7\u00e3o adamantinense, as atividades desenvolvidas desde o dia 1 de julho daquele ANO VELHO ANO&#8230;<\/p>\n<p style=\"text-align: justify;\">Tamb\u00e9m, deve-se considerar que estes seis meses foram de intensas atividades afins aos objetivos desenvolvidas pela Institui\u00e7\u00e3o nas \u00e1reas do Ensino, da Pesquisa e da Extens\u00e3o, ainda, buscando a intera\u00e7\u00e3o organizacional por meio da participa\u00e7\u00e3o efetiva de todos (as) que fazem parte da UniFAI&#8230;<\/p>\n<p style=\"text-align: justify;\">Portanto, os desafios existem para serem superados em nome do mesmo objetivo, ou seja, a consolida\u00e7\u00e3o da institui\u00e7\u00e3o como Centro Universit\u00e1rio de Adamantina para que o futuro possa estar e fazer parte deste cen\u00e1rio educacional em n\u00edvel regional&#8230;<\/p>\n<p style=\"text-align: justify;\">Entretanto, a colabora\u00e7\u00e3o da comunidade \u201cunifaiana\u201d deve ser de acordo com a proposta, a saber; ampla, geral e irrestrita, tendo em vista que o compromisso deve ser assumido em n\u00edvel geral, ou seja, envolvendo todos (as) os (as) colaboradores (as) da Institui\u00e7\u00e3o&#8230;<\/p>\n<p style=\"text-align: justify;\">Nestes \u00faltimos meses, isso \u00e9, desde a posse da Reitoria no in\u00edcio de julho, deve-se considerar que n\u00e3o houve uma \u201ctransi\u00e7\u00e3o\u201d entre as Equipes que sa\u00edram e entraram, tendo em vista todos os fatos que aconteceram no per\u00edodo do processo da escolha da \u201cnova Reitoria\u201d&#8230;<\/p>\n<p style=\"text-align: justify;\">Entretanto, apesar destes fatos, pode-se considerar que o trabalho est\u00e1 sendo realizado de acordo com o Projeto aprovado e referendado pelo CONSUN- Conselho Universit\u00e1rio, todavia, a colabora\u00e7\u00e3o em todos os n\u00edveis institucionais \u00e9 necess\u00e1ria para o desenvolvimento integral do Projeto Educacional da UniFAI&#8230;<\/p>\n<p style=\"text-align: justify;\">A Reitoria, busca neste cen\u00e1rio educacional em tempo de Pandemia, desenvolver uma readequa\u00e7\u00e3o organizacional por meio de um Planejamento Estrat\u00e9gico focado nas \u00e1reas de interesse da UniFAI at\u00e9 o final deste mandato&#8230;<\/p>\n<p style=\"text-align: justify;\">Por\u00e9m, a Equipe est\u00e1 considerando que o futuro da institui\u00e7\u00e3o se encontra no presente, assim, devem-se buscar no passado as conquistas que ocorreram em todas as \u00e1reas para fortalecer o cen\u00e1rio atual na perspectiva dos pr\u00f3ximos anos&#8230;<\/p>\n<p style=\"text-align: justify;\">O desafio pertence para todos (as) que fazem parte desta comunidade que \u00e9 a UniFAI, haja vista a Hist\u00f3ria com a FAFIA, depois, a FEO para a efetiva\u00e7\u00e3o como FAI e agora, Centro Universit\u00e1rio de Adamantina- UniFAI.<\/p>\n<p style=\"text-align: justify;\">Por\u00e9m, existe sempre a presen\u00e7a da REFLEX\u00c3O CR\u00cdTICA pra fazer frente ao denominado SENSO COMUM na \u00e1rea institucional, portanto, apesar dos pesares, TODO CUIDADO \u00c9 POUCO com as tais AVES DE RAPINA que continuam rondando nos campis da UniFAI&#8230;<\/p>\n<p style=\"text-align: justify;\">Neste CEN\u00c1RIO um tanto quanto desencontrado com o MERCADO em n\u00edvel GLOCAL, ou seja, do GLOBAL para o LOCAL, a ORGANIZA\u00c7\u00c3O deve estar atenta as INCERTEZAS da \u00e1rea ECON\u00d5MICA, tendo em vista que TODO CUIDADO \u00c9 POUCO neste ano e ponto quase final&#8230;<\/p>\n<p style=\"text-align: justify;\">Tamb\u00e9m, a M\u00cdDIA PROVINCIANA, bem como, a COMUNIDADE que se faz presente em todas as \u00e1reas do sistema ORGANIZACIONAL na perspectiva da PRODU\u00c7\u00c3O e SERVI\u00c7OS, est\u00e3o conectadas neste mesmo OBJETIVO visando a CONSOLIDA\u00c7\u00c3O da UniFAI em tempo de p\u00f3s-globaliza\u00e7\u00e3o midi\u00e1tica&#8230;<\/p>\n<p style=\"text-align: justify;\">Entretanto, se VOC\u00ca faz parte deste projeto educacional, ainda, cada qual na sua \u00e1rea de atua\u00e7\u00e3o e participa\u00e7\u00e3o, pois, s\u00f3 o trabalho participativo e solid\u00e1rio pode fazer a diferen\u00e7a neste contexto plural para a UniFAI em tempo de Pandemia&#8230;<\/p>\n<p style=\"text-align: justify;\">QUEM SOBREVIVER VAI SABER&#8230;<\/p>\n<p style=\"text-align: justify;\"><strong><em>__________________________________<\/em><\/strong><\/p>\n<p style=\"text-align: justify;\"><strong><em>(*) jornalista diplomado, professor dos cursos de administra\u00e7\u00e3o e publicidade &amp; propaganda da unifai, coordenador do projeto de revitaliza\u00e7\u00e3o e profissionaliza\u00e7\u00e3o da r\u00e1dio cultura fm (2021\/2022). Assessor-executivo da asspem-assessoria p\u00fablica e empresarial. autor do ebook\/livro in ADAMANTINA: Novas Perspectivas de Organiza\u00e7\u00f5es Empresariais (acea\/ep\/asspem\/2021). desenvolveu atividades acad\u00eamicas como pesquisador-colaborador da c\u00e1tedra unesco\/metodista para o desenvolvimento regional nos anos de 1.998 at\u00e9 2.018. \u00a0<\/em><\/strong><\/p>\n","protected":false},"excerpt":{"rendered":"<p>\u201cA distin\u00e7\u00e3o entre passado, presente e futuro \u00e9 apenas uma ilus\u00e3o teimosamente persistente.\u201d (Albert Einstein)\u00a0 S\u00e9rgio Barbosa (*) Neste in\u00edcio de mais um ANO NOVO ANO, faz-se necess\u00e1rio registrar para a comunidade docente e discente, bem como, colaboradores (as) e fornecedores (as) da UniFAI, ainda, popula\u00e7\u00e3o adamantinense, as atividades desenvolvidas desde o dia 1 de [&hellip;]<\/p>\n","protected":false},"author":1,"featured_media":58882,"comment_status":"closed","ping_status":"open","sticky":false,"template":"","format":"standard","meta":{"footnotes":""},"categories":[175],"tags":[],"class_list":["post-58881","post","type-post","status-publish","format-standard","has-post-thumbnail","hentry","category-artigos"],"_links":{"self":[{"href":"https:\/\/jorgezanoni.com.br\/2019\/wp-json\/wp\/v2\/posts\/58881","targetHints":{"allow":["GET"]}}],"collection":[{"href":"https:\/\/jorgezanoni.com.br\/2019\/wp-json\/wp\/v2\/posts"}],"about":[{"href":"https:\/\/jorgezanoni.com.br\/2019\/wp-json\/wp\/v2\/types\/post"}],"author":[{"embeddable":true,"href":"https:\/\/jorgezanoni.com.br\/2019\/wp-json\/wp\/v2\/users\/1"}],"replies":[{"embeddable":true,"href":"https:\/\/jorgezanoni.com.br\/2019\/wp-json\/wp\/v2\/comments?post=58881"}],"version-history":[{"count":0,"href":"https:\/\/jorgezanoni.com.br\/2019\/wp-json\/wp\/v2\/posts\/58881\/revisions"}],"wp:featuredmedia":[{"embeddable":true,"href":"https:\/\/jorgezanoni.com.br\/2019\/wp-json\/wp\/v2\/media\/58882"}],"wp:attachment":[{"href":"https:\/\/jorgezanoni.com.br\/2019\/wp-json\/wp\/v2\/media?parent=58881"}],"wp:term":[{"taxonomy":"category","embeddable":true,"href":"https:\/\/jorgezanoni.com.br\/2019\/wp-json\/wp\/v2\/categories?post=58881"},{"taxonomy":"post_tag","embeddable":true,"href":"https:\/\/jorgezanoni.com.br\/2019\/wp-json\/wp\/v2\/tags?post=58881"}],"curies":[{"name":"wp","href":"https:\/\/api.w.org\/{rel}","templated":true}]}}