{"id":58876,"date":"2022-01-19T18:12:26","date_gmt":"2022-01-19T18:12:26","guid":{"rendered":"https:\/\/jorgezanoni.com.br\/2019\/?p=58876"},"modified":"2022-01-19T18:12:26","modified_gmt":"2022-01-19T18:12:26","slug":"colisao-frontal-entre-carro-e-caminhao-faz-uma-vitima-fatal","status":"publish","type":"post","link":"https:\/\/jorgezanoni.com.br\/2019\/colisao-frontal-entre-carro-e-caminhao-faz-uma-vitima-fatal\/","title":{"rendered":"Colis\u00e3o frontal entre carro e caminh\u00e3o faz uma v\u00edtima fatal"},"content":{"rendered":"<p style=\"text-align: justify;\">Na data de ontem (18) por volta das 19h48min, a Unidade de Servi\u00e7o da Pol\u00edcia Militar de Panorama, foi acionada para atendimento de ocorr\u00eancia de acidente de tr\u00e2nsito com v\u00edtima, na vicinal que liga os munic\u00edpios de Ouro Verde a Panorama, KM 15 (Panorama\/SP), envolvendo um autom\u00f3vel e um caminh\u00e3o. No local foi constatado que houve a colis\u00e3o frontal entre um autom\u00f3vel Fiat\/Uno e um Caminh\u00e3o Ford\/F600, fazendo com que o condutor do Fiat\/Uno (homem de 54 anos), morador de Ouro Verde\/SP, ficasse preso \u00e0s ferragens. Segundo declara\u00e7\u00f5es do condutor do caminh\u00e3o (homem de 58 anos) morador de Paulic\u00e9ia\/SP, aquele transitava pela vicinal, momento em que visualizou o ve\u00edculo Fiat\/Uno transitando em sentido contr\u00e1rio, fazendo ziguezague na via, momento em que tentou desviar, jogando o caminh\u00e3o para o acostamento da via, contudo, n\u00e3o foi poss\u00edvel evitar a colis\u00e3o frontal. A v\u00edtima foi retirada das ferragens e socorrida pela equipe do Corpo de Bombeiros, at\u00e9 o Pronto Socorro da Santa Casa de Panorama, onde a equipe medica constatou o \u00f3bito. J\u00e1 a motorista do caminh\u00e3o nada sofreu. O caso ser\u00e1 investigado pela Policia Civil de Panorama\/SP.<\/p>\n<p style=\"text-align: justify;\">#25bpmi<br \/>\n#cpi8<br \/>\n#POLICIAMILITARSP<br \/>\n#AFOR\u00c7AP\u00daBLICADES\u00c3OPAULO<br \/>\nComunica\u00e7\u00e3o Social do 25BPMI e regi\u00e3o<\/p>\n<p><img loading=\"lazy\" decoding=\"async\" class=\"alignnone size-full wp-image-58877\" src=\"https:\/\/jorgezanoni.com.br\/2019\/wp-content\/uploads\/2022\/01\/pano-1.jpg\" alt=\"\" width=\"662\" height=\"960\" srcset=\"https:\/\/jorgezanoni.com.br\/2019\/wp-content\/uploads\/2022\/01\/pano-1.jpg 662w, https:\/\/jorgezanoni.com.br\/2019\/wp-content\/uploads\/2022\/01\/pano-1-207x300.jpg 207w, https:\/\/jorgezanoni.com.br\/2019\/wp-content\/uploads\/2022\/01\/pano-1-290x420.jpg 290w\" sizes=\"auto, (max-width: 662px) 100vw, 662px\" \/><\/p>\n<p style=\"text-align: justify;\">Fotos: Di\u00e1rio de Noticias<\/p>\n","protected":false},"excerpt":{"rendered":"<p>Na data de ontem (18) por volta das 19h48min, a Unidade de Servi\u00e7o da Pol\u00edcia Militar de Panorama, foi acionada para atendimento de ocorr\u00eancia de acidente de tr\u00e2nsito com v\u00edtima, na vicinal que liga os munic\u00edpios de Ouro Verde a Panorama, KM 15 (Panorama\/SP), envolvendo um autom\u00f3vel e um caminh\u00e3o. No local foi constatado que [&hellip;]<\/p>\n","protected":false},"author":1,"featured_media":58878,"comment_status":"closed","ping_status":"open","sticky":false,"template":"","format":"standard","meta":{"footnotes":""},"categories":[170,110],"tags":[],"class_list":["post-58876","post","type-post","status-publish","format-standard","has-post-thumbnail","hentry","category-acidentes","category-noticiasdestaque"],"_links":{"self":[{"href":"https:\/\/jorgezanoni.com.br\/2019\/wp-json\/wp\/v2\/posts\/58876","targetHints":{"allow":["GET"]}}],"collection":[{"href":"https:\/\/jorgezanoni.com.br\/2019\/wp-json\/wp\/v2\/posts"}],"about":[{"href":"https:\/\/jorgezanoni.com.br\/2019\/wp-json\/wp\/v2\/types\/post"}],"author":[{"embeddable":true,"href":"https:\/\/jorgezanoni.com.br\/2019\/wp-json\/wp\/v2\/users\/1"}],"replies":[{"embeddable":true,"href":"https:\/\/jorgezanoni.com.br\/2019\/wp-json\/wp\/v2\/comments?post=58876"}],"version-history":[{"count":0,"href":"https:\/\/jorgezanoni.com.br\/2019\/wp-json\/wp\/v2\/posts\/58876\/revisions"}],"wp:featuredmedia":[{"embeddable":true,"href":"https:\/\/jorgezanoni.com.br\/2019\/wp-json\/wp\/v2\/media\/58878"}],"wp:attachment":[{"href":"https:\/\/jorgezanoni.com.br\/2019\/wp-json\/wp\/v2\/media?parent=58876"}],"wp:term":[{"taxonomy":"category","embeddable":true,"href":"https:\/\/jorgezanoni.com.br\/2019\/wp-json\/wp\/v2\/categories?post=58876"},{"taxonomy":"post_tag","embeddable":true,"href":"https:\/\/jorgezanoni.com.br\/2019\/wp-json\/wp\/v2\/tags?post=58876"}],"curies":[{"name":"wp","href":"https:\/\/api.w.org\/{rel}","templated":true}]}}