{"id":58853,"date":"2022-01-18T22:38:30","date_gmt":"2022-01-18T22:38:30","guid":{"rendered":"https:\/\/jorgezanoni.com.br\/2019\/?p=58853"},"modified":"2022-01-18T22:38:30","modified_gmt":"2022-01-18T22:38:30","slug":"plantao-policial-ocorrencias-registradas-nas-ultimas-horas","status":"publish","type":"post","link":"https:\/\/jorgezanoni.com.br\/2019\/plantao-policial-ocorrencias-registradas-nas-ultimas-horas\/","title":{"rendered":"PLANT\u00c3O POLICIAL: Ocorr\u00eancias registradas nas \u00faltimas horas"},"content":{"rendered":"<p style=\"text-align: justify;\"><strong>POL\u00cdCIA MILITAR EM A\u00c7\u00c3O DE FOR\u00c7A T\u00c1TICA PRENDE HOMEM POR POSSE ILEGAL DE ARMA DE FOGO E MUNI\u00c7\u00d5ES DE USO PERMITIDO EM TUPI PAULISTA.<\/strong><\/p>\n<p style=\"text-align: justify;\">MATERIAL APREENDIDO: -01 REV\u00d3LVER CAL .38 MARCA SMITH &amp; WESSON CANO 4 POLEGADAS, CAPACIDADE PARA 6 TIROS, COM NUMERA\u00c7\u00c3O PARCIALMENTE SUPRIMIDA;<br \/>\n&#8211; 01 CARTUCHO CAL .357 MAGNUM MARCA RP INTACTO; &#8211; 02 CARTUCHOS CAL .38 MARCA CBC INTACTOS; &#8211; 02 CARTUCHOS CAL .38 MARCA WINCHESTER INTACTOS; &#8211; 02 CARTUCHOS CAL .38 MARCA AGUILA INTACTOS; &#8211; 01 CARRUCHO MARCA FC INTACTO;<br \/>\n&#8211; 01 CARTUCHO CAL .38 MARCA CBC DEFLAGRADO.<\/p>\n<p style=\"text-align: justify;\">NA DATA DE HOJE POR VOLTA DAS 17H15MIN EQUIPES DE FOR\u00c7A T\u00c1TICA EM PATRULHAMENTO PELO MUNIC\u00cdPIO DE TUPI PAULISTA E DE POSSE DE INFORMA\u00c7\u00d5ES DE QUE UM INDIV\u00cdDUO (HOME DE 29 ANOS) PROPRIET\u00c1RIO DE UM BAR ESTARIA GUARDANDO UMA ARMA DE FOGO DE PROPRIEDADE DE OUTRO INDIV\u00cdDUO O QUAL EM DATA ANTERIOR HAVIA SE ENVOLVIDO EM UMA BRIGA EM OUTRO BAR E EFETUADO UM DISPARO DE ARMA DE FOGO ONDE AP\u00d3S ABORDAGEM E BUSCA PESSOAL O AUTOR CONFESSOU A POSSE DO ARMAMENTO ENTREGANDO LOGO EM SEGUIDA A EQUIPE UM REV\u00d3LVER CAL .38 MARCA SMITH&amp;WESSON MUNICIADO COM 5 CARTUCHOS INTACTOS E UM DEFLAGRADO E MAIS 3 CARTUCHO INTACTOS, CONFESSANDO AINDA QUE GUARDAVA A ARMA DE FOGO DEVIDO AOS FATOS NARRADOS CONFORME AS DEN\u00daNCIAS QUE CHEGARAM AT\u00c9 AS EQUIPES POLICIAIS.<br \/>\nDIANTE DOS FATOS FOI DADO VOZ DE PRIS\u00c3O EM FLAGRANTE AO AUTOR PERMANECENDO PRESO A DISPOSI\u00c7\u00c3O DA JUSTI\u00c7A.<\/p>\n<p><img loading=\"lazy\" decoding=\"async\" class=\"alignnone size-full wp-image-58854\" src=\"https:\/\/jorgezanoni.com.br\/2019\/wp-content\/uploads\/2022\/01\/tupi-5.jpg\" alt=\"\" width=\"1280\" height=\"766\" srcset=\"https:\/\/jorgezanoni.com.br\/2019\/wp-content\/uploads\/2022\/01\/tupi-5.jpg 1280w, https:\/\/jorgezanoni.com.br\/2019\/wp-content\/uploads\/2022\/01\/tupi-5-300x180.jpg 300w, https:\/\/jorgezanoni.com.br\/2019\/wp-content\/uploads\/2022\/01\/tupi-5-1024x613.jpg 1024w, https:\/\/jorgezanoni.com.br\/2019\/wp-content\/uploads\/2022\/01\/tupi-5-768x460.jpg 768w, https:\/\/jorgezanoni.com.br\/2019\/wp-content\/uploads\/2022\/01\/tupi-5-696x417.jpg 696w, https:\/\/jorgezanoni.com.br\/2019\/wp-content\/uploads\/2022\/01\/tupi-5-1068x639.jpg 1068w, https:\/\/jorgezanoni.com.br\/2019\/wp-content\/uploads\/2022\/01\/tupi-5-702x420.jpg 702w\" sizes=\"auto, (max-width: 1280px) 100vw, 1280px\" \/><\/p>\n<p style=\"text-align: justify;\"><strong>POL\u00cdCIA MILITAR CAPTURA PROCURADO DA JUSTI\u00c7A EM PAULIC\u00c9IA<\/strong><\/p>\n<p style=\"text-align: justify;\">NA DATA DE HOJE POR VOLTA DAS 11H45MIN DURANTE PATRULHAMENTO DE FOR\u00c7A T\u00c1TICA NA PELO MINICIPIO DE PAULICEIA, CHEGOU AO NOSSO CONHECIMENTO QUE HAVIA UM MANDADO DE PRIS\u00c3O EM DESFAVOR DE UM MORADOR DE PAULIC\u00c9IA (HOMEM DE 60 ANOS). A EQUIPE POLICIAL DESLOCOU ATE O RESIDENCIAL, PELO ENDERE\u00c7O INFORMADO , E ABORDOU O INDIVIDUO, NADA DE IL\u00cdCITO ENCONTRADO, IDENTIFICADO, E PESQUISADO CONSTATADO MANDADO DE PRIS\u00c3O EM DESFAVOR DO INDIVIDUO, CONDENADO A 9 ANOS DE REGIME FECHADO, PELO CRIME DE ESTUPRO ART 213 CP.<br \/>\nDIANTE DOS FATOS O INDIVIDUO PERMANECEU PRESO \u00c0 DISPOSI\u00c7\u00c3O DA JUSTI\u00c7A.<\/p>\n<p><strong>POL\u00cdCIA MILITAR PRENDE HOMEM POR VIOLENCIA DOMESTICA EM DRACENA.<\/strong><\/p>\n<p style=\"text-align: justify;\">NA DATA DE HOJE POR VOLTA DAS 15H35MIN A EQUIPE POLICIAL AO CHEGAR AO LOCAL DOS FATOS (BAIRRO VIT\u00d3RIA R\u00c9GIA), J\u00c1 DEPAROU COM AUTOR DE 39 VISIVELMENTE EMBRIAGADO, SEGURANDO UM PEDA\u00c7O DE CONCRETO NAS M\u00c3OS, QUE ELE DISPENSOU ASSIM QUE VIU A VIATURA, ALEM DELE ESTAVAM NO LOCAL VITIMA 01 DE 54 ANOS E SUA FILHA VITIMA 02 DE 38 ANOS. A VITIMA 01 DECLAROU TER TIDO UM RELACIONAMENTO DE 1 ANO QUE TEVE SEU TERMINO NO FINAL DO ANO PASSADO, DEVIDO A BEBEDEIRA E AGRESSIVIDADE DE AUTOR, E QUE O MESMO NAO ACEITA O TERMINO DO RELACIONAMENTO, A VITIMA 01 MORA EM UMA KITNET E NO MESMO PREDIO QUE MORA A FILHA, O AUTOR FOI AO APARTAMENTO DE VITIMA 01 ARROMBOU A PORTA DA FRENTE ADENTROU A RESIDENCIA QUEBROU ALGUMAS<br \/>\nLOUCAS, E FOI ATE O APARTAMENTO DA VITIMA 02, LA PASSOU A AMEACA-LA COM UMA FACA QUE CARREGAVA NA CINTURA, ACHANDO QUE A VITIMA 01 ESTAVA ESCONDIDA NO INTERIOR CASA, NESSE MOMENTO A VITIMA 01 CHEGOU EM SUA RESIDENCIA, AUTOR PERCEBEU A CHEGADA E FOI AT\u00c9 A CASA DE VITIMA E PASSOU A AMEACA-LA E AGREDI-LA COM SOCOS, EM CERTO MOMENTO PEGOU SUA CABE\u00c7A E PASSOU A BATER NA PAREDE, ATO CONTINUO AUTOR TENTOU SACAR A FACA EM SUA CINTURA MAS ELA CAIU AO SOLO, VITIMA 01 APROVEITOU A<br \/>\nDISTRA\u00c7\u00c3O E PEGOU A FACA E SAIU PARA FORA DE SUA RESIDENCIA GRITANDO POR SOCORRO, NESSE MOMENTO AO VER A M\u00c3E PEDIU POR SOCORRO VITIMA 02 FOI EM SOCORRO DA M\u00c3E, AUTOR PEGOU UM CABO DE VASSOURA E PASSOU A AGREDI LAS DISFERINDO VARIOS GOLPES NAS COSTAS DE AMBAS AS VITIMAS, ATE QUEBRAR, DEPOIS PEGOU UM PEDA\u00c7O DE CONCRETO, FOI QUANDO A VIATURA CHEGOU, AUTOR RECUSOU OBEDECER AS ORDENS DOS POLICIAIS, SENDO NECESSARIO USO DE FOR\u00c7A FISICA MODERADA CARA CONTER E ALGEMAR, AINDA QUANDO COLOCADO NO INTERIOR DA GUARDA PRESO DA VIATURA PASSOU A CHUTAR A TAMPA DO GUARDA PRESOS DA VIATURA CAUSANDO DANOS NO AMORTECEDOR DA PORTA, CHEGANDO AO PLANTAO DE POLICIA JUDICIARIA AO SER COLOCADO NO INTERIOR DA CELA AUTOR SE JOGOU PARA TRAZ AO SOLO ABRINDO UM CORTE NA PARTE DA NUCA, SENDO SOCORRIDO AO PRONTO ATENDIMENTO LOCAL ONDE O CORTE FOI SUTURADO E LIBERADO PERMANECENDO O AUTOR A DISPOSICAO DA JUSTI\u00c7A.<\/p>\n<p style=\"text-align: justify;\">Fonte: Com. Social Pol\u00edcia Militar<\/p>\n<p>&nbsp;<\/p>\n<p>&nbsp;<\/p>\n","protected":false},"excerpt":{"rendered":"<p>POL\u00cdCIA MILITAR EM A\u00c7\u00c3O DE FOR\u00c7A T\u00c1TICA PRENDE HOMEM POR POSSE ILEGAL DE ARMA DE FOGO E MUNI\u00c7\u00d5ES DE USO PERMITIDO EM TUPI PAULISTA. MATERIAL APREENDIDO: -01 REV\u00d3LVER CAL .38 MARCA SMITH &amp; WESSON CANO 4 POLEGADAS, CAPACIDADE PARA 6 TIROS, COM NUMERA\u00c7\u00c3O PARCIALMENTE SUPRIMIDA; &#8211; 01 CARTUCHO CAL .357 MAGNUM MARCA RP INTACTO; &#8211; [&hellip;]<\/p>\n","protected":false},"author":1,"featured_media":58855,"comment_status":"closed","ping_status":"open","sticky":false,"template":"","format":"standard","meta":{"footnotes":""},"categories":[110,2],"tags":[],"class_list":["post-58853","post","type-post","status-publish","format-standard","has-post-thumbnail","hentry","category-noticiasdestaque","category-policial"],"_links":{"self":[{"href":"https:\/\/jorgezanoni.com.br\/2019\/wp-json\/wp\/v2\/posts\/58853","targetHints":{"allow":["GET"]}}],"collection":[{"href":"https:\/\/jorgezanoni.com.br\/2019\/wp-json\/wp\/v2\/posts"}],"about":[{"href":"https:\/\/jorgezanoni.com.br\/2019\/wp-json\/wp\/v2\/types\/post"}],"author":[{"embeddable":true,"href":"https:\/\/jorgezanoni.com.br\/2019\/wp-json\/wp\/v2\/users\/1"}],"replies":[{"embeddable":true,"href":"https:\/\/jorgezanoni.com.br\/2019\/wp-json\/wp\/v2\/comments?post=58853"}],"version-history":[{"count":0,"href":"https:\/\/jorgezanoni.com.br\/2019\/wp-json\/wp\/v2\/posts\/58853\/revisions"}],"wp:featuredmedia":[{"embeddable":true,"href":"https:\/\/jorgezanoni.com.br\/2019\/wp-json\/wp\/v2\/media\/58855"}],"wp:attachment":[{"href":"https:\/\/jorgezanoni.com.br\/2019\/wp-json\/wp\/v2\/media?parent=58853"}],"wp:term":[{"taxonomy":"category","embeddable":true,"href":"https:\/\/jorgezanoni.com.br\/2019\/wp-json\/wp\/v2\/categories?post=58853"},{"taxonomy":"post_tag","embeddable":true,"href":"https:\/\/jorgezanoni.com.br\/2019\/wp-json\/wp\/v2\/tags?post=58853"}],"curies":[{"name":"wp","href":"https:\/\/api.w.org\/{rel}","templated":true}]}}