{"id":58845,"date":"2022-01-18T21:48:22","date_gmt":"2022-01-18T21:48:22","guid":{"rendered":"https:\/\/jorgezanoni.com.br\/2019\/?p=58845"},"modified":"2022-01-18T21:48:49","modified_gmt":"2022-01-18T21:48:49","slug":"veiculo-cai-em-ribanceira-na-sp-294-em-parapua","status":"publish","type":"post","link":"https:\/\/jorgezanoni.com.br\/2019\/veiculo-cai-em-ribanceira-na-sp-294-em-parapua\/","title":{"rendered":"Ve\u00edculo cai em ribanceira na SP 294, em Parapu\u00e3"},"content":{"rendered":"<p style=\"text-align: justify;\"><span data-contrast=\"none\">Uma mulher de Adamantina que n\u00e3o teve nome e nem idade revelada, sofreu um acidente na Rodovia SP 294 Comandante Jo\u00e3o Ribeiro de Barros, em Parapu\u00e3, nesta ter\u00e7a-feira, 17.<\/span><span data-ccp-props=\"{&quot;201341983&quot;:1,&quot;335559739&quot;:160,&quot;335559740&quot;:291}\">\u00a0<\/span><\/p>\n<p style=\"text-align: justify;\"><span data-contrast=\"none\">Segundo informa\u00e7\u00f5es o fato aconteceu no km 561, testemunhas disseram que a mulher conduzia o ve\u00edculo sentido Parapu\u00e3 a Osvaldo Cruz, quando no km citado perdeu o controle do ve\u00edculo saindo fora da pista caindo em uma ribanceira. <\/span><span data-ccp-props=\"{&quot;201341983&quot;:1,&quot;335559739&quot;:160,&quot;335559740&quot;:291}\">\u00a0<\/span><\/p>\n<p style=\"text-align: justify;\"><span data-contrast=\"none\">O Corpo de Bombeiro foi acionado, e encaminhou a v\u00edtima com escoria\u00e7\u00f5es pelo corpo para a Santa Casa de Osvaldo Cruz, onde foi medicada e liberada.<\/span><span data-ccp-props=\"{&quot;201341983&quot;:1,&quot;335559739&quot;:160,&quot;335559740&quot;:291}\">\u00a0<\/span><\/p>\n<p><img loading=\"lazy\" decoding=\"async\" class=\"alignnone size-full wp-image-58846\" src=\"https:\/\/jorgezanoni.com.br\/2019\/wp-content\/uploads\/2022\/01\/para-2.jpeg\" alt=\"\" width=\"735\" height=\"465\" srcset=\"https:\/\/jorgezanoni.com.br\/2019\/wp-content\/uploads\/2022\/01\/para-2.jpeg 735w, https:\/\/jorgezanoni.com.br\/2019\/wp-content\/uploads\/2022\/01\/para-2-300x190.jpeg 300w, https:\/\/jorgezanoni.com.br\/2019\/wp-content\/uploads\/2022\/01\/para-2-696x440.jpeg 696w, https:\/\/jorgezanoni.com.br\/2019\/wp-content\/uploads\/2022\/01\/para-2-664x420.jpeg 664w\" sizes=\"auto, (max-width: 735px) 100vw, 735px\" \/> <img loading=\"lazy\" decoding=\"async\" class=\"alignnone size-full wp-image-58847\" src=\"https:\/\/jorgezanoni.com.br\/2019\/wp-content\/uploads\/2022\/01\/para1.jpg\" alt=\"\" width=\"1280\" height=\"720\" srcset=\"https:\/\/jorgezanoni.com.br\/2019\/wp-content\/uploads\/2022\/01\/para1.jpg 1280w, https:\/\/jorgezanoni.com.br\/2019\/wp-content\/uploads\/2022\/01\/para1-300x169.jpg 300w, https:\/\/jorgezanoni.com.br\/2019\/wp-content\/uploads\/2022\/01\/para1-1024x576.jpg 1024w, https:\/\/jorgezanoni.com.br\/2019\/wp-content\/uploads\/2022\/01\/para1-768x432.jpg 768w, https:\/\/jorgezanoni.com.br\/2019\/wp-content\/uploads\/2022\/01\/para1-696x392.jpg 696w, https:\/\/jorgezanoni.com.br\/2019\/wp-content\/uploads\/2022\/01\/para1-1068x601.jpg 1068w, https:\/\/jorgezanoni.com.br\/2019\/wp-content\/uploads\/2022\/01\/para1-747x420.jpg 747w\" sizes=\"auto, (max-width: 1280px) 100vw, 1280px\" \/> <img loading=\"lazy\" decoding=\"async\" class=\"alignnone size-full wp-image-58848\" src=\"https:\/\/jorgezanoni.com.br\/2019\/wp-content\/uploads\/2022\/01\/para2-2.jpg\" alt=\"\" width=\"583\" height=\"426\" srcset=\"https:\/\/jorgezanoni.com.br\/2019\/wp-content\/uploads\/2022\/01\/para2-2.jpg 583w, https:\/\/jorgezanoni.com.br\/2019\/wp-content\/uploads\/2022\/01\/para2-2-300x219.jpg 300w, https:\/\/jorgezanoni.com.br\/2019\/wp-content\/uploads\/2022\/01\/para2-2-575x420.jpg 575w\" sizes=\"auto, (max-width: 583px) 100vw, 583px\" \/><\/p>\n<p>Fonte: https:\/\/www.jornalcidadeaberta.com.br\/<\/p>\n<p>Fotos: Cleber Silva<\/p>\n","protected":false},"excerpt":{"rendered":"<p>Uma mulher de Adamantina que n\u00e3o teve nome e nem idade revelada, sofreu um acidente na Rodovia SP 294 Comandante Jo\u00e3o Ribeiro de Barros, em Parapu\u00e3, nesta ter\u00e7a-feira, 17.\u00a0 Segundo informa\u00e7\u00f5es o fato aconteceu no km 561, testemunhas disseram que a mulher conduzia o ve\u00edculo sentido Parapu\u00e3 a Osvaldo Cruz, quando no km citado perdeu [&hellip;]<\/p>\n","protected":false},"author":1,"featured_media":58849,"comment_status":"closed","ping_status":"open","sticky":false,"template":"","format":"standard","meta":{"footnotes":""},"categories":[170,110],"tags":[],"class_list":["post-58845","post","type-post","status-publish","format-standard","has-post-thumbnail","hentry","category-acidentes","category-noticiasdestaque"],"_links":{"self":[{"href":"https:\/\/jorgezanoni.com.br\/2019\/wp-json\/wp\/v2\/posts\/58845","targetHints":{"allow":["GET"]}}],"collection":[{"href":"https:\/\/jorgezanoni.com.br\/2019\/wp-json\/wp\/v2\/posts"}],"about":[{"href":"https:\/\/jorgezanoni.com.br\/2019\/wp-json\/wp\/v2\/types\/post"}],"author":[{"embeddable":true,"href":"https:\/\/jorgezanoni.com.br\/2019\/wp-json\/wp\/v2\/users\/1"}],"replies":[{"embeddable":true,"href":"https:\/\/jorgezanoni.com.br\/2019\/wp-json\/wp\/v2\/comments?post=58845"}],"version-history":[{"count":0,"href":"https:\/\/jorgezanoni.com.br\/2019\/wp-json\/wp\/v2\/posts\/58845\/revisions"}],"wp:featuredmedia":[{"embeddable":true,"href":"https:\/\/jorgezanoni.com.br\/2019\/wp-json\/wp\/v2\/media\/58849"}],"wp:attachment":[{"href":"https:\/\/jorgezanoni.com.br\/2019\/wp-json\/wp\/v2\/media?parent=58845"}],"wp:term":[{"taxonomy":"category","embeddable":true,"href":"https:\/\/jorgezanoni.com.br\/2019\/wp-json\/wp\/v2\/categories?post=58845"},{"taxonomy":"post_tag","embeddable":true,"href":"https:\/\/jorgezanoni.com.br\/2019\/wp-json\/wp\/v2\/tags?post=58845"}],"curies":[{"name":"wp","href":"https:\/\/api.w.org\/{rel}","templated":true}]}}