{"id":58840,"date":"2022-01-18T17:53:49","date_gmt":"2022-01-18T17:53:49","guid":{"rendered":"https:\/\/jorgezanoni.com.br\/2019\/?p=58840"},"modified":"2022-01-18T17:53:49","modified_gmt":"2022-01-18T17:53:49","slug":"educacao-fisica-na-unifai-a-duvida-que-pode-ser-uma-certeza","status":"publish","type":"post","link":"https:\/\/jorgezanoni.com.br\/2019\/educacao-fisica-na-unifai-a-duvida-que-pode-ser-uma-certeza\/","title":{"rendered":"Educa\u00e7\u00e3o F\u00edsica na UniFAI: A d\u00favida que pode ser uma certeza!"},"content":{"rendered":"<p style=\"text-align: justify;\"><strong>S\u00e9rgio Barbosa \/ UniFAI.\u00a0 <\/strong><\/p>\n<p style=\"text-align: justify;\">Pode-se afirmar que o melhor marketing institucional na \u00e1rea educacional est\u00e1 no \u201csucesso\u201d profissional dos (as) diplomados (as) nas diversas atividades desenvolvidas no Mercado.<\/p>\n<p style=\"text-align: justify;\">Neste cen\u00e1rio, faz-se necess\u00e1rio destacar uma aproxima\u00e7\u00e3o mediada pelas teorias desenvolvidas em salas de aula, ainda, na utiliza\u00e7\u00e3o dos laborat\u00f3rios de pesquisa, bem como, nas exig\u00eancias patrocinadas pela obrigatoriedade do Est\u00e1gio nos Cursos espec\u00edficos visando a forma\u00e7\u00e3o acad\u00eamica de acordo com o Projeto Pedag\u00f3gico da gradua\u00e7\u00e3o.<\/p>\n<p style=\"text-align: justify;\">Desta forma, neste texto o destaque est\u00e1 com o curso de Educa\u00e7\u00e3o F\u00edsica da UniFAI, ou melhor, com os (as) diplomados (as), tendo em vista que os (as) mesmos (as) est\u00e3o desenvolvendo diversas atividades no Mercado em busca da realiza\u00e7\u00e3o profissional, ainda, de acordo com os objetivos tra\u00e7ados quando acad\u00eamicos (as).<\/p>\n<p style=\"text-align: justify;\"><strong>Academia e Mercado<\/strong><\/p>\n<p style=\"text-align: justify;\">Por exemplo, no caso de Wellington Clementino, Licenciatura Plena em 2.008, afirma que: \u201cSou formado pela UniFai a 12 anos, minha forma\u00e7\u00e3o foi bem legal, j\u00e1 que pude estagiar dentro do centro universit\u00e1rio, pois na \u00e9poca a Unifai contava com uma estrutura excelente com laborat\u00f3rios, academia e um centro multiesportivo com ( campos, quadras e piscina ), que me proporcionaram aprender e levar pra minha carreira profissional esse conhecimento.\u201d<\/p>\n<p style=\"text-align: justify;\">Tamb\u00e9m, destaca que tal forma\u00e7\u00e3o acad\u00eamica na institui\u00e7\u00e3o, ainda, nas possibilidades abertas pelo est\u00e1gio, proporcionaram para Wellington, condi\u00e7\u00f5es para o exerc\u00edcio profissional e destaca, a saber: \u201cAtualmente sou especialista e trabalho com prescri\u00e7\u00e3o de exerc\u00edcio para grupos especiais e diversas patologias, ( \u00e1rea essa de suma import\u00e2ncia para preven\u00e7\u00e3o e controle de doen\u00e7as e promo\u00e7\u00e3o de sa\u00fade ) e tamb\u00e9m atuo como Personal Trainer.\u201d<\/p>\n<p style=\"text-align: justify;\"><strong>D\u00favidas e certezas<\/strong><\/p>\n<p style=\"text-align: justify;\">Entretanto, a escolha deste ou daquele curso em n\u00edvel superior, pode representar muitas incertezas quanto ao futuro, ou seja, depois do t\u00e9rmino do curso e at\u00e9 mesmo nos anos da gradua\u00e7\u00e3o.<\/p>\n<p style=\"text-align: justify;\">Mas, no caso da <strong>Isabela Carolina Pinheiro da Silva<\/strong>, diplomada em 2.019 no curso de Educa\u00e7\u00e3o F\u00edsica da UniFAI, tais desencontros relacionados com d\u00favidas foram superadas no decorrer dos semestres, assim, declara que \u201cConfesso que quando decidi entrar para o curso de Educa\u00e7\u00e3o F\u00edsica eu tinha muitas d\u00favidas, acredito que como todos quando iniciam na faculdade, por\u00e9m logo no primeiro ano essas d\u00favidas foram diminuindo e eu fui me apaixonando pelo curso e hoje eu posso dizer que sou completamente realizada com a minha profiss\u00e3o!\u201d<\/p>\n<p style=\"text-align: justify;\">Neste contexto acad\u00eamico que est\u00e1 al\u00e9m do esperado pela maioria das (os) universit\u00e1rios (as), torna-se importante que o Curso venha de encontro com as respostas para todas as d\u00favidas e incertezas dos (as) discentes nestas etapas visando a busca pelo Diploma de acordo com as exig\u00eancias do Mercado.<\/p>\n<p style=\"text-align: justify;\">A busca pelo saber deve ser constante nestes anos proporcionados pelos estudos na gradua\u00e7\u00e3o, por isso, <strong>Isabela Carolina<\/strong> faz quest\u00e3o de registrar: \u201cDesde meu \u00faltimo ano de faculdade eu j\u00e1 conseguia exercer a profiss\u00e3o como estagi\u00e1ria, depois de formada eu fiquei durante um ano conciliando minhas aulas e meu antigo servi\u00e7o, onde eu trabalhava como secret\u00e1ria e em janeiro de 2021 eu decidi abrir m\u00e3o do meu antigo servi\u00e7o e trabalhar s\u00f3 com Educa\u00e7\u00e3o F\u00edsica!.\u201d<\/p>\n<p style=\"text-align: justify;\">A realiza\u00e7\u00e3o deve ser plena para quem faz a escolha certa, desta forma, a racionalidade deve ser aliada e mediada pela emo\u00e7\u00e3o do dever cumprido, todavia, <strong>Isabela<\/strong> faz uma declara\u00e7\u00e3o que demonstra o quanto a escolha n\u00e3o poderia ser diferente com as palavras para a sua reflex\u00e3o:\u201c Essa foi a melhor decis\u00e3o que tomei, hoje eu me sinto realizada com a minha profiss\u00e3o e ainda mais por poder mudar a vida das pessoas, para melhor, com a minha profiss\u00e3o e \u00e9 isso que mais me encanta e enche meu cora\u00e7\u00e3o de gratid\u00e3o! Gratid\u00e3o pela minha profiss\u00e3o e pela minha trajet\u00f3ria at\u00e9 aqui\u201d.<\/p>\n<p style=\"text-align: justify;\">Informa\u00e7\u00f5es: <a href=\"http:\/\/www.unifai.com.br\/vestibular\">www.unifai.com.br\/vestibular<\/a><\/p>\n<p><img loading=\"lazy\" decoding=\"async\" class=\"alignnone size-full wp-image-58841\" src=\"https:\/\/jorgezanoni.com.br\/2019\/wp-content\/uploads\/2022\/01\/fai-2.jpg\" alt=\"\" width=\"587\" height=\"809\" srcset=\"https:\/\/jorgezanoni.com.br\/2019\/wp-content\/uploads\/2022\/01\/fai-2.jpg 587w, https:\/\/jorgezanoni.com.br\/2019\/wp-content\/uploads\/2022\/01\/fai-2-218x300.jpg 218w, https:\/\/jorgezanoni.com.br\/2019\/wp-content\/uploads\/2022\/01\/fai-2-305x420.jpg 305w\" sizes=\"auto, (max-width: 587px) 100vw, 587px\" \/>Wellington Clementino &#8211; Formado em 2008 &#8211; licenciatura Plena<\/p>\n<p>Capa: Isabela Carolina Pinheiro da Silva. Diplomada em 2.019.<\/p>\n<p>&nbsp;<\/p>\n<p>&nbsp;<\/p>\n<p>&nbsp;<\/p>\n","protected":false},"excerpt":{"rendered":"<p>S\u00e9rgio Barbosa \/ UniFAI.\u00a0 Pode-se afirmar que o melhor marketing institucional na \u00e1rea educacional est\u00e1 no \u201csucesso\u201d profissional dos (as) diplomados (as) nas diversas atividades desenvolvidas no Mercado. Neste cen\u00e1rio, faz-se necess\u00e1rio destacar uma aproxima\u00e7\u00e3o mediada pelas teorias desenvolvidas em salas de aula, ainda, na utiliza\u00e7\u00e3o dos laborat\u00f3rios de pesquisa, bem como, nas exig\u00eancias patrocinadas [&hellip;]<\/p>\n","protected":false},"author":1,"featured_media":58842,"comment_status":"closed","ping_status":"open","sticky":false,"template":"","format":"standard","meta":{"footnotes":""},"categories":[122],"tags":[],"class_list":["post-58840","post","type-post","status-publish","format-standard","has-post-thumbnail","hentry","category-saudeeducacaoeconcurso"],"_links":{"self":[{"href":"https:\/\/jorgezanoni.com.br\/2019\/wp-json\/wp\/v2\/posts\/58840","targetHints":{"allow":["GET"]}}],"collection":[{"href":"https:\/\/jorgezanoni.com.br\/2019\/wp-json\/wp\/v2\/posts"}],"about":[{"href":"https:\/\/jorgezanoni.com.br\/2019\/wp-json\/wp\/v2\/types\/post"}],"author":[{"embeddable":true,"href":"https:\/\/jorgezanoni.com.br\/2019\/wp-json\/wp\/v2\/users\/1"}],"replies":[{"embeddable":true,"href":"https:\/\/jorgezanoni.com.br\/2019\/wp-json\/wp\/v2\/comments?post=58840"}],"version-history":[{"count":0,"href":"https:\/\/jorgezanoni.com.br\/2019\/wp-json\/wp\/v2\/posts\/58840\/revisions"}],"wp:featuredmedia":[{"embeddable":true,"href":"https:\/\/jorgezanoni.com.br\/2019\/wp-json\/wp\/v2\/media\/58842"}],"wp:attachment":[{"href":"https:\/\/jorgezanoni.com.br\/2019\/wp-json\/wp\/v2\/media?parent=58840"}],"wp:term":[{"taxonomy":"category","embeddable":true,"href":"https:\/\/jorgezanoni.com.br\/2019\/wp-json\/wp\/v2\/categories?post=58840"},{"taxonomy":"post_tag","embeddable":true,"href":"https:\/\/jorgezanoni.com.br\/2019\/wp-json\/wp\/v2\/tags?post=58840"}],"curies":[{"name":"wp","href":"https:\/\/api.w.org\/{rel}","templated":true}]}}