{"id":5884,"date":"2019-09-11T12:43:18","date_gmt":"2019-09-11T12:43:18","guid":{"rendered":"https:\/\/jorgezanoni.com.br\/2019\/?p=5884"},"modified":"2019-09-11T12:43:18","modified_gmt":"2019-09-11T12:43:18","slug":"apocalipticos-em-acao-na-regiao","status":"publish","type":"post","link":"https:\/\/jorgezanoni.com.br\/2019\/apocalipticos-em-acao-na-regiao\/","title":{"rendered":"&#8220;Apocal\u00edpticos&#8221; em a\u00e7\u00e3o na regi\u00e3o"},"content":{"rendered":"<p style=\"text-align: justify;\"><strong>&#8220;APOCAL\u00cdPTICOS&#8221; EM A\u00c7\u00c3O NA REGI\u00c3O&#8230;<\/strong><\/p>\n<p style=\"text-align: justify;\"><em>&#8220;Entre um s\u00e1bio e um ignorante h\u00e1 a mesma diferen\u00e7a que entre um homem vivo e um cad\u00e1ver.&#8221; (Arist\u00f3teles)<\/em><\/p>\n<p style=\"text-align: justify;\"><strong>S\u00e9rgio Barbosa (*)<\/strong><\/p>\n<p style=\"text-align: justify;\">O escritor e pesquisador, Umberto Eco, autor de diversos livros e ensaios sobre as mais diversas \u00e1reas, entre as quais o contexto midi\u00e1tico, escreveu faz alguns anos uma das muitas obras cl\u00e1ssicas, a saber; &#8220;Apocal\u00edpticos e Integrados&#8221;&#8230;<\/p>\n<p style=\"text-align: justify;\">Neste cl\u00e1ssico da \u00e1rea da comunica\u00e7\u00e3o, o autor registra duas propostas relacionadas com as denominadas Escolas de Comunica\u00e7\u00e3o, entre as quais, a &#8220;Escola de Frankfurt&#8221;, neste caso, a maior refer\u00eancia para a reflex\u00e3o te\u00f3rico-cr\u00edtica sobre &#8220;Cultura de Massa&#8221;&#8230;<\/p>\n<p style=\"text-align: justify;\">Por\u00e9m, retornando ao contexto regional, entretanto, utilizando um ou outro aspecto acima, ou seja, quanto o autor, Umberto Eco, cita os denominados &#8220;frankfurtianos&#8221; como pesquisadores envolvidos em um cen\u00e1rio mais do que apocal\u00edptico, portanto, tais fundamentos, tamb\u00e9m, est\u00e3o mais do que presentes na regi\u00e3o por meio dos famigerados &#8220;te\u00f3ricos do caos&#8221;, bem como, &#8220;te\u00f3ricos da conspira\u00e7\u00e3o&#8221; e assim por diante&#8230;<\/p>\n<p style=\"text-align: justify;\">Deve-se registrar que n\u00e3o tenho &#8220;procura\u00e7\u00e3o&#8221; deste ou do outro lado para escrever sobre tais casos em meio aos ocasos da regi\u00e3o, haja vista que os &#8220;ru\u00eddos regionais&#8221; est\u00e3o em todos os cantos e esquinas das cidades, al\u00e9m de outros locais de desencontros destes &#8220;te\u00f3ricos do caos&#8221;&#8230;<\/p>\n<p style=\"text-align: justify;\">Mas, entendo que &#8220;a C\u00e9sar o que \u00e9 de C\u00e9sar&#8221;, todavia, cada qual deve ter ou ficar com a sua &#8220;opini\u00e3o&#8221;, desde que a mesma apresente alguma fundamenta\u00e7\u00e3o sobre o debate em pauta&#8230;<\/p>\n<p style=\"text-align: justify;\">Por exemplo, ficar divagando sobre o cen\u00e1rio ou situa\u00e7\u00e3o financeira desta ou daquela organiza\u00e7\u00e3o, acredito, pode mais atrapalhar do que ajudar no desenvolvimento organizacional em todas as \u00e1reas da produ\u00e7\u00e3o ou presta\u00e7\u00e3o de servi\u00e7os, considerando a import\u00e2ncia estrat\u00e9gica neste tempo novo tempo que se chama hoje&#8230;<\/p>\n<p style=\"text-align: justify;\">Nestas \u00faltimas semanas, a m\u00eddia em suas diversas propostas, ou seja, radiof\u00f4nica, televisiva, impressa e digital, veicularam pautas de interesses diversos, por\u00e9m, como sempre, a maioria apresenta um cen\u00e1rio focado em problemas pautados pelo &#8220;sensacionalismo&#8221; do momento e ponto quase final&#8230;<\/p>\n<p style=\"text-align: justify;\">Al\u00e9m do mais ou de menos, entendo que se faz necess\u00e1rio marcar presen\u00e7a neste contexto plural para a regi\u00e3o, tendo em vista que o projeto deve ser pautado pelo &#8220;bem comum&#8221; entre todos os lados de um mesmo lado, haja vista a import\u00e2ncia da sintonia entre o emissor, mensagem e receptor&#8230;<\/p>\n<p style=\"text-align: justify;\">Portanto, neste contexto &#8220;regiocal&#8221;, ou seja, do regional para ao local, ainda, levando em conta os desencontros patrocinados pelos &#8220;te\u00f3ricos do caos&#8221;, pode-se afirmar que os &#8220;apocal\u00edpticos da regi\u00e3o&#8221;&#8221; podem ou n\u00e3o complicar o meio de campo daqui pra frente quanto aos projetos desta ou daquela organiza\u00e7\u00e3o&#8230;<\/p>\n<p style=\"text-align: justify;\">Por\u00e9m, &#8220;todo cuidado \u00e9 pouco&#8221; com essa turma, pois, os mesmos apostam como &#8220;te\u00f3ricos do caos&#8221; em uma outra proposta, a saber; &#8220;quando pior, melhor&#8230;&#8221;<\/p>\n<p style=\"text-align: justify;\">AVE UMBERTO ECO!<\/p>\n<p style=\"text-align: justify;\">AVE ESCOLA DE FRANKFURT!<\/p>\n<p style=\"text-align: justify;\">AVE ESCOLA LATINO-AMERICANA DE COMUNICA\u00c7\u00c3O!<\/p>\n<p style=\"text-align: justify;\"><em>_______________________________________<\/em><\/p>\n<p style=\"text-align: justify;\"><em>(*) jornalista diplomado.<\/em><\/p>\n","protected":false},"excerpt":{"rendered":"<p>&#8220;APOCAL\u00cdPTICOS&#8221; EM A\u00c7\u00c3O NA REGI\u00c3O&#8230; &#8220;Entre um s\u00e1bio e um ignorante h\u00e1 a mesma diferen\u00e7a que entre um homem vivo e um cad\u00e1ver.&#8221; (Arist\u00f3teles) S\u00e9rgio Barbosa (*) O escritor e pesquisador, Umberto Eco, autor de diversos livros e ensaios sobre as mais diversas \u00e1reas, entre as quais o contexto midi\u00e1tico, escreveu faz alguns anos uma [&hellip;]<\/p>\n","protected":false},"author":1,"featured_media":5885,"comment_status":"closed","ping_status":"open","sticky":false,"template":"","format":"standard","meta":{"footnotes":""},"categories":[175],"tags":[],"class_list":["post-5884","post","type-post","status-publish","format-standard","has-post-thumbnail","hentry","category-artigos"],"_links":{"self":[{"href":"https:\/\/jorgezanoni.com.br\/2019\/wp-json\/wp\/v2\/posts\/5884","targetHints":{"allow":["GET"]}}],"collection":[{"href":"https:\/\/jorgezanoni.com.br\/2019\/wp-json\/wp\/v2\/posts"}],"about":[{"href":"https:\/\/jorgezanoni.com.br\/2019\/wp-json\/wp\/v2\/types\/post"}],"author":[{"embeddable":true,"href":"https:\/\/jorgezanoni.com.br\/2019\/wp-json\/wp\/v2\/users\/1"}],"replies":[{"embeddable":true,"href":"https:\/\/jorgezanoni.com.br\/2019\/wp-json\/wp\/v2\/comments?post=5884"}],"version-history":[{"count":0,"href":"https:\/\/jorgezanoni.com.br\/2019\/wp-json\/wp\/v2\/posts\/5884\/revisions"}],"wp:featuredmedia":[{"embeddable":true,"href":"https:\/\/jorgezanoni.com.br\/2019\/wp-json\/wp\/v2\/media\/5885"}],"wp:attachment":[{"href":"https:\/\/jorgezanoni.com.br\/2019\/wp-json\/wp\/v2\/media?parent=5884"}],"wp:term":[{"taxonomy":"category","embeddable":true,"href":"https:\/\/jorgezanoni.com.br\/2019\/wp-json\/wp\/v2\/categories?post=5884"},{"taxonomy":"post_tag","embeddable":true,"href":"https:\/\/jorgezanoni.com.br\/2019\/wp-json\/wp\/v2\/tags?post=5884"}],"curies":[{"name":"wp","href":"https:\/\/api.w.org\/{rel}","templated":true}]}}