{"id":58827,"date":"2022-01-18T15:45:29","date_gmt":"2022-01-18T15:45:29","guid":{"rendered":"https:\/\/jorgezanoni.com.br\/2019\/?p=58827"},"modified":"2022-01-18T15:45:29","modified_gmt":"2022-01-18T15:45:29","slug":"policia-civil-deflagra-operacao-contra-suspeitos-de-envolvimento-em-roubo-em-panorama","status":"publish","type":"post","link":"https:\/\/jorgezanoni.com.br\/2019\/policia-civil-deflagra-operacao-contra-suspeitos-de-envolvimento-em-roubo-em-panorama\/","title":{"rendered":"Pol\u00edcia Civil deflagra opera\u00e7\u00e3o contra suspeitos de envolvimento em roubo em Panorama"},"content":{"rendered":"<p style=\"text-align: justify;\"><strong>POL\u00cdCIA CIVIL DEFLAGRA OPERA\u00c7\u00c3O CONTRA SUSPEITOS DE ENVOLVIMENTO EM ROUBO OCORRIDO NO MUNIC\u00cdPIO DE PANORAMA.<\/strong><\/p>\n<p>Opera\u00e7\u00e3o Versoria foi desencadeada para cumprir 4 mandados de pris\u00e3o preventiva e 3 mandados de busca e apreens\u00f5es domiciliares. Tr\u00eas dos suspeitos s\u00e3o moradores de Francisco Morato-SP, na Grande S\u00e3o Paulo, sendo que dois foram presos, mas um terceiro indiv\u00edduo n\u00e3o foi localizado e j\u00e1 \u00e9 considerado foragido da Justi\u00e7a.<\/p>\n<p style=\"text-align: justify;\">A Pol\u00edcia Civil, por interm\u00e9dio da Delegacia de Pol\u00edcia de Panorama, com o apoio operacional de integrantes dos Grupos de Opera\u00e7\u00f5es Especiais &#8211; GOE, das Delegacias Seccionais de Pol\u00edcia de Dracena e de Franco da Rocha, bem como policiais civis da Delegacia de Pol\u00edcia de Francisco Morato, cumpriu na manh\u00e3 desta ter\u00e7a-feira (18), 3 mandados de pris\u00e3o preventiva e 3 mandados de busca e apreens\u00e3o.<\/p>\n<p style=\"text-align: justify;\">Em Francisco Morato-SP, foram cumpridos tr\u00eas mandados de busca e apreens\u00e3o e dois homens (25 e 28 anos) foram presos. Um terceiro suspeito, de 25 anos, que tamb\u00e9m \u00e9 morador naquela cidade, n\u00e3o foi localizado e j\u00e1 \u00e9 considerado foragido da Justi\u00e7a.<\/p>\n<p style=\"text-align: justify;\">O terceiro mandado de pris\u00e3o foi cumprido no C.D.P. de Piracicaba, em desfavor de um homem de 30 anos que j\u00e1 cumpre pena naquele estabelecimento prisional.<\/p>\n<p style=\"text-align: justify;\">A Opera\u00e7\u00e3o Versoria \u00e9 um complemento dos trabalhos investigativos realizados pela Delegacia de Pol\u00edcia de Panorama, ao esclarecer o crime de roubo com o emprego de arma de fogo vitimando uma fam\u00edlia, em uma ch\u00e1cara na \u00e1rea rural do munic\u00edpio de Panorama-SP, no m\u00eas de outubro do ano passado.<\/p>\n<p style=\"text-align: justify;\">Na ocasi\u00e3o, indiv\u00edduos armados renderam a fam\u00edlia e mediante emprego de amea\u00e7a grave com arma de fogo, subtra\u00edram certa quantia de valores em esp\u00e9cies joias, aparelhos eletr\u00f4nicos e o ve\u00edculo da fam\u00edlia. O ve\u00edculo, uma camionete foi recuperada e restitu\u00edda a fam\u00edlia.<\/p>\n<p style=\"text-align: justify;\">Durante as investiga\u00e7\u00f5es, por meio da tecnologia e da intelig\u00eancia policial com o cruzamento de dados, foi poss\u00edvel a identifica\u00e7\u00e3o dos tr\u00eas suspeitos que s\u00e3o moradores de Francisco Morato-SP.<\/p>\n<p style=\"text-align: justify;\">O indiv\u00edduo preso no CDP de Piracicaba, que \u00e9 morador da cidade de Caiu\u00e1-SP, foi identificado no in\u00edcio das investiga\u00e7\u00f5es do crime, e a Justi\u00e7a j\u00e1 havia expedido em seu desfavor um mandado de pris\u00e3o tempor\u00e1ria, e que agora foi convertido em pris\u00e3o preventiva. Ele era considerado foragido at\u00e9 ser preso em flagrante, na cidade de Piracicaba-SP, ap\u00f3s ter praticado outro crime de roubo.<\/p>\n<p style=\"text-align: justify;\">Na execu\u00e7\u00e3o da Opera\u00e7\u00e3o Versoria foram apreendidos aparelhos celulares e diversas pe\u00e7as de joias, que j\u00e1 foram reconhecidas pelas v\u00edtimas. Os dois homens presos ser\u00e3o ouvidos e posteriormente encaminhados ao sistema prisional. A denomina\u00e7\u00e3o da opera\u00e7\u00e3o faz refer\u00eancia ao nome do bairro onde os suspeitos residiam, em Francisco Morato-SP, bairro Jardim Vassouras, cuja origem da palavra vassoura em latim \u00e9 Versoria.<\/p>\n<p><img loading=\"lazy\" decoding=\"async\" class=\"alignnone size-full wp-image-58829\" src=\"https:\/\/jorgezanoni.com.br\/2019\/wp-content\/uploads\/2022\/01\/Pano1.jpg\" alt=\"\" width=\"1068\" height=\"969\" srcset=\"https:\/\/jorgezanoni.com.br\/2019\/wp-content\/uploads\/2022\/01\/Pano1.jpg 1068w, https:\/\/jorgezanoni.com.br\/2019\/wp-content\/uploads\/2022\/01\/Pano1-300x272.jpg 300w, https:\/\/jorgezanoni.com.br\/2019\/wp-content\/uploads\/2022\/01\/Pano1-1024x929.jpg 1024w, https:\/\/jorgezanoni.com.br\/2019\/wp-content\/uploads\/2022\/01\/Pano1-768x697.jpg 768w, https:\/\/jorgezanoni.com.br\/2019\/wp-content\/uploads\/2022\/01\/Pano1-696x631.jpg 696w, https:\/\/jorgezanoni.com.br\/2019\/wp-content\/uploads\/2022\/01\/Pano1-463x420.jpg 463w\" sizes=\"auto, (max-width: 1068px) 100vw, 1068px\" \/><\/p>\n<p style=\"text-align: justify;\">Fonte: Com. Social Pol\u00edcia Civil<\/p>\n","protected":false},"excerpt":{"rendered":"<p>POL\u00cdCIA CIVIL DEFLAGRA OPERA\u00c7\u00c3O CONTRA SUSPEITOS DE ENVOLVIMENTO EM ROUBO OCORRIDO NO MUNIC\u00cdPIO DE PANORAMA. Opera\u00e7\u00e3o Versoria foi desencadeada para cumprir 4 mandados de pris\u00e3o preventiva e 3 mandados de busca e apreens\u00f5es domiciliares. Tr\u00eas dos suspeitos s\u00e3o moradores de Francisco Morato-SP, na Grande S\u00e3o Paulo, sendo que dois foram presos, mas um terceiro indiv\u00edduo [&hellip;]<\/p>\n","protected":false},"author":1,"featured_media":58828,"comment_status":"closed","ping_status":"open","sticky":false,"template":"","format":"standard","meta":{"footnotes":""},"categories":[110,2],"tags":[],"class_list":["post-58827","post","type-post","status-publish","format-standard","has-post-thumbnail","hentry","category-noticiasdestaque","category-policial"],"_links":{"self":[{"href":"https:\/\/jorgezanoni.com.br\/2019\/wp-json\/wp\/v2\/posts\/58827","targetHints":{"allow":["GET"]}}],"collection":[{"href":"https:\/\/jorgezanoni.com.br\/2019\/wp-json\/wp\/v2\/posts"}],"about":[{"href":"https:\/\/jorgezanoni.com.br\/2019\/wp-json\/wp\/v2\/types\/post"}],"author":[{"embeddable":true,"href":"https:\/\/jorgezanoni.com.br\/2019\/wp-json\/wp\/v2\/users\/1"}],"replies":[{"embeddable":true,"href":"https:\/\/jorgezanoni.com.br\/2019\/wp-json\/wp\/v2\/comments?post=58827"}],"version-history":[{"count":0,"href":"https:\/\/jorgezanoni.com.br\/2019\/wp-json\/wp\/v2\/posts\/58827\/revisions"}],"wp:featuredmedia":[{"embeddable":true,"href":"https:\/\/jorgezanoni.com.br\/2019\/wp-json\/wp\/v2\/media\/58828"}],"wp:attachment":[{"href":"https:\/\/jorgezanoni.com.br\/2019\/wp-json\/wp\/v2\/media?parent=58827"}],"wp:term":[{"taxonomy":"category","embeddable":true,"href":"https:\/\/jorgezanoni.com.br\/2019\/wp-json\/wp\/v2\/categories?post=58827"},{"taxonomy":"post_tag","embeddable":true,"href":"https:\/\/jorgezanoni.com.br\/2019\/wp-json\/wp\/v2\/tags?post=58827"}],"curies":[{"name":"wp","href":"https:\/\/api.w.org\/{rel}","templated":true}]}}