{"id":58812,"date":"2022-01-18T11:50:43","date_gmt":"2022-01-18T11:50:43","guid":{"rendered":"https:\/\/jorgezanoni.com.br\/2019\/?p=58812"},"modified":"2022-01-18T16:37:10","modified_gmt":"2022-01-18T16:37:10","slug":"aniversariantes-do-dia-18-01-22","status":"publish","type":"post","link":"https:\/\/jorgezanoni.com.br\/2019\/aniversariantes-do-dia-18-01-22\/","title":{"rendered":"Aniversariantes do Dia 18\/01\/22"},"content":{"rendered":"<p>PARABENIZAMOS OS ANIVERSARIANTES DE HOJE:<\/p>\n<p><img loading=\"lazy\" decoding=\"async\" class=\"alignnone size-full wp-image-58813\" src=\"https:\/\/jorgezanoni.com.br\/2019\/wp-content\/uploads\/2022\/01\/Adeina-Machado.jpg\" alt=\"\" width=\"366\" height=\"1077\" srcset=\"https:\/\/jorgezanoni.com.br\/2019\/wp-content\/uploads\/2022\/01\/Adeina-Machado.jpg 366w, https:\/\/jorgezanoni.com.br\/2019\/wp-content\/uploads\/2022\/01\/Adeina-Machado-102x300.jpg 102w, https:\/\/jorgezanoni.com.br\/2019\/wp-content\/uploads\/2022\/01\/Adeina-Machado-348x1024.jpg 348w, https:\/\/jorgezanoni.com.br\/2019\/wp-content\/uploads\/2022\/01\/Adeina-Machado-143x420.jpg 143w\" sizes=\"auto, (max-width: 366px) 100vw, 366px\" \/>Adelina Machado<\/p>\n<p><img loading=\"lazy\" decoding=\"async\" class=\"alignnone size-full wp-image-58814\" src=\"https:\/\/jorgezanoni.com.br\/2019\/wp-content\/uploads\/2022\/01\/Bianca-Dias.jpg\" alt=\"\" width=\"1029\" height=\"1280\" srcset=\"https:\/\/jorgezanoni.com.br\/2019\/wp-content\/uploads\/2022\/01\/Bianca-Dias.jpg 1029w, https:\/\/jorgezanoni.com.br\/2019\/wp-content\/uploads\/2022\/01\/Bianca-Dias-241x300.jpg 241w, https:\/\/jorgezanoni.com.br\/2019\/wp-content\/uploads\/2022\/01\/Bianca-Dias-823x1024.jpg 823w, https:\/\/jorgezanoni.com.br\/2019\/wp-content\/uploads\/2022\/01\/Bianca-Dias-768x955.jpg 768w, https:\/\/jorgezanoni.com.br\/2019\/wp-content\/uploads\/2022\/01\/Bianca-Dias-696x866.jpg 696w, https:\/\/jorgezanoni.com.br\/2019\/wp-content\/uploads\/2022\/01\/Bianca-Dias-338x420.jpg 338w\" sizes=\"auto, (max-width: 1029px) 100vw, 1029px\" \/>Bianca Dias<\/p>\n<p><img loading=\"lazy\" decoding=\"async\" class=\"alignnone size-full wp-image-58815\" src=\"https:\/\/jorgezanoni.com.br\/2019\/wp-content\/uploads\/2022\/01\/Cida-Saturnino.jpg\" alt=\"\" width=\"1489\" height=\"2015\" srcset=\"https:\/\/jorgezanoni.com.br\/2019\/wp-content\/uploads\/2022\/01\/Cida-Saturnino.jpg 1489w, https:\/\/jorgezanoni.com.br\/2019\/wp-content\/uploads\/2022\/01\/Cida-Saturnino-222x300.jpg 222w, https:\/\/jorgezanoni.com.br\/2019\/wp-content\/uploads\/2022\/01\/Cida-Saturnino-757x1024.jpg 757w, https:\/\/jorgezanoni.com.br\/2019\/wp-content\/uploads\/2022\/01\/Cida-Saturnino-768x1039.jpg 768w, https:\/\/jorgezanoni.com.br\/2019\/wp-content\/uploads\/2022\/01\/Cida-Saturnino-1135x1536.jpg 1135w, https:\/\/jorgezanoni.com.br\/2019\/wp-content\/uploads\/2022\/01\/Cida-Saturnino-696x942.jpg 696w, https:\/\/jorgezanoni.com.br\/2019\/wp-content\/uploads\/2022\/01\/Cida-Saturnino-1068x1445.jpg 1068w, https:\/\/jorgezanoni.com.br\/2019\/wp-content\/uploads\/2022\/01\/Cida-Saturnino-310x420.jpg 310w\" sizes=\"auto, (max-width: 1489px) 100vw, 1489px\" \/>Cida Saturnino<\/p>\n<p><img loading=\"lazy\" decoding=\"async\" class=\"alignnone size-full wp-image-58816\" src=\"https:\/\/jorgezanoni.com.br\/2019\/wp-content\/uploads\/2022\/01\/Flavia-Crepaldi-2.jpg\" alt=\"\" width=\"701\" height=\"805\" srcset=\"https:\/\/jorgezanoni.com.br\/2019\/wp-content\/uploads\/2022\/01\/Flavia-Crepaldi-2.jpg 701w, https:\/\/jorgezanoni.com.br\/2019\/wp-content\/uploads\/2022\/01\/Flavia-Crepaldi-2-261x300.jpg 261w, https:\/\/jorgezanoni.com.br\/2019\/wp-content\/uploads\/2022\/01\/Flavia-Crepaldi-2-696x799.jpg 696w, https:\/\/jorgezanoni.com.br\/2019\/wp-content\/uploads\/2022\/01\/Flavia-Crepaldi-2-366x420.jpg 366w\" sizes=\"auto, (max-width: 701px) 100vw, 701px\" \/>Fl\u00e1via Crepaldi<\/p>\n<p><img loading=\"lazy\" decoding=\"async\" class=\"alignnone size-full wp-image-58817\" src=\"https:\/\/jorgezanoni.com.br\/2019\/wp-content\/uploads\/2022\/01\/Joao-Antonio-Rodrigues-de-Almeida.jpg\" alt=\"\" width=\"855\" height=\"863\" srcset=\"https:\/\/jorgezanoni.com.br\/2019\/wp-content\/uploads\/2022\/01\/Joao-Antonio-Rodrigues-de-Almeida.jpg 855w, https:\/\/jorgezanoni.com.br\/2019\/wp-content\/uploads\/2022\/01\/Joao-Antonio-Rodrigues-de-Almeida-297x300.jpg 297w, https:\/\/jorgezanoni.com.br\/2019\/wp-content\/uploads\/2022\/01\/Joao-Antonio-Rodrigues-de-Almeida-150x150.jpg 150w, https:\/\/jorgezanoni.com.br\/2019\/wp-content\/uploads\/2022\/01\/Joao-Antonio-Rodrigues-de-Almeida-768x775.jpg 768w, https:\/\/jorgezanoni.com.br\/2019\/wp-content\/uploads\/2022\/01\/Joao-Antonio-Rodrigues-de-Almeida-696x703.jpg 696w, https:\/\/jorgezanoni.com.br\/2019\/wp-content\/uploads\/2022\/01\/Joao-Antonio-Rodrigues-de-Almeida-416x420.jpg 416w\" sizes=\"auto, (max-width: 855px) 100vw, 855px\" \/>Jo\u00e3o Antonio Rodrigues de Almeida<\/p>\n<p><img loading=\"lazy\" decoding=\"async\" class=\"alignnone size-full wp-image-58818\" src=\"https:\/\/jorgezanoni.com.br\/2019\/wp-content\/uploads\/2022\/01\/Larissa-Tessarini.jpg\" alt=\"\" width=\"960\" height=\"959\" srcset=\"https:\/\/jorgezanoni.com.br\/2019\/wp-content\/uploads\/2022\/01\/Larissa-Tessarini.jpg 960w, https:\/\/jorgezanoni.com.br\/2019\/wp-content\/uploads\/2022\/01\/Larissa-Tessarini-300x300.jpg 300w, https:\/\/jorgezanoni.com.br\/2019\/wp-content\/uploads\/2022\/01\/Larissa-Tessarini-150x150.jpg 150w, https:\/\/jorgezanoni.com.br\/2019\/wp-content\/uploads\/2022\/01\/Larissa-Tessarini-768x767.jpg 768w, https:\/\/jorgezanoni.com.br\/2019\/wp-content\/uploads\/2022\/01\/Larissa-Tessarini-696x695.jpg 696w, https:\/\/jorgezanoni.com.br\/2019\/wp-content\/uploads\/2022\/01\/Larissa-Tessarini-420x420.jpg 420w\" sizes=\"auto, (max-width: 960px) 100vw, 960px\" \/>Larissa Tessarini<\/p>\n<p><img loading=\"lazy\" decoding=\"async\" class=\"alignnone size-full wp-image-58819\" src=\"https:\/\/jorgezanoni.com.br\/2019\/wp-content\/uploads\/2022\/01\/Maria-Lucia-2.jpg\" alt=\"\" width=\"1260\" height=\"1205\" srcset=\"https:\/\/jorgezanoni.com.br\/2019\/wp-content\/uploads\/2022\/01\/Maria-Lucia-2.jpg 1260w, https:\/\/jorgezanoni.com.br\/2019\/wp-content\/uploads\/2022\/01\/Maria-Lucia-2-300x287.jpg 300w, https:\/\/jorgezanoni.com.br\/2019\/wp-content\/uploads\/2022\/01\/Maria-Lucia-2-1024x979.jpg 1024w, https:\/\/jorgezanoni.com.br\/2019\/wp-content\/uploads\/2022\/01\/Maria-Lucia-2-768x734.jpg 768w, https:\/\/jorgezanoni.com.br\/2019\/wp-content\/uploads\/2022\/01\/Maria-Lucia-2-696x666.jpg 696w, https:\/\/jorgezanoni.com.br\/2019\/wp-content\/uploads\/2022\/01\/Maria-Lucia-2-1068x1021.jpg 1068w, https:\/\/jorgezanoni.com.br\/2019\/wp-content\/uploads\/2022\/01\/Maria-Lucia-2-439x420.jpg 439w\" sizes=\"auto, (max-width: 1260px) 100vw, 1260px\" \/>Maria Lucia<\/p>\n<p><img loading=\"lazy\" decoding=\"async\" class=\"alignnone size-full wp-image-58820\" src=\"https:\/\/jorgezanoni.com.br\/2019\/wp-content\/uploads\/2022\/01\/Maria-Neli-Vieira-Kato-2.jpg\" alt=\"\" width=\"758\" height=\"898\" srcset=\"https:\/\/jorgezanoni.com.br\/2019\/wp-content\/uploads\/2022\/01\/Maria-Neli-Vieira-Kato-2.jpg 758w, https:\/\/jorgezanoni.com.br\/2019\/wp-content\/uploads\/2022\/01\/Maria-Neli-Vieira-Kato-2-253x300.jpg 253w, https:\/\/jorgezanoni.com.br\/2019\/wp-content\/uploads\/2022\/01\/Maria-Neli-Vieira-Kato-2-696x825.jpg 696w, https:\/\/jorgezanoni.com.br\/2019\/wp-content\/uploads\/2022\/01\/Maria-Neli-Vieira-Kato-2-355x420.jpg 355w\" sizes=\"auto, (max-width: 758px) 100vw, 758px\" \/>Maria Neli Vieira Kato<\/p>\n<p><img loading=\"lazy\" decoding=\"async\" class=\"alignnone size-full wp-image-58821\" src=\"https:\/\/jorgezanoni.com.br\/2019\/wp-content\/uploads\/2022\/01\/Pamela-Bardela-Falcao-1-2.jpg\" alt=\"\" width=\"660\" height=\"959\" srcset=\"https:\/\/jorgezanoni.com.br\/2019\/wp-content\/uploads\/2022\/01\/Pamela-Bardela-Falcao-1-2.jpg 660w, https:\/\/jorgezanoni.com.br\/2019\/wp-content\/uploads\/2022\/01\/Pamela-Bardela-Falcao-1-2-206x300.jpg 206w, https:\/\/jorgezanoni.com.br\/2019\/wp-content\/uploads\/2022\/01\/Pamela-Bardela-Falcao-1-2-289x420.jpg 289w\" sizes=\"auto, (max-width: 660px) 100vw, 660px\" \/>P\u00e2mela Bardela Falc\u00e3o<\/p>\n<p><img loading=\"lazy\" decoding=\"async\" class=\"alignnone size-full wp-image-58831\" src=\"https:\/\/jorgezanoni.com.br\/2019\/wp-content\/uploads\/2022\/01\/Rafaela-Mariano-Neves-9-anos.jpg\" alt=\"\" width=\"585\" height=\"1040\" srcset=\"https:\/\/jorgezanoni.com.br\/2019\/wp-content\/uploads\/2022\/01\/Rafaela-Mariano-Neves-9-anos.jpg 585w, https:\/\/jorgezanoni.com.br\/2019\/wp-content\/uploads\/2022\/01\/Rafaela-Mariano-Neves-9-anos-169x300.jpg 169w, https:\/\/jorgezanoni.com.br\/2019\/wp-content\/uploads\/2022\/01\/Rafaela-Mariano-Neves-9-anos-576x1024.jpg 576w, https:\/\/jorgezanoni.com.br\/2019\/wp-content\/uploads\/2022\/01\/Rafaela-Mariano-Neves-9-anos-236x420.jpg 236w\" sizes=\"auto, (max-width: 585px) 100vw, 585px\" \/>Rafaela Mariano Neves (9 anos)<\/p>\n<p><img loading=\"lazy\" decoding=\"async\" class=\"alignnone size-full wp-image-58822\" src=\"https:\/\/jorgezanoni.com.br\/2019\/wp-content\/uploads\/2022\/01\/Rogerio-Beretta-2.jpg\" alt=\"\" width=\"607\" height=\"649\" srcset=\"https:\/\/jorgezanoni.com.br\/2019\/wp-content\/uploads\/2022\/01\/Rogerio-Beretta-2.jpg 607w, https:\/\/jorgezanoni.com.br\/2019\/wp-content\/uploads\/2022\/01\/Rogerio-Beretta-2-281x300.jpg 281w, https:\/\/jorgezanoni.com.br\/2019\/wp-content\/uploads\/2022\/01\/Rogerio-Beretta-2-393x420.jpg 393w\" sizes=\"auto, (max-width: 607px) 100vw, 607px\" \/>Rogerio Beretta<\/p>\n<p><img loading=\"lazy\" decoding=\"async\" class=\"alignnone size-full wp-image-58823\" src=\"https:\/\/jorgezanoni.com.br\/2019\/wp-content\/uploads\/2022\/01\/Sueli-Vitti.jpg\" alt=\"\" width=\"1200\" height=\"1200\" srcset=\"https:\/\/jorgezanoni.com.br\/2019\/wp-content\/uploads\/2022\/01\/Sueli-Vitti.jpg 1200w, https:\/\/jorgezanoni.com.br\/2019\/wp-content\/uploads\/2022\/01\/Sueli-Vitti-300x300.jpg 300w, https:\/\/jorgezanoni.com.br\/2019\/wp-content\/uploads\/2022\/01\/Sueli-Vitti-1024x1024.jpg 1024w, https:\/\/jorgezanoni.com.br\/2019\/wp-content\/uploads\/2022\/01\/Sueli-Vitti-150x150.jpg 150w, https:\/\/jorgezanoni.com.br\/2019\/wp-content\/uploads\/2022\/01\/Sueli-Vitti-768x768.jpg 768w, https:\/\/jorgezanoni.com.br\/2019\/wp-content\/uploads\/2022\/01\/Sueli-Vitti-696x696.jpg 696w, https:\/\/jorgezanoni.com.br\/2019\/wp-content\/uploads\/2022\/01\/Sueli-Vitti-1068x1068.jpg 1068w, https:\/\/jorgezanoni.com.br\/2019\/wp-content\/uploads\/2022\/01\/Sueli-Vitti-420x420.jpg 420w\" sizes=\"auto, (max-width: 1200px) 100vw, 1200px\" \/>Sueli Vitti<\/p>\n<p><img loading=\"lazy\" decoding=\"async\" class=\"alignnone size-full wp-image-58824\" src=\"https:\/\/jorgezanoni.com.br\/2019\/wp-content\/uploads\/2022\/01\/Talita-Russo-2.jpg\" alt=\"\" width=\"319\" height=\"554\" srcset=\"https:\/\/jorgezanoni.com.br\/2019\/wp-content\/uploads\/2022\/01\/Talita-Russo-2.jpg 319w, https:\/\/jorgezanoni.com.br\/2019\/wp-content\/uploads\/2022\/01\/Talita-Russo-2-173x300.jpg 173w, https:\/\/jorgezanoni.com.br\/2019\/wp-content\/uploads\/2022\/01\/Talita-Russo-2-242x420.jpg 242w\" sizes=\"auto, (max-width: 319px) 100vw, 319px\" \/>Talita Russo<\/p>\n<p><img loading=\"lazy\" decoding=\"async\" class=\"alignnone size-full wp-image-58825\" src=\"https:\/\/jorgezanoni.com.br\/2019\/wp-content\/uploads\/2022\/01\/Viviane-de-Almeida-Costa.jpg\" alt=\"\" width=\"1536\" height=\"2048\" srcset=\"https:\/\/jorgezanoni.com.br\/2019\/wp-content\/uploads\/2022\/01\/Viviane-de-Almeida-Costa.jpg 1536w, https:\/\/jorgezanoni.com.br\/2019\/wp-content\/uploads\/2022\/01\/Viviane-de-Almeida-Costa-225x300.jpg 225w, https:\/\/jorgezanoni.com.br\/2019\/wp-content\/uploads\/2022\/01\/Viviane-de-Almeida-Costa-768x1024.jpg 768w, https:\/\/jorgezanoni.com.br\/2019\/wp-content\/uploads\/2022\/01\/Viviane-de-Almeida-Costa-1152x1536.jpg 1152w, https:\/\/jorgezanoni.com.br\/2019\/wp-content\/uploads\/2022\/01\/Viviane-de-Almeida-Costa-696x928.jpg 696w, https:\/\/jorgezanoni.com.br\/2019\/wp-content\/uploads\/2022\/01\/Viviane-de-Almeida-Costa-1068x1424.jpg 1068w, https:\/\/jorgezanoni.com.br\/2019\/wp-content\/uploads\/2022\/01\/Viviane-de-Almeida-Costa-315x420.jpg 315w\" sizes=\"auto, (max-width: 1536px) 100vw, 1536px\" \/>Viviane de Almeida Costa<\/p>\n","protected":false},"excerpt":{"rendered":"<p>PARABENIZAMOS OS ANIVERSARIANTES DE HOJE: Adelina Machado Bianca Dias Cida Saturnino Fl\u00e1via Crepaldi Jo\u00e3o Antonio Rodrigues de Almeida Larissa Tessarini Maria Lucia Maria Neli Vieira Kato P\u00e2mela Bardela Falc\u00e3o Rafaela Mariano Neves (9 anos) Rogerio Beretta Sueli Vitti Talita Russo Viviane de Almeida Costa<\/p>\n","protected":false},"author":1,"featured_media":58814,"comment_status":"closed","ping_status":"open","sticky":false,"template":"","format":"standard","meta":{"footnotes":""},"categories":[174,110],"tags":[],"class_list":["post-58812","post","type-post","status-publish","format-standard","has-post-thumbnail","hentry","category-aniversariantes","category-noticiasdestaque"],"_links":{"self":[{"href":"https:\/\/jorgezanoni.com.br\/2019\/wp-json\/wp\/v2\/posts\/58812","targetHints":{"allow":["GET"]}}],"collection":[{"href":"https:\/\/jorgezanoni.com.br\/2019\/wp-json\/wp\/v2\/posts"}],"about":[{"href":"https:\/\/jorgezanoni.com.br\/2019\/wp-json\/wp\/v2\/types\/post"}],"author":[{"embeddable":true,"href":"https:\/\/jorgezanoni.com.br\/2019\/wp-json\/wp\/v2\/users\/1"}],"replies":[{"embeddable":true,"href":"https:\/\/jorgezanoni.com.br\/2019\/wp-json\/wp\/v2\/comments?post=58812"}],"version-history":[{"count":0,"href":"https:\/\/jorgezanoni.com.br\/2019\/wp-json\/wp\/v2\/posts\/58812\/revisions"}],"wp:featuredmedia":[{"embeddable":true,"href":"https:\/\/jorgezanoni.com.br\/2019\/wp-json\/wp\/v2\/media\/58814"}],"wp:attachment":[{"href":"https:\/\/jorgezanoni.com.br\/2019\/wp-json\/wp\/v2\/media?parent=58812"}],"wp:term":[{"taxonomy":"category","embeddable":true,"href":"https:\/\/jorgezanoni.com.br\/2019\/wp-json\/wp\/v2\/categories?post=58812"},{"taxonomy":"post_tag","embeddable":true,"href":"https:\/\/jorgezanoni.com.br\/2019\/wp-json\/wp\/v2\/tags?post=58812"}],"curies":[{"name":"wp","href":"https:\/\/api.w.org\/{rel}","templated":true}]}}