{"id":5881,"date":"2019-09-11T12:18:09","date_gmt":"2019-09-11T12:18:09","guid":{"rendered":"https:\/\/jorgezanoni.com.br\/2019\/?p=5881"},"modified":"2019-09-11T12:18:09","modified_gmt":"2019-09-11T12:18:09","slug":"inquerito-policial-investiga-aplicacao-de-tatuagens-sem-autorizacao-dos-pais-em-adolescente-de-15-anos","status":"publish","type":"post","link":"https:\/\/jorgezanoni.com.br\/2019\/inquerito-policial-investiga-aplicacao-de-tatuagens-sem-autorizacao-dos-pais-em-adolescente-de-15-anos\/","title":{"rendered":"Inqu\u00e9rito policial investiga aplica\u00e7\u00e3o de tatuagens sem autoriza\u00e7\u00e3o dos pais em adolescente de 15 anos"},"content":{"rendered":"<h2 class=\"content-head__subtitle\" style=\"text-align: justify;\"><strong>Delegado Eliandro Renato dos Santos apura um eventual crime de les\u00e3o corporal grave por resultar em deformidade permanente no garoto, em Junqueir\u00f3polis.<\/strong><\/h2>\n<div class=\"mc-column content-text active-extra-styles \" data-block-type=\"unstyled\" data-block-weight=\"40\" data-block-id=\"2\">\n<p class=\"content-text__container \" style=\"text-align: justify;\" data-track-category=\"Link no Texto\" data-track-links=\"\">A Pol\u00edcia Civil instaurou inqu\u00e9rito para investigar as circunst\u00e2ncias que levaram um adolescente de 15 anos, morador de\u00a0<a href=\"https:\/\/g1.globo.com\/sp\/presidente-prudente-regiao\/cidade\/junqueiropolis\/\">Junqueir\u00f3polis (SP)<\/a>, a aparecer em casa com v\u00e1rias tatuagens de desenhos pelo corpo que foram feitas sem a autoriza\u00e7\u00e3o dos seus pais.<\/p>\n<\/div>\n<div class=\"wall protected-content\">\n<div class=\"mc-column content-text active-extra-styles \" style=\"text-align: justify;\" data-block-type=\"unstyled\" data-block-weight=\"25\" data-block-id=\"3\">\n<p class=\"content-text__container \" data-track-category=\"Link no Texto\" data-track-links=\"\">O alvo das investiga\u00e7\u00f5es \u00e9 a conduta de um tatuador, de 29 anos, que possui um est\u00fadio no qual foram realizadas as tatuagens no garoto.<\/p>\n<\/div>\n<div class=\"mc-column content-text active-extra-styles \" style=\"text-align: justify;\" data-block-type=\"unstyled\" data-block-weight=\"30\" data-block-id=\"4\">\n<p class=\"content-text__container \" data-track-category=\"Link no Texto\" data-track-links=\"\">Segundo o delegado Eliandro Renato dos Santos, respons\u00e1vel pela investiga\u00e7\u00e3o, o inqu\u00e9rito policial visa a apurar um eventual crime de les\u00e3o corporal grave por resultar em deformidade permanente no garoto.<\/p>\n<\/div>\n<div class=\"mc-column content-text active-extra-styles \" style=\"text-align: justify;\" data-block-type=\"unstyled\" data-block-weight=\"13\" data-block-id=\"5\">\n<p class=\"content-text__container \" data-track-category=\"Link no Texto\" data-track-links=\"\">A pena para o delito \u00e9 de dois a oito anos de reclus\u00e3o.<\/p>\n<\/div>\n<div class=\"mc-column content-text active-extra-styles \" style=\"text-align: justify;\" data-block-type=\"unstyled\" data-block-weight=\"26\" data-block-id=\"6\">\n<p class=\"content-text__container \" data-track-category=\"Link no Texto\" data-track-links=\"\">Quem procurou a Pol\u00edcia Civil para denunciar o caso foi a pr\u00f3pria m\u00e3e do adolescente, que, segundo o delegado, estava \u201cnervosa\u201d e \u201cinconformada\u201d com o fato.<\/p>\n<\/div>\n<div class=\"mc-column content-text active-extra-styles\" style=\"text-align: justify;\" data-block-type=\"raw\" data-block-weight=\"57\" data-block-id=\"7\">\n<blockquote class=\"content-blockquote theme-border-color-primary-before\"><p>\u201cO adolescente mora com os pais, em Junqueir\u00f3polis, e a m\u00e3e nos procurou na Delegacia da Pol\u00edcia Civil muito preocupada, pois o seu filho havia aparecido em casa com v\u00e1rias tatuagens pelo corpo. S\u00e3o desenhos diversos. \u00c9 uma les\u00e3o grave, pois se trata de uma deformidade permanente, que n\u00e3o vai sair mais&#8221;, relatou o delegado ao\u00a0<strong>G1<\/strong>.<\/p><\/blockquote>\n<\/div>\n<div class=\"mc-column content-text active-extra-styles \" style=\"text-align: justify;\" data-block-type=\"unstyled\" data-block-weight=\"36\" data-block-id=\"8\">\n<p class=\"content-text__container \" data-track-category=\"Link no Texto\" data-track-links=\"\">&#8220;Temos um prazo de 30 dias para concluir o inqu\u00e9rito, que pode ser prorrogado, se houver a necessidade. No curso do inqu\u00e9rito, as investiga\u00e7\u00f5es v\u00e3o apurar a responsabilidade ou n\u00e3o do tatuador\u201d, salientou Santos ao\u00a0<strong>G1<\/strong>.<\/p>\n<\/div>\n<div class=\"mc-column content-text active-extra-styles \" style=\"text-align: justify;\" data-block-type=\"unstyled\" data-block-weight=\"22\" data-block-id=\"10\">\n<p class=\"content-text__container \" data-track-category=\"Link no Texto\" data-track-links=\"\">O delegado requisitou que o adolescente seja submetido ao exame de corpo de delito, no Instituto M\u00e9dico Legal (IML), em Dracena (SP).<\/p>\n<\/div>\n<div class=\"mc-column content-text active-extra-styles \" style=\"text-align: justify;\" data-block-type=\"unstyled\" data-block-weight=\"16\" data-block-id=\"11\">\n<p class=\"content-text__container \" data-track-category=\"Link no Texto\" data-track-links=\"\">A Pol\u00edcia Civil espera receber em at\u00e9 30 dias um laudo do IML sobre o caso.<\/p>\n<\/div>\n<div class=\"mc-column content-text active-extra-styles \" style=\"text-align: justify;\" data-block-type=\"unstyled\" data-block-weight=\"44\" data-block-id=\"12\">\n<p class=\"content-text__container \" data-track-category=\"Link no Texto\" data-track-links=\"\">\u201cO objetivo do laudo \u00e9 identificar a materialidade do delito. Atrav\u00e9s do laudo, vamos documentar a prova da materialidade. Ainda durante as investiga\u00e7\u00f5es, vamos ouvir a m\u00e3e do garoto, o pr\u00f3prio adolescente e testemunhas. Por \u00faltimo, vamos ouvir o tatuador\u201d, explicou Santos ao\u00a0<strong>G1<\/strong>.<\/p>\n<\/div>\n<div class=\"mc-column content-text active-extra-styles \" style=\"text-align: justify;\" data-block-type=\"unstyled\" data-block-weight=\"51\" data-block-id=\"13\">\n<p class=\"content-text__container \" data-track-category=\"Link no Texto\" data-track-links=\"\">O delegado lembrou ao\u00a0<strong>G1<\/strong>\u00a0que, no Estado de S\u00e3o Paulo, existe a lei 9.828\/97, que pro\u00edbe a realiza\u00e7\u00e3o de tatuagens em menores de 18 anos de idade mesmo com autoriza\u00e7\u00e3o dos pais ou respons\u00e1veis. Esta lei prev\u00ea, inclusive, o fechamento do estabelecimento comercial em caso de descumprimento da determina\u00e7\u00e3o.<\/p>\n<\/div>\n<div class=\"mc-column content-text active-extra-styles \" data-block-type=\"unstyled\" data-block-weight=\"25\" data-block-id=\"14\">\n<p class=\"content-text__container \" style=\"text-align: justify;\" data-track-category=\"Link no Texto\" data-track-links=\"\">Por isso, com base na referida lei, o delegado vai comunicar a Vigil\u00e2ncia Sanit\u00e1ria para que tome as medidas administrativas cab\u00edveis ao caso em Junqueir\u00f3polis.<\/p>\n<p data-track-category=\"Link no Texto\" data-track-links=\"\">Fonte: G1<\/p>\n<\/div>\n<\/div>\n","protected":false},"excerpt":{"rendered":"<p>Delegado Eliandro Renato dos Santos apura um eventual crime de les\u00e3o corporal grave por resultar em deformidade permanente no garoto, em Junqueir\u00f3polis. A Pol\u00edcia Civil instaurou inqu\u00e9rito para investigar as circunst\u00e2ncias que levaram um adolescente de 15 anos, morador de\u00a0Junqueir\u00f3polis (SP), a aparecer em casa com v\u00e1rias tatuagens de desenhos pelo corpo que foram feitas [&hellip;]<\/p>\n","protected":false},"author":1,"featured_media":5882,"comment_status":"closed","ping_status":"open","sticky":false,"template":"","format":"standard","meta":{"footnotes":""},"categories":[110,2],"tags":[],"class_list":["post-5881","post","type-post","status-publish","format-standard","has-post-thumbnail","hentry","category-noticiasdestaque","category-policial"],"_links":{"self":[{"href":"https:\/\/jorgezanoni.com.br\/2019\/wp-json\/wp\/v2\/posts\/5881","targetHints":{"allow":["GET"]}}],"collection":[{"href":"https:\/\/jorgezanoni.com.br\/2019\/wp-json\/wp\/v2\/posts"}],"about":[{"href":"https:\/\/jorgezanoni.com.br\/2019\/wp-json\/wp\/v2\/types\/post"}],"author":[{"embeddable":true,"href":"https:\/\/jorgezanoni.com.br\/2019\/wp-json\/wp\/v2\/users\/1"}],"replies":[{"embeddable":true,"href":"https:\/\/jorgezanoni.com.br\/2019\/wp-json\/wp\/v2\/comments?post=5881"}],"version-history":[{"count":0,"href":"https:\/\/jorgezanoni.com.br\/2019\/wp-json\/wp\/v2\/posts\/5881\/revisions"}],"wp:featuredmedia":[{"embeddable":true,"href":"https:\/\/jorgezanoni.com.br\/2019\/wp-json\/wp\/v2\/media\/5882"}],"wp:attachment":[{"href":"https:\/\/jorgezanoni.com.br\/2019\/wp-json\/wp\/v2\/media?parent=5881"}],"wp:term":[{"taxonomy":"category","embeddable":true,"href":"https:\/\/jorgezanoni.com.br\/2019\/wp-json\/wp\/v2\/categories?post=5881"},{"taxonomy":"post_tag","embeddable":true,"href":"https:\/\/jorgezanoni.com.br\/2019\/wp-json\/wp\/v2\/tags?post=5881"}],"curies":[{"name":"wp","href":"https:\/\/api.w.org\/{rel}","templated":true}]}}