{"id":58781,"date":"2022-01-16T21:20:11","date_gmt":"2022-01-16T21:20:11","guid":{"rendered":"https:\/\/jorgezanoni.com.br\/2019\/?p=58781"},"modified":"2022-01-16T21:20:11","modified_gmt":"2022-01-16T21:20:11","slug":"teste-covid-19-amanha-no-laboratorio-mastellini-em-dracena","status":"publish","type":"post","link":"https:\/\/jorgezanoni.com.br\/2019\/teste-covid-19-amanha-no-laboratorio-mastellini-em-dracena\/","title":{"rendered":"TESTE COVID-19: Amanh\u00e3 no LABORAT\u00d3RIO MASTELLINI em Dracena"},"content":{"rendered":"<p style=\"text-align: justify;\"><strong>Dracena e regi\u00e3o conta a partir desta segunda-feira (17) \u00e0s 07:00 Horas, com o Labor\u00e1rio Mastellini.<\/strong><\/p>\n<p style=\"text-align: justify;\"><strong>COLETA PARA TESTE COVID-19 (Swab Nasal) EM SISTEMA DRIVE-THRU.<\/strong><\/p>\n<p style=\"text-align: justify;\">Unidade Dracena: Avenida Presidente Vargas, 1006, esquina com a Avenida Rui Barbosa (Rua da Feira).<\/p>\n<p style=\"text-align: justify;\">Fones: 3821-5356 e 99667 5289 (ZAP)<\/p>\n<p><img loading=\"lazy\" decoding=\"async\" class=\"alignnone size-full wp-image-58783\" src=\"https:\/\/jorgezanoni.com.br\/2019\/wp-content\/uploads\/2022\/01\/Martelini-1-2.jpg\" alt=\"\" width=\"690\" height=\"791\" srcset=\"https:\/\/jorgezanoni.com.br\/2019\/wp-content\/uploads\/2022\/01\/Martelini-1-2.jpg 690w, https:\/\/jorgezanoni.com.br\/2019\/wp-content\/uploads\/2022\/01\/Martelini-1-2-262x300.jpg 262w, https:\/\/jorgezanoni.com.br\/2019\/wp-content\/uploads\/2022\/01\/Martelini-1-2-366x420.jpg 366w\" sizes=\"auto, (max-width: 690px) 100vw, 690px\" \/><\/p>\n<p>&nbsp;<\/p>\n","protected":false},"excerpt":{"rendered":"<p>Dracena e regi\u00e3o conta a partir desta segunda-feira (17) \u00e0s 07:00 Horas, com o Labor\u00e1rio Mastellini. COLETA PARA TESTE COVID-19 (Swab Nasal) EM SISTEMA DRIVE-THRU. Unidade Dracena: Avenida Presidente Vargas, 1006, esquina com a Avenida Rui Barbosa (Rua da Feira). Fones: 3821-5356 e 99667 5289 (ZAP) &nbsp;<\/p>\n","protected":false},"author":1,"featured_media":58783,"comment_status":"closed","ping_status":"open","sticky":false,"template":"","format":"standard","meta":{"footnotes":""},"categories":[179,184,110,122],"tags":[],"class_list":["post-58781","post","type-post","status-publish","format-standard","has-post-thumbnail","hentry","category-cidadeseregiao","category-dracena","category-noticiasdestaque","category-saudeeducacaoeconcurso"],"_links":{"self":[{"href":"https:\/\/jorgezanoni.com.br\/2019\/wp-json\/wp\/v2\/posts\/58781","targetHints":{"allow":["GET"]}}],"collection":[{"href":"https:\/\/jorgezanoni.com.br\/2019\/wp-json\/wp\/v2\/posts"}],"about":[{"href":"https:\/\/jorgezanoni.com.br\/2019\/wp-json\/wp\/v2\/types\/post"}],"author":[{"embeddable":true,"href":"https:\/\/jorgezanoni.com.br\/2019\/wp-json\/wp\/v2\/users\/1"}],"replies":[{"embeddable":true,"href":"https:\/\/jorgezanoni.com.br\/2019\/wp-json\/wp\/v2\/comments?post=58781"}],"version-history":[{"count":0,"href":"https:\/\/jorgezanoni.com.br\/2019\/wp-json\/wp\/v2\/posts\/58781\/revisions"}],"wp:featuredmedia":[{"embeddable":true,"href":"https:\/\/jorgezanoni.com.br\/2019\/wp-json\/wp\/v2\/media\/58783"}],"wp:attachment":[{"href":"https:\/\/jorgezanoni.com.br\/2019\/wp-json\/wp\/v2\/media?parent=58781"}],"wp:term":[{"taxonomy":"category","embeddable":true,"href":"https:\/\/jorgezanoni.com.br\/2019\/wp-json\/wp\/v2\/categories?post=58781"},{"taxonomy":"post_tag","embeddable":true,"href":"https:\/\/jorgezanoni.com.br\/2019\/wp-json\/wp\/v2\/tags?post=58781"}],"curies":[{"name":"wp","href":"https:\/\/api.w.org\/{rel}","templated":true}]}}