{"id":58744,"date":"2022-01-15T21:40:51","date_gmt":"2022-01-15T21:40:51","guid":{"rendered":"https:\/\/jorgezanoni.com.br\/2019\/?p=58744"},"modified":"2022-01-15T21:43:05","modified_gmt":"2022-01-15T21:43:05","slug":"veja-qual-o-valor-que-prefeito-vice-e-vereadores-de-dracena-podem-ganhar-a-partir-deste-mes-de-janeiro-22","status":"publish","type":"post","link":"https:\/\/jorgezanoni.com.br\/2019\/veja-qual-o-valor-que-prefeito-vice-e-vereadores-de-dracena-podem-ganhar-a-partir-deste-mes-de-janeiro-22\/","title":{"rendered":"Veja qual o valor que Prefeito, Vice e Vereadores de Dracena podem ganhar a partir deste m\u00eas de janeiro\/22"},"content":{"rendered":"<p style=\"text-align: justify;\">Na segunda-feira (17), entre diversos projetos a serem discutidos e votados na C\u00e2mara Municipal de Dracena, est\u00e1 os Subs\u00eddios para ser aprovado do Prefeito Municipal, Vice-Prefeito, Secret\u00e1rios e Vereadores.<\/p>\n<p style=\"text-align: justify;\">Veja os valores que ser\u00e3o votados:<\/p>\n<p><img loading=\"lazy\" decoding=\"async\" class=\"alignnone size-full wp-image-58745\" src=\"https:\/\/jorgezanoni.com.br\/2019\/wp-content\/uploads\/2022\/01\/aumento.jpg\" alt=\"\" width=\"882\" height=\"812\" srcset=\"https:\/\/jorgezanoni.com.br\/2019\/wp-content\/uploads\/2022\/01\/aumento.jpg 882w, https:\/\/jorgezanoni.com.br\/2019\/wp-content\/uploads\/2022\/01\/aumento-300x276.jpg 300w, https:\/\/jorgezanoni.com.br\/2019\/wp-content\/uploads\/2022\/01\/aumento-768x707.jpg 768w, https:\/\/jorgezanoni.com.br\/2019\/wp-content\/uploads\/2022\/01\/aumento-696x641.jpg 696w, https:\/\/jorgezanoni.com.br\/2019\/wp-content\/uploads\/2022\/01\/aumento-456x420.jpg 456w\" sizes=\"auto, (max-width: 882px) 100vw, 882px\" \/><\/p>\n<p style=\"text-align: justify;\">Vice-prefeito no caso Presidente da EMDAEP, n\u00e3o acumula sal\u00e1rios, recebendo s\u00f3 da Empresa.<\/p>\n<p style=\"font-weight: 400; text-align: justify;\">Se no mandato passado os vereadores evitaram reposi\u00e7\u00f5es inflacion\u00e1rias por causa da pandemia e outros motivos, a atual mesa diretora da C\u00e2mara, com a assinatura de tr\u00eas dos quatro vereadores, quer 10,06% para os edis. Isso d\u00e1 R$ 75 mil a mais de despesa por ano. O subs\u00eddio mensal do vereador pode subir para R$ 4.947,56 e do presidente para R$ 6.061,13.<\/p>\n<p style=\"font-weight: 400; text-align: justify;\">Eleitores confiaram que a atual C\u00e2mara seria respons\u00e1vel pela redu\u00e7\u00e3o dos valores de sal\u00e1rios dos vereadores e at\u00e9 do n\u00famero de cadeiras. Foram feitas promessas neste sentido. Por\u00e9m, um aumento em plena pandemia pegou muito mal para os autores da proposta. Precisa ver em plen\u00e1rio qual vai ser a vota\u00e7\u00e3o dos vereadores.<\/p>\n<p style=\"font-weight: 400; text-align: justify;\">O subs\u00eddio do prefeito pode subir para R$ 21.514,06. Dos secret\u00e1rios pode ir a R$ 7.112,09. O valor fixado para vice-prefeito ser\u00e1 de R$ 8.605,60, por\u00e9m o atual ocupante do cargo recebe apenas o pagamento pela presid\u00eancia da EMDAP. N\u00e3o se pode acumular os dois valores (vice mais presidente da empresa municipal).<\/p>\n<p>Fonte: Bastidores da Not\u00edcia<\/p>\n<p>Imagem Ilustrativa<\/p>\n<p>Comp. Jorge Zanoni<\/p>\n","protected":false},"excerpt":{"rendered":"<p>Na segunda-feira (17), entre diversos projetos a serem discutidos e votados na C\u00e2mara Municipal de Dracena, est\u00e1 os Subs\u00eddios para ser aprovado do Prefeito Municipal, Vice-Prefeito, Secret\u00e1rios e Vereadores. Veja os valores que ser\u00e3o votados: Vice-prefeito no caso Presidente da EMDAEP, n\u00e3o acumula sal\u00e1rios, recebendo s\u00f3 da Empresa. Se no mandato passado os vereadores evitaram [&hellip;]<\/p>\n","protected":false},"author":1,"featured_media":58746,"comment_status":"closed","ping_status":"open","sticky":false,"template":"","format":"standard","meta":{"footnotes":""},"categories":[179,184,110,116],"tags":[],"class_list":["post-58744","post","type-post","status-publish","format-standard","has-post-thumbnail","hentry","category-cidadeseregiao","category-dracena","category-noticiasdestaque","category-politicaeeconomia"],"_links":{"self":[{"href":"https:\/\/jorgezanoni.com.br\/2019\/wp-json\/wp\/v2\/posts\/58744","targetHints":{"allow":["GET"]}}],"collection":[{"href":"https:\/\/jorgezanoni.com.br\/2019\/wp-json\/wp\/v2\/posts"}],"about":[{"href":"https:\/\/jorgezanoni.com.br\/2019\/wp-json\/wp\/v2\/types\/post"}],"author":[{"embeddable":true,"href":"https:\/\/jorgezanoni.com.br\/2019\/wp-json\/wp\/v2\/users\/1"}],"replies":[{"embeddable":true,"href":"https:\/\/jorgezanoni.com.br\/2019\/wp-json\/wp\/v2\/comments?post=58744"}],"version-history":[{"count":0,"href":"https:\/\/jorgezanoni.com.br\/2019\/wp-json\/wp\/v2\/posts\/58744\/revisions"}],"wp:featuredmedia":[{"embeddable":true,"href":"https:\/\/jorgezanoni.com.br\/2019\/wp-json\/wp\/v2\/media\/58746"}],"wp:attachment":[{"href":"https:\/\/jorgezanoni.com.br\/2019\/wp-json\/wp\/v2\/media?parent=58744"}],"wp:term":[{"taxonomy":"category","embeddable":true,"href":"https:\/\/jorgezanoni.com.br\/2019\/wp-json\/wp\/v2\/categories?post=58744"},{"taxonomy":"post_tag","embeddable":true,"href":"https:\/\/jorgezanoni.com.br\/2019\/wp-json\/wp\/v2\/tags?post=58744"}],"curies":[{"name":"wp","href":"https:\/\/api.w.org\/{rel}","templated":true}]}}