{"id":58741,"date":"2022-01-15T21:09:17","date_gmt":"2022-01-15T21:09:17","guid":{"rendered":"https:\/\/jorgezanoni.com.br\/2019\/?p=58741"},"modified":"2022-01-15T21:09:17","modified_gmt":"2022-01-15T21:09:17","slug":"policia-militar-apreende-adolescente-por-ato-infracional-de-furto-e-devolve-produto-furtado-a-vitima-em-junqueiropolis","status":"publish","type":"post","link":"https:\/\/jorgezanoni.com.br\/2019\/policia-militar-apreende-adolescente-por-ato-infracional-de-furto-e-devolve-produto-furtado-a-vitima-em-junqueiropolis\/","title":{"rendered":"Pol\u00edcia Militar apreende adolescente por ato infracional de furto e devolve produto furtado a v\u00edtima em Junqueir\u00f3polis"},"content":{"rendered":"<p style=\"text-align: justify;\"><strong>POLICIA MILITAR EM JUNQUEIR\u00d3POLIS APREENDE ADOLESCENTE POR ATO INFRACIONAL DE FURTO E DEVOLVE PRODUTO FURTADO A V\u00cdTIMA.<\/strong><\/p>\n<p style=\"text-align: justify;\">OCORR\u00caNCIA IRRADIADA VIA COPOM DE DESINTELIG\u00caNCIA. PELO LOCAL DOS FATOS FOI CONSTATADO QUE SE TRATAVA DE UM FURTO DE CELULAR. EM CONTATO COM A V\u00cdTIMA, MULHER DE 31 ANOS, ESTA DECLAROU QUE ENQUANTO ESTAVA DANDO BANHO EM SUA FILHA, A MENOR DE 14 ANOS ADENTROU SUA CASA E FURTOU SEU CELULAR DA MARCA SAMSUNG MODELO GALAX J5 DE COR PRETA E QUE POSSIVELMENTE ESTARIA PELO BAIRRO JARDIM ALVORADA. DURANTE DILIG\u00caNCIA LOGRAMOS \u00caXITO EM LOCALIZAR A MENOR NO CRUZAMENTO DAS RUAS S\u00c3O SALVADOR COM RUA S\u00c3O VICENTE DE PAULA. FOI REALIZADO A ABORDAGEM PESSOAL E NADA DE IL\u00cdCITO FOI ENCONTRADO, INDAGADA SOBRE O FURTO NEGOU NO PRIMEIRO MOMENTO, POR\u00c9M EM NOVA ENTREVISTA CONFESSOU A PR\u00c1TICA DO IL\u00cdCITO E INFORMOU QUE A R\u00c9S FURTIVA ESTARIA DENTRO DE UM BUEIRO DE DRENAGEM PELA AVENIDA JUNQUEIRA ALTURA DO N\u00daMERO 2300. PELO LOCAL FOI POSS\u00cdVEL VISUALIZAR O APARELHO CELULAR NO FUNDO DO BUEIRO QUE TERIA COMO PROFUNDIDADE APROXIMADAMENTE 4 METROS. COM O AUX\u00cdLIO DE CORDAS E T\u00c9CNICAS DE RAPEL FOI RESGATADO O CELULAR. FOI DADA VOZ DE APREENS\u00c3O DE ATO INFRACIONAL DE FURTO SENDO REALIZADO BOPC DE ATO INFRACIONAL DE FURTO OUVINDO A MENOR DE 14 ANOS E LIBERANDO EM SEGUIDA.<\/p>\n<p style=\"text-align: justify;\">Fonte: Com. Social Pol\u00edcia Militar<\/p>\n","protected":false},"excerpt":{"rendered":"<p>POLICIA MILITAR EM JUNQUEIR\u00d3POLIS APREENDE ADOLESCENTE POR ATO INFRACIONAL DE FURTO E DEVOLVE PRODUTO FURTADO A V\u00cdTIMA. OCORR\u00caNCIA IRRADIADA VIA COPOM DE DESINTELIG\u00caNCIA. PELO LOCAL DOS FATOS FOI CONSTATADO QUE SE TRATAVA DE UM FURTO DE CELULAR. EM CONTATO COM A V\u00cdTIMA, MULHER DE 31 ANOS, ESTA DECLAROU QUE ENQUANTO ESTAVA DANDO BANHO EM SUA [&hellip;]<\/p>\n","protected":false},"author":1,"featured_media":58742,"comment_status":"closed","ping_status":"open","sticky":false,"template":"","format":"standard","meta":{"footnotes":""},"categories":[110,2],"tags":[],"class_list":["post-58741","post","type-post","status-publish","format-standard","has-post-thumbnail","hentry","category-noticiasdestaque","category-policial"],"_links":{"self":[{"href":"https:\/\/jorgezanoni.com.br\/2019\/wp-json\/wp\/v2\/posts\/58741","targetHints":{"allow":["GET"]}}],"collection":[{"href":"https:\/\/jorgezanoni.com.br\/2019\/wp-json\/wp\/v2\/posts"}],"about":[{"href":"https:\/\/jorgezanoni.com.br\/2019\/wp-json\/wp\/v2\/types\/post"}],"author":[{"embeddable":true,"href":"https:\/\/jorgezanoni.com.br\/2019\/wp-json\/wp\/v2\/users\/1"}],"replies":[{"embeddable":true,"href":"https:\/\/jorgezanoni.com.br\/2019\/wp-json\/wp\/v2\/comments?post=58741"}],"version-history":[{"count":0,"href":"https:\/\/jorgezanoni.com.br\/2019\/wp-json\/wp\/v2\/posts\/58741\/revisions"}],"wp:featuredmedia":[{"embeddable":true,"href":"https:\/\/jorgezanoni.com.br\/2019\/wp-json\/wp\/v2\/media\/58742"}],"wp:attachment":[{"href":"https:\/\/jorgezanoni.com.br\/2019\/wp-json\/wp\/v2\/media?parent=58741"}],"wp:term":[{"taxonomy":"category","embeddable":true,"href":"https:\/\/jorgezanoni.com.br\/2019\/wp-json\/wp\/v2\/categories?post=58741"},{"taxonomy":"post_tag","embeddable":true,"href":"https:\/\/jorgezanoni.com.br\/2019\/wp-json\/wp\/v2\/tags?post=58741"}],"curies":[{"name":"wp","href":"https:\/\/api.w.org\/{rel}","templated":true}]}}