{"id":58691,"date":"2022-01-14T17:05:44","date_gmt":"2022-01-14T17:05:44","guid":{"rendered":"https:\/\/jorgezanoni.com.br\/2019\/?p=58691"},"modified":"2022-01-14T17:05:44","modified_gmt":"2022-01-14T17:05:44","slug":"reclamacao-da-populacao-lampadas-so-servem-de-enfeite-em-avenida","status":"publish","type":"post","link":"https:\/\/jorgezanoni.com.br\/2019\/reclamacao-da-populacao-lampadas-so-servem-de-enfeite-em-avenida\/","title":{"rendered":"RECLAMA\u00c7\u00c3O DA POPULA\u00c7\u00c3O: L\u00e2mpadas s\u00f3 servem de enfeite em Avenida"},"content":{"rendered":"<p style=\"text-align: justify;\"><strong>Moradores da Avenida Jos\u00e9 Bonif\u00e1cio garantem que l\u00e2mpadas est\u00e3o apagadas h\u00e1 mais de ano e ningu\u00e9m resolve.<\/strong><\/p>\n<p style=\"text-align: justify;\">O problema ocorre na Avenida entre as Ruas Dom Pedro e Fid\u00e9lis Paulino de Arruda. Segundo eles, as tais l\u00e2mpadas de Led funcionaram s\u00f3 no dia que ligou e nunca mais, portanto j\u00e1 fez anivers\u00e1rio.<\/p>\n<p style=\"text-align: justify;\">Ligar na Prefeitura, Concession\u00e1ria respons\u00e1vel ou empresa contratada al\u00e9m de alguns vereadores e secret\u00e1rios procurados, n\u00e3o tem resolvido. N\u00e3o sabem mais a quem recorrer.<\/p>\n<p style=\"text-align: justify;\">Pedem os pagadores de impostos que alguma provid\u00eancia seja tomada, pois o local e muito movimentado e tem que funcionar o servi\u00e7o prestado e que \u00e9 pago.<\/p>\n<p><img loading=\"lazy\" decoding=\"async\" class=\"alignnone size-full wp-image-58692\" src=\"https:\/\/jorgezanoni.com.br\/2019\/wp-content\/uploads\/2022\/01\/lampa-2.jpg\" alt=\"\" width=\"720\" height=\"638\" srcset=\"https:\/\/jorgezanoni.com.br\/2019\/wp-content\/uploads\/2022\/01\/lampa-2.jpg 720w, https:\/\/jorgezanoni.com.br\/2019\/wp-content\/uploads\/2022\/01\/lampa-2-300x266.jpg 300w, https:\/\/jorgezanoni.com.br\/2019\/wp-content\/uploads\/2022\/01\/lampa-2-696x617.jpg 696w, https:\/\/jorgezanoni.com.br\/2019\/wp-content\/uploads\/2022\/01\/lampa-2-474x420.jpg 474w\" sizes=\"auto, (max-width: 720px) 100vw, 720px\" \/> <img loading=\"lazy\" decoding=\"async\" class=\"alignnone size-full wp-image-58694\" src=\"https:\/\/jorgezanoni.com.br\/2019\/wp-content\/uploads\/2022\/01\/lampa2-2.jpg\" alt=\"\" width=\"645\" height=\"653\" srcset=\"https:\/\/jorgezanoni.com.br\/2019\/wp-content\/uploads\/2022\/01\/lampa2-2.jpg 645w, https:\/\/jorgezanoni.com.br\/2019\/wp-content\/uploads\/2022\/01\/lampa2-2-296x300.jpg 296w, https:\/\/jorgezanoni.com.br\/2019\/wp-content\/uploads\/2022\/01\/lampa2-2-415x420.jpg 415w\" sizes=\"auto, (max-width: 645px) 100vw, 645px\" \/><\/p>\n<p>Jorge Zanoni<\/p>\n<p>Fotos de Internauta<\/p>\n<p style=\"text-align: justify;\">\n<p>&nbsp;<\/p>\n<p>&nbsp;<\/p>\n","protected":false},"excerpt":{"rendered":"<p>Moradores da Avenida Jos\u00e9 Bonif\u00e1cio garantem que l\u00e2mpadas est\u00e3o apagadas h\u00e1 mais de ano e ningu\u00e9m resolve. O problema ocorre na Avenida entre as Ruas Dom Pedro e Fid\u00e9lis Paulino de Arruda. Segundo eles, as tais l\u00e2mpadas de Led funcionaram s\u00f3 no dia que ligou e nunca mais, portanto j\u00e1 fez anivers\u00e1rio. Ligar na Prefeitura, [&hellip;]<\/p>\n","protected":false},"author":1,"featured_media":58693,"comment_status":"closed","ping_status":"open","sticky":false,"template":"","format":"standard","meta":{"footnotes":""},"categories":[179,184,110],"tags":[],"class_list":["post-58691","post","type-post","status-publish","format-standard","has-post-thumbnail","hentry","category-cidadeseregiao","category-dracena","category-noticiasdestaque"],"_links":{"self":[{"href":"https:\/\/jorgezanoni.com.br\/2019\/wp-json\/wp\/v2\/posts\/58691","targetHints":{"allow":["GET"]}}],"collection":[{"href":"https:\/\/jorgezanoni.com.br\/2019\/wp-json\/wp\/v2\/posts"}],"about":[{"href":"https:\/\/jorgezanoni.com.br\/2019\/wp-json\/wp\/v2\/types\/post"}],"author":[{"embeddable":true,"href":"https:\/\/jorgezanoni.com.br\/2019\/wp-json\/wp\/v2\/users\/1"}],"replies":[{"embeddable":true,"href":"https:\/\/jorgezanoni.com.br\/2019\/wp-json\/wp\/v2\/comments?post=58691"}],"version-history":[{"count":0,"href":"https:\/\/jorgezanoni.com.br\/2019\/wp-json\/wp\/v2\/posts\/58691\/revisions"}],"wp:featuredmedia":[{"embeddable":true,"href":"https:\/\/jorgezanoni.com.br\/2019\/wp-json\/wp\/v2\/media\/58693"}],"wp:attachment":[{"href":"https:\/\/jorgezanoni.com.br\/2019\/wp-json\/wp\/v2\/media?parent=58691"}],"wp:term":[{"taxonomy":"category","embeddable":true,"href":"https:\/\/jorgezanoni.com.br\/2019\/wp-json\/wp\/v2\/categories?post=58691"},{"taxonomy":"post_tag","embeddable":true,"href":"https:\/\/jorgezanoni.com.br\/2019\/wp-json\/wp\/v2\/tags?post=58691"}],"curies":[{"name":"wp","href":"https:\/\/api.w.org\/{rel}","templated":true}]}}