{"id":58668,"date":"2022-01-14T13:40:49","date_gmt":"2022-01-14T13:40:49","guid":{"rendered":"https:\/\/jorgezanoni.com.br\/2019\/?p=58668"},"modified":"2022-01-14T13:48:43","modified_gmt":"2022-01-14T13:48:43","slug":"dois-obitos-sao-confirmados-por-covid-19-em-dracena","status":"publish","type":"post","link":"https:\/\/jorgezanoni.com.br\/2019\/dois-obitos-sao-confirmados-por-covid-19-em-dracena\/","title":{"rendered":"Dois \u00f3bitos s\u00e3o confirmados por COVID-19 em Dracena"},"content":{"rendered":"<div class=\"kvgmc6g5 cxmmr5t8 oygrvhab hcukyx3x c1et5uql ii04i59q\">\n<div dir=\"auto\">\u00d3BITOS POR COVID 19<\/div>\n<\/div>\n<div class=\"cxmmr5t8 oygrvhab hcukyx3x c1et5uql o9v6fnle ii04i59q\">\n<div dir=\"auto\">A Vigil\u00e2ncia Epidemiol\u00f3gica informa o falecimento de duas pessoas de Dracena v\u00edtimas da covid 19<\/div>\n<div dir=\"auto\"><\/div>\n<\/div>\n<div class=\"cxmmr5t8 oygrvhab hcukyx3x c1et5uql o9v6fnle ii04i59q\">\n<div dir=\"auto\">\u00d3bito 265<\/div>\n<div dir=\"auto\">Homem, 62 anos, ocorrido no dia 30\/12\/2021 \u00e0s 7h05, na Santa Casa de Presidente Prudente.<\/div>\n<div dir=\"auto\"><\/div>\n<\/div>\n<div class=\"cxmmr5t8 oygrvhab hcukyx3x c1et5uql o9v6fnle ii04i59q\">\n<div dir=\"auto\">\u00d3bito 266<\/div>\n<div dir=\"auto\">Homem, 59 anos, ocorrido hoje, 14\/01, \u00e0s 4h40, na Santa Casa de Dracena.<\/div>\n<div dir=\"auto\"><\/div>\n<\/div>\n<div class=\"cxmmr5t8 oygrvhab hcukyx3x c1et5uql o9v6fnle ii04i59q\">\n<div dir=\"auto\">A administra\u00e7\u00e3o municipal, em nome do prefeito Andr\u00e9 Lemos se solidariza com os familiares e amigos.<\/div>\n<div dir=\"auto\"><\/div>\n<\/div>\n<div dir=\"auto\">Fonte: Diretoria de Comunica\u00e7\u00e3o<\/div>\n<div dir=\"auto\"><\/div>\n<div dir=\"auto\">Comp. Jorge Zanoni<\/div>\n","protected":false},"excerpt":{"rendered":"<p>\u00d3BITOS POR COVID 19 A Vigil\u00e2ncia Epidemiol\u00f3gica informa o falecimento de duas pessoas de Dracena v\u00edtimas da covid 19 \u00d3bito 265 Homem, 62 anos, ocorrido no dia 30\/12\/2021 \u00e0s 7h05, na Santa Casa de Presidente Prudente. \u00d3bito 266 Homem, 59 anos, ocorrido hoje, 14\/01, \u00e0s 4h40, na Santa Casa de Dracena. A administra\u00e7\u00e3o municipal, em [&hellip;]<\/p>\n","protected":false},"author":1,"featured_media":58669,"comment_status":"closed","ping_status":"open","sticky":false,"template":"","format":"standard","meta":{"footnotes":""},"categories":[178,110],"tags":[],"class_list":["post-58668","post","type-post","status-publish","format-standard","has-post-thumbnail","hentry","category-notadefalecimento","category-noticiasdestaque"],"_links":{"self":[{"href":"https:\/\/jorgezanoni.com.br\/2019\/wp-json\/wp\/v2\/posts\/58668","targetHints":{"allow":["GET"]}}],"collection":[{"href":"https:\/\/jorgezanoni.com.br\/2019\/wp-json\/wp\/v2\/posts"}],"about":[{"href":"https:\/\/jorgezanoni.com.br\/2019\/wp-json\/wp\/v2\/types\/post"}],"author":[{"embeddable":true,"href":"https:\/\/jorgezanoni.com.br\/2019\/wp-json\/wp\/v2\/users\/1"}],"replies":[{"embeddable":true,"href":"https:\/\/jorgezanoni.com.br\/2019\/wp-json\/wp\/v2\/comments?post=58668"}],"version-history":[{"count":0,"href":"https:\/\/jorgezanoni.com.br\/2019\/wp-json\/wp\/v2\/posts\/58668\/revisions"}],"wp:featuredmedia":[{"embeddable":true,"href":"https:\/\/jorgezanoni.com.br\/2019\/wp-json\/wp\/v2\/media\/58669"}],"wp:attachment":[{"href":"https:\/\/jorgezanoni.com.br\/2019\/wp-json\/wp\/v2\/media?parent=58668"}],"wp:term":[{"taxonomy":"category","embeddable":true,"href":"https:\/\/jorgezanoni.com.br\/2019\/wp-json\/wp\/v2\/categories?post=58668"},{"taxonomy":"post_tag","embeddable":true,"href":"https:\/\/jorgezanoni.com.br\/2019\/wp-json\/wp\/v2\/tags?post=58668"}],"curies":[{"name":"wp","href":"https:\/\/api.w.org\/{rel}","templated":true}]}}