{"id":58661,"date":"2022-01-14T00:35:32","date_gmt":"2022-01-14T00:35:32","guid":{"rendered":"https:\/\/jorgezanoni.com.br\/2019\/?p=58661"},"modified":"2022-01-14T00:35:32","modified_gmt":"2022-01-14T00:35:32","slug":"reclamacao-da-populacao-buracos-em-rua-do-jardim-bortolado-ii","status":"publish","type":"post","link":"https:\/\/jorgezanoni.com.br\/2019\/reclamacao-da-populacao-buracos-em-rua-do-jardim-bortolado-ii\/","title":{"rendered":"RECLAMA\u00c7\u00c3O DA POPULA\u00c7\u00c3O: Buracos em rua do Jardim Bortolado II"},"content":{"rendered":"<p style=\"text-align: justify;\">Moradores da Rua Dr. Gumercindo Correia de Almeida Moraes Junior no Jardim Bortolato II, pediram e a reportagem do Site JZ foi conferir a quantidade de buracos existentes.<\/p>\n<p style=\"text-align: justify;\">Realmente \u00e9 impressionante as crateras vistas pelo local, e em dias de chuva a situa\u00e7\u00e3o piora porque enchem de \u00e1gua.<\/p>\n<p style=\"text-align: justify;\">Segundo eles tapa-buracos n\u00e3o resolve mais, dado a quantidade. Pedem que seja providenciado um recapeamento no local.<\/p>\n<p><img loading=\"lazy\" decoding=\"async\" class=\"alignnone size-full wp-image-58663\" src=\"https:\/\/jorgezanoni.com.br\/2019\/wp-content\/uploads\/2022\/01\/Buraco-R.-Gumercindo-J.-Bortolato-13-01-22-3.jpg\" alt=\"\" width=\"800\" height=\"600\" srcset=\"https:\/\/jorgezanoni.com.br\/2019\/wp-content\/uploads\/2022\/01\/Buraco-R.-Gumercindo-J.-Bortolato-13-01-22-3.jpg 800w, https:\/\/jorgezanoni.com.br\/2019\/wp-content\/uploads\/2022\/01\/Buraco-R.-Gumercindo-J.-Bortolato-13-01-22-3-300x225.jpg 300w, https:\/\/jorgezanoni.com.br\/2019\/wp-content\/uploads\/2022\/01\/Buraco-R.-Gumercindo-J.-Bortolato-13-01-22-3-768x576.jpg 768w, https:\/\/jorgezanoni.com.br\/2019\/wp-content\/uploads\/2022\/01\/Buraco-R.-Gumercindo-J.-Bortolato-13-01-22-3-80x60.jpg 80w, https:\/\/jorgezanoni.com.br\/2019\/wp-content\/uploads\/2022\/01\/Buraco-R.-Gumercindo-J.-Bortolato-13-01-22-3-265x198.jpg 265w, https:\/\/jorgezanoni.com.br\/2019\/wp-content\/uploads\/2022\/01\/Buraco-R.-Gumercindo-J.-Bortolato-13-01-22-3-696x522.jpg 696w, https:\/\/jorgezanoni.com.br\/2019\/wp-content\/uploads\/2022\/01\/Buraco-R.-Gumercindo-J.-Bortolato-13-01-22-3-560x420.jpg 560w\" sizes=\"auto, (max-width: 800px) 100vw, 800px\" \/> <img loading=\"lazy\" decoding=\"async\" class=\"alignnone size-full wp-image-58664\" src=\"https:\/\/jorgezanoni.com.br\/2019\/wp-content\/uploads\/2022\/01\/Buraco-R.-Gumercindo-J.-Bortolato-13-01-22-4.jpg\" alt=\"\" width=\"800\" height=\"721\" srcset=\"https:\/\/jorgezanoni.com.br\/2019\/wp-content\/uploads\/2022\/01\/Buraco-R.-Gumercindo-J.-Bortolato-13-01-22-4.jpg 800w, https:\/\/jorgezanoni.com.br\/2019\/wp-content\/uploads\/2022\/01\/Buraco-R.-Gumercindo-J.-Bortolato-13-01-22-4-300x270.jpg 300w, https:\/\/jorgezanoni.com.br\/2019\/wp-content\/uploads\/2022\/01\/Buraco-R.-Gumercindo-J.-Bortolato-13-01-22-4-768x692.jpg 768w, https:\/\/jorgezanoni.com.br\/2019\/wp-content\/uploads\/2022\/01\/Buraco-R.-Gumercindo-J.-Bortolato-13-01-22-4-696x627.jpg 696w, https:\/\/jorgezanoni.com.br\/2019\/wp-content\/uploads\/2022\/01\/Buraco-R.-Gumercindo-J.-Bortolato-13-01-22-4-466x420.jpg 466w\" sizes=\"auto, (max-width: 800px) 100vw, 800px\" \/><img loading=\"lazy\" decoding=\"async\" class=\"alignnone size-full wp-image-58665\" src=\"https:\/\/jorgezanoni.com.br\/2019\/wp-content\/uploads\/2022\/01\/Buraco-R.-Gumercindo-J.-Bortolato-13-01-22-2-1.jpg\" alt=\"\" width=\"700\" height=\"525\" srcset=\"https:\/\/jorgezanoni.com.br\/2019\/wp-content\/uploads\/2022\/01\/Buraco-R.-Gumercindo-J.-Bortolato-13-01-22-2-1.jpg 700w, https:\/\/jorgezanoni.com.br\/2019\/wp-content\/uploads\/2022\/01\/Buraco-R.-Gumercindo-J.-Bortolato-13-01-22-2-1-300x225.jpg 300w, https:\/\/jorgezanoni.com.br\/2019\/wp-content\/uploads\/2022\/01\/Buraco-R.-Gumercindo-J.-Bortolato-13-01-22-2-1-80x60.jpg 80w, https:\/\/jorgezanoni.com.br\/2019\/wp-content\/uploads\/2022\/01\/Buraco-R.-Gumercindo-J.-Bortolato-13-01-22-2-1-265x198.jpg 265w, https:\/\/jorgezanoni.com.br\/2019\/wp-content\/uploads\/2022\/01\/Buraco-R.-Gumercindo-J.-Bortolato-13-01-22-2-1-696x522.jpg 696w, https:\/\/jorgezanoni.com.br\/2019\/wp-content\/uploads\/2022\/01\/Buraco-R.-Gumercindo-J.-Bortolato-13-01-22-2-1-560x420.jpg 560w\" sizes=\"auto, (max-width: 700px) 100vw, 700px\" \/><\/p>\n<p style=\"text-align: justify;\">Jorge Zanoni<\/p>\n","protected":false},"excerpt":{"rendered":"<p>Moradores da Rua Dr. Gumercindo Correia de Almeida Moraes Junior no Jardim Bortolato II, pediram e a reportagem do Site JZ foi conferir a quantidade de buracos existentes. Realmente \u00e9 impressionante as crateras vistas pelo local, e em dias de chuva a situa\u00e7\u00e3o piora porque enchem de \u00e1gua. Segundo eles tapa-buracos n\u00e3o resolve mais, dado [&hellip;]<\/p>\n","protected":false},"author":1,"featured_media":58664,"comment_status":"closed","ping_status":"open","sticky":false,"template":"","format":"standard","meta":{"footnotes":""},"categories":[179,184,110],"tags":[],"class_list":["post-58661","post","type-post","status-publish","format-standard","has-post-thumbnail","hentry","category-cidadeseregiao","category-dracena","category-noticiasdestaque"],"_links":{"self":[{"href":"https:\/\/jorgezanoni.com.br\/2019\/wp-json\/wp\/v2\/posts\/58661","targetHints":{"allow":["GET"]}}],"collection":[{"href":"https:\/\/jorgezanoni.com.br\/2019\/wp-json\/wp\/v2\/posts"}],"about":[{"href":"https:\/\/jorgezanoni.com.br\/2019\/wp-json\/wp\/v2\/types\/post"}],"author":[{"embeddable":true,"href":"https:\/\/jorgezanoni.com.br\/2019\/wp-json\/wp\/v2\/users\/1"}],"replies":[{"embeddable":true,"href":"https:\/\/jorgezanoni.com.br\/2019\/wp-json\/wp\/v2\/comments?post=58661"}],"version-history":[{"count":0,"href":"https:\/\/jorgezanoni.com.br\/2019\/wp-json\/wp\/v2\/posts\/58661\/revisions"}],"wp:featuredmedia":[{"embeddable":true,"href":"https:\/\/jorgezanoni.com.br\/2019\/wp-json\/wp\/v2\/media\/58664"}],"wp:attachment":[{"href":"https:\/\/jorgezanoni.com.br\/2019\/wp-json\/wp\/v2\/media?parent=58661"}],"wp:term":[{"taxonomy":"category","embeddable":true,"href":"https:\/\/jorgezanoni.com.br\/2019\/wp-json\/wp\/v2\/categories?post=58661"},{"taxonomy":"post_tag","embeddable":true,"href":"https:\/\/jorgezanoni.com.br\/2019\/wp-json\/wp\/v2\/tags?post=58661"}],"curies":[{"name":"wp","href":"https:\/\/api.w.org\/{rel}","templated":true}]}}